{"id":6260,"date":"2025-09-28T05:42:06","date_gmt":"2025-09-28T05:42:06","guid":{"rendered":"https:\/\/www.rengoenlanoticia.cl\/prensa\/?p=6260"},"modified":"2025-09-28T05:42:14","modified_gmt":"2025-09-28T05:42:14","slug":"entrega-de-16-vehiculos-para-carabineros-de-chile-realizo-el-gore","status":"publish","type":"post","link":"https:\/\/www.rengoenlanoticia.cl\/prensa\/2025\/09\/28\/entrega-de-16-vehiculos-para-carabineros-de-chile-realizo-el-gore\/","title":{"rendered":"Entrega de 16 veh\u00edculos para Carabineros de Chile, realiz\u00f3 el GORE"},"content":{"rendered":"\n<p>O`Higgins,representado por el gobernador y consejeros regionales.En la Plaza Los H\u00e9roes de Rancagua, con la presencia del Gobernador, Consejeros Regionales, Delegada Presidencial (s), Carabineros, Bomberos, Alcaldes, SEREMI,dirigentes y p\u00fablico en general, se hizo entrega de 16 veh\u00edculos que ser\u00e1n distribuidos en las comunas Rancagua, Rengo, Pichilemu, Peumo, Santa Cruz, San Vicente, y San Fernando. El objetivo es fortalecer la seguridad p\u00fablica, dando mayor capacidad de prevenci\u00f3n y acci\u00f3n a Carabineros de Chile, ante hechos delictuales.<\/p>\n\n\n\n<p>Son veh\u00edculos de alto est\u00e1ndar de calidad, todo terreno, que entregar\u00e1n mayor seguridada los funcionarios que la usen, considerando el alto nivel de delincuencia que tenemos y sobre todo el aumento del crimen organizado que avanza. Esta pol\u00edtica regional de invertir importante cantidad de recursos es un apoyo directo a las instituciones que realizan acciones que van en la l\u00ednea de una mayor seguridad para la ciudadan\u00eda. <\/p>\n\n\n\n<figure class=\"wp-block-image size-large\"><img loading=\"lazy\" decoding=\"async\" width=\"1024\" height=\"682\" src=\"https:\/\/www.rengoenlanoticia.cl\/prensa\/wp-content\/uploads\/2025\/09\/WhatsApp-Image-2025-09-26-at-15.38.23-1024x682.jpeg\" alt=\"\" class=\"wp-image-6262\" srcset=\"https:\/\/www.rengoenlanoticia.cl\/prensa\/wp-content\/uploads\/2025\/09\/WhatsApp-Image-2025-09-26-at-15.38.23-1024x682.jpeg 1024w, https:\/\/www.rengoenlanoticia.cl\/prensa\/wp-content\/uploads\/2025\/09\/WhatsApp-Image-2025-09-26-at-15.38.23-300x200.jpeg 300w, https:\/\/www.rengoenlanoticia.cl\/prensa\/wp-content\/uploads\/2025\/09\/WhatsApp-Image-2025-09-26-at-15.38.23-768x512.jpeg 768w, https:\/\/www.rengoenlanoticia.cl\/prensa\/wp-content\/uploads\/2025\/09\/WhatsApp-Image-2025-09-26-at-15.38.23-1536x1024.jpeg 1536w, https:\/\/www.rengoenlanoticia.cl\/prensa\/wp-content\/uploads\/2025\/09\/WhatsApp-Image-2025-09-26-at-15.38.23-2048x1365.jpeg 2048w, https:\/\/www.rengoenlanoticia.cl\/prensa\/wp-content\/uploads\/2025\/09\/WhatsApp-Image-2025-09-26-at-15.38.23-110x73.jpeg 110w, https:\/\/www.rengoenlanoticia.cl\/prensa\/wp-content\/uploads\/2025\/09\/WhatsApp-Image-2025-09-26-at-15.38.23-200x133.jpeg 200w, https:\/\/www.rengoenlanoticia.cl\/prensa\/wp-content\/uploads\/2025\/09\/WhatsApp-Image-2025-09-26-at-15.38.23-380x253.jpeg 380w, https:\/\/www.rengoenlanoticia.cl\/prensa\/wp-content\/uploads\/2025\/09\/WhatsApp-Image-2025-09-26-at-15.38.23-255x170.jpeg 255w, https:\/\/www.rengoenlanoticia.cl\/prensa\/wp-content\/uploads\/2025\/09\/WhatsApp-Image-2025-09-26-at-15.38.23-550x366.jpeg 550w, https:\/\/www.rengoenlanoticia.cl\/prensa\/wp-content\/uploads\/2025\/09\/WhatsApp-Image-2025-09-26-at-15.38.23-800x533.jpeg 800w, https:\/\/www.rengoenlanoticia.cl\/prensa\/wp-content\/uploads\/2025\/09\/WhatsApp-Image-2025-09-26-at-15.38.23-1160x773.jpeg 1160w, https:\/\/www.rengoenlanoticia.cl\/prensa\/wp-content\/uploads\/2025\/09\/WhatsApp-Image-2025-09-26-at-15.38.23-scaled.jpeg 2560w\" sizes=\"auto, (max-width: 1024px) 100vw, 1024px\" \/><\/figure>\n\n\n\n<p>Para la consejera regional Luc\u00eda Mu\u00f1oz Sandoval, esta pol\u00edtica regional junto a otras que se est\u00e1n implementando, van en la l\u00ednea correcta para tener una regi\u00f3n mas segura, logrando que tambi\u00e9n la haga m\u00e1s atractiva para desarrollar iniciativas que mejoren la calidad de vida de sus habitantes.<\/p>\n","protected":false},"excerpt":{"rendered":"O`Higgins,representado por el gobernador y consejeros regionales.En la Plaza Los H\u00e9roes de Rancagua, con la presencia del Gobernador,&hellip;\n","protected":false},"author":1,"featured_media":6261,"comment_status":"open","ping_status":"open","sticky":false,"template":"","format":"standard","meta":{"_monsterinsights_skip_tracking":false,"_monsterinsights_sitenote_active":false,"_monsterinsights_sitenote_note":"","_monsterinsights_sitenote_category":0,"footnotes":""},"categories":[11,8],"tags":[],"class_list":{"0":"post-6260","1":"post","2":"type-post","3":"status-publish","4":"format-standard","5":"has-post-thumbnail","7":"category-politica","8":"category-portada"},"aioseo_notices":[],"_links":{"self":[{"href":"https:\/\/www.rengoenlanoticia.cl\/prensa\/wp-json\/wp\/v2\/posts\/6260","targetHints":{"allow":["GET"]}}],"collection":[{"href":"https:\/\/www.rengoenlanoticia.cl\/prensa\/wp-json\/wp\/v2\/posts"}],"about":[{"href":"https:\/\/www.rengoenlanoticia.cl\/prensa\/wp-json\/wp\/v2\/types\/post"}],"author":[{"embeddable":true,"href":"https:\/\/www.rengoenlanoticia.cl\/prensa\/wp-json\/wp\/v2\/users\/1"}],"replies":[{"embeddable":true,"href":"https:\/\/www.rengoenlanoticia.cl\/prensa\/wp-json\/wp\/v2\/comments?post=6260"}],"version-history":[{"count":3,"href":"https:\/\/www.rengoenlanoticia.cl\/prensa\/wp-json\/wp\/v2\/posts\/6260\/revisions"}],"predecessor-version":[{"id":6275,"href":"https:\/\/www.rengoenlanoticia.cl\/prensa\/wp-json\/wp\/v2\/posts\/6260\/revisions\/6275"}],"wp:featuredmedia":[{"embeddable":true,"href":"https:\/\/www.rengoenlanoticia.cl\/prensa\/wp-json\/wp\/v2\/media\/6261"}],"wp:attachment":[{"href":"https:\/\/www.rengoenlanoticia.cl\/prensa\/wp-json\/wp\/v2\/media?parent=6260"}],"wp:term":[{"taxonomy":"category","embeddable":true,"href":"https:\/\/www.rengoenlanoticia.cl\/prensa\/wp-json\/wp\/v2\/categories?post=6260"},{"taxonomy":"post_tag","embeddable":true,"href":"https:\/\/www.rengoenlanoticia.cl\/prensa\/wp-json\/wp\/v2\/tags?post=6260"}],"curies":[{"name":"wp","href":"https:\/\/api.w.org\/{rel}","templated":true}]}}