{"id":6258,"date":"2025-09-28T05:38:25","date_gmt":"2025-09-28T05:38:25","guid":{"rendered":"https:\/\/www.rengoenlanoticia.cl\/prensa\/?p=6258"},"modified":"2025-09-28T05:41:21","modified_gmt":"2025-09-28T05:41:21","slug":"donacion-de-organos-el-legado-de-amor-de-bryan","status":"publish","type":"post","link":"https:\/\/www.rengoenlanoticia.cl\/prensa\/2025\/09\/28\/donacion-de-organos-el-legado-de-amor-de-bryan\/","title":{"rendered":"Donaci\u00f3n de \u00f3rganos: el legado de amor de Bryan"},"content":{"rendered":"\n<p>\u00b7Con motivo del D\u00eda Nacional del Donante de \u00d3rganos y Tejidos entregamos la historia de un joven rancag\u00fcino de 20 a\u00f1os, cuya generosidad trascendi\u00f3 incluso despu\u00e9s de su partida. Cuatro personas hoy viven gracias a la decisi\u00f3n valiente de su madre y hermanos, que transformaron el dolor m\u00e1s grande en esperanza.<\/p>\n\n\n\n<p>El s\u00e1bado 16 de diciembre de 2024 parec\u00eda un d\u00eda cualquiera en la vida de Maribel Guti\u00e9rrez y su hijo menor, Bryan Antonio Bravo Guti\u00e9rrez. Ten\u00eda apenas 20 a\u00f1os, sue\u00f1os por cumplir, una beca reci\u00e9n ganada en el instituto y la costumbre de volver temprano a casa. Esa ma\u00f1ana, Maribel se levant\u00f3 a preparar el almuerzo para su tercer hijo y se encontr\u00f3 con Bryan en la cocina. Nunca imagin\u00f3 que ese ser\u00eda el \u00faltimo d\u00eda que pasar\u00eda con su hijo.<\/p>\n\n\n\n<p><strong>El inicio de la tragedia<\/strong><\/p>\n\n\n\n<p>Bryan no se sent\u00eda bien, pero lo ocult\u00f3. Pens\u00f3 que con sus medicamentos y sus puff podr\u00eda seguir adelante, como tantas otras veces lo hab\u00eda hecho, a pesar de su asma y epilepsia. No quiso preocupar a su madre.<\/p>\n\n\n\n<p>\u201cYo estaba terminando de vestirme cuando lo veo en la puerta. Me dice:&nbsp;<em>\u2018Mam\u00e1, no puedo caminar\u2019<\/em>. Lo miro y parec\u00eda que le tiraran agua encima, respiraba con dificultad, con una desesperaci\u00f3n que me parti\u00f3 el alma\u201d, recuerda Maribel.<\/p>\n\n\n\n<p>En el trayecto al hospital, mientras ella conduc\u00eda, Bryan sufri\u00f3 su primer paro respiratorio. Fue en un sem\u00e1foro en rojo, un instante breve y eterno a la vez. \u201cAh\u00ed mi hijo se me fue por primera vez\u201d, dice, con la voz quebrada.<\/p>\n\n\n\n<p>Al llegar al Hospital Dr. Franco Ravera Zunino, un equipo completo lo recibi\u00f3 de inmediato. \u201cLo atendi\u00f3 el doctor Nicol\u00e1s (V\u00e1squez), muy humano. Lo tomaron en camilla, lo reanimaron, lo entubaron. Lucharon, pero luego vino otro paro. Y de ah\u00ed ya no volvi\u00f3\u201d.<\/p>\n\n\n\n<p><strong>La confirmaci\u00f3n del diagn\u00f3stico<\/strong><\/p>\n\n\n\n<p>El lunes, tras varios intentos m\u00e9dicos, lleg\u00f3 la certeza m\u00e1s dura: el electroencefalograma no mostraba ninguna actividad cerebral. \u201cLa aguja no se mov\u00eda ni un mil\u00edmetro. El doctor nos llam\u00f3, llegaron mis otros hijos, y nos dijeron que Bryan ten\u00eda muerte cerebral. Que ya no iba a volver. No hay palabras para ese dolor\u201d.<\/p>\n\n\n\n<p>Fue entonces cuando entr\u00f3 en escena la enfermera de la Unidad de Procuramiento Mar\u00eda Ignacia Villegas G\u00f3mez. Con respeto y calidez, se acerc\u00f3 a Maribel y su familia.<\/p>\n\n\n\n<p>\u201cElla me pregunt\u00f3 si aceptaba que Bryan fuera donante. Yo, en mi mente, dije al tiro que s\u00ed. Lo mir\u00e9 a mi segundo hijo, y \u00e9l me dijo:&nbsp;<em>\u2018Yo opino que s\u00ed, porque Bryan siempre fue generoso\u2019<\/em>. Y ten\u00eda raz\u00f3n: desde chico compart\u00eda todo, nunca se guardaba nada. En ese momento sent\u00ed que el peso que ten\u00eda en la espalda se me empez\u00f3 a salir. Supe que est\u00e1bamos haciendo lo correcto\u201d.<\/p>\n\n\n\n<p><strong>El \u00faltimo gesto de generosidad<\/strong><\/p>\n\n\n\n<p>El jueves siguiente, Bryan entr\u00f3 al pabell\u00f3n. El equipo m\u00e9dico, en una ceremonia silenciosa y llena de respeto, prepar\u00f3 el proceso de procuramiento. A petici\u00f3n de su madre, cuidaron cada detalle: \u201cLes ped\u00ed que no tocaran su rostro, y cumplieron. Trataron su cuerpo con una dignidad que agradezco hasta hoy\u201d.<\/p>\n\n\n\n<p>De ese acto naci\u00f3 un milagro colectivo: su coraz\u00f3n fue trasplantado a un joven de su misma edad; sus ri\u00f1ones, a dos adolescentes; y su p\u00e1ncreas, a un ni\u00f1o de apenas cuatro a\u00f1os.<\/p>\n\n\n\n<p>\u201cMi hijo ya no volver\u00e1, pero est\u00e1 en otros. Esa Navidad fue distinta: triste porque \u00e9l no estaba, pero feliz porque en otras cuatro casas se celebraba la vida gracias a \u00e9l. Eso es lo que me sostiene\u201d, dice Maribel con l\u00e1grimas en los ojos.<\/p>\n\n\n\n<p>Lo que m\u00e1s le impresion\u00f3 fue la coincidencia de su grupo sangu\u00edneo: 0 negativo, uno de los m\u00e1s dif\u00edciles de encontrar. \u201cHasta en eso coincidi\u00f3. \u00c9l ten\u00eda lo que otros j\u00f3venes necesitaban desesperadamente. Y se los dio\u201d.<\/p>\n\n\n\n<p><strong>El duelo y los sue\u00f1os<\/strong><\/p>\n\n\n\n<p>El proceso no ha sido f\u00e1cil. Su madre admite que al principio se sinti\u00f3 culpable: \u201cyo pensaba que fue mi culpa no salvarlo. So\u00f1aba con \u00e9l, me dec\u00eda que no, que no me culpara, que ya era su momento, que \u00e9l solo ven\u00eda de paso. Ese sue\u00f1o me devolvi\u00f3 la paz. Me dijo que yo ten\u00eda promesas que cumplir y que siguiera adelante\u201d.<\/p>\n\n\n\n<p>Hoy, aunque el dolor no desaparece, encuentra consuelo en el recuerdo de su hijo. \u201cBryan era distinto, humilde, respetuoso, siempre dispuesto a ayudar. Hasta despu\u00e9s de partir, sigui\u00f3 ayudando. Me gustar\u00eda alg\u00fan d\u00eda ver, aunque sea de lejos, al joven que recibi\u00f3 su coraz\u00f3n. No para hablar con \u00e9l ni para que sepa qui\u00e9n soy, solo para sentir que una parte de mi hijo sigue latiendo en \u00e9l\u201d.<\/p>\n\n\n\n<p><strong>\u201cDonar es dar vida\u201d<\/strong><\/p>\n\n\n\n<p>Hoy, Maribel convierte su dolor en testimonio para sensibilizar a otros. Quiere que m\u00e1s familias hablen, reflexionen y digan \u201cs\u00ed\u201d a la donaci\u00f3n de \u00f3rganos cuando llegue ese momento inesperado.<\/p>\n\n\n\n<p>\u201cP\u00f3nganse en el lugar de quienes esperan un \u00f3rgano para seguir viviendo. Donar es dar vida. Cuando se pierde un hijo no hay nombre para ese dolor, pero dar la oportunidad a otros de vivir, ayuda a llevarlo\u2026 Donar es dar vida. A pesar de la pena, digan que s\u00ed. Porque ese s\u00ed, es esperanza para otros. Mi hijo no volver\u00e1, pero est\u00e1 en otros. Eso es un regalo de amor que nunca terminar\u00e1\u201d.<\/p>\n","protected":false},"excerpt":{"rendered":"\u00b7Con motivo del D\u00eda Nacional del Donante de \u00d3rganos y Tejidos entregamos la historia de un joven rancag\u00fcino&hellip;\n","protected":false},"author":1,"featured_media":6259,"comment_status":"open","ping_status":"open","sticky":false,"template":"","format":"standard","meta":{"_monsterinsights_skip_tracking":false,"_monsterinsights_sitenote_active":false,"_monsterinsights_sitenote_note":"","_monsterinsights_sitenote_category":0,"footnotes":""},"categories":[8],"tags":[],"class_list":{"0":"post-6258","1":"post","2":"type-post","3":"status-publish","4":"format-standard","5":"has-post-thumbnail","7":"category-portada"},"aioseo_notices":[],"_links":{"self":[{"href":"https:\/\/www.rengoenlanoticia.cl\/prensa\/wp-json\/wp\/v2\/posts\/6258","targetHints":{"allow":["GET"]}}],"collection":[{"href":"https:\/\/www.rengoenlanoticia.cl\/prensa\/wp-json\/wp\/v2\/posts"}],"about":[{"href":"https:\/\/www.rengoenlanoticia.cl\/prensa\/wp-json\/wp\/v2\/types\/post"}],"author":[{"embeddable":true,"href":"https:\/\/www.rengoenlanoticia.cl\/prensa\/wp-json\/wp\/v2\/users\/1"}],"replies":[{"embeddable":true,"href":"https:\/\/www.rengoenlanoticia.cl\/prensa\/wp-json\/wp\/v2\/comments?post=6258"}],"version-history":[{"count":1,"href":"https:\/\/www.rengoenlanoticia.cl\/prensa\/wp-json\/wp\/v2\/posts\/6258\/revisions"}],"predecessor-version":[{"id":6269,"href":"https:\/\/www.rengoenlanoticia.cl\/prensa\/wp-json\/wp\/v2\/posts\/6258\/revisions\/6269"}],"wp:featuredmedia":[{"embeddable":true,"href":"https:\/\/www.rengoenlanoticia.cl\/prensa\/wp-json\/wp\/v2\/media\/6259"}],"wp:attachment":[{"href":"https:\/\/www.rengoenlanoticia.cl\/prensa\/wp-json\/wp\/v2\/media?parent=6258"}],"wp:term":[{"taxonomy":"category","embeddable":true,"href":"https:\/\/www.rengoenlanoticia.cl\/prensa\/wp-json\/wp\/v2\/categories?post=6258"},{"taxonomy":"post_tag","embeddable":true,"href":"https:\/\/www.rengoenlanoticia.cl\/prensa\/wp-json\/wp\/v2\/tags?post=6258"}],"curies":[{"name":"wp","href":"https:\/\/api.w.org\/{rel}","templated":true}]}}