{"id":6253,"date":"2025-09-28T05:38:34","date_gmt":"2025-09-28T05:38:34","guid":{"rendered":"https:\/\/www.rengoenlanoticia.cl\/prensa\/?p=6253"},"modified":"2025-09-28T05:49:47","modified_gmt":"2025-09-28T05:49:47","slug":"avenida-el-sol-con-venus-suma-nuevos-semaforos-que-mejorara-seguridad-del-sector-nororiente-de-rancagua","status":"publish","type":"post","link":"https:\/\/www.rengoenlanoticia.cl\/prensa\/2025\/09\/28\/avenida-el-sol-con-venus-suma-nuevos-semaforos-que-mejorara-seguridad-del-sector-nororiente-de-rancagua\/","title":{"rendered":"AVENIDA EL SOL CON VENUS SUMA NUEVOS SEM\u00c1FOROS QUE MEJORAR\u00c1 SEGURIDAD DEL SECTOR NORORIENTE DE RANCAGUA"},"content":{"rendered":"\n<p>\u00b7\u00a0\u00a0\u00a0\u00a0\u00a0\u00a0\u00a0\u00a0\u00a0<em>Esta intervenci\u00f3n, adem\u00e1s, permitir\u00e1 mejorar hasta en un 20% los tiempos de viaje en la zona. Por otro lado, complementa el trabajo de gesti\u00f3n de tr\u00e1nsito realizado en esa zona de la ciudad.<\/em><\/p>\n\n\n\n<p> Gracias a un trabajo colaborativo entre vecinos del sector nororiente, la Municipalidad de Rancagua y la Unidad Operativa de Control de Tr\u00e1nsito regional, oficialmente se cerraron las obras para encender nuevos sem\u00e1foros en la esquina de Avenida El Sol y Venus.<\/p>\n\n\n\n<p>Se trata de una obra largamente solicitada por la comunidad, debido a la alta afluencia vehicular observada en distintos horarios del d\u00eda, sumado a la necesidad de contar con este equipamiento urbano para aportar a la seguridad vial.<\/p>\n\n\n\n<p>En ese sentido, la instalaci\u00f3n de estos dispositivos beneficiar\u00e1 de manera directa a los residentes del \u00e1rea, mejorando la seguridad de peatones, ciclistas y automovilistas, Adem\u00e1s, y seg\u00fan las proyecciones de la UOCT, se espera una reducci\u00f3n cercana al 20% en los tiempos de viaje para los veh\u00edculos que circulan por el sector.<\/p>\n\n\n\n<p>El proyecto fue financiado por la Municipalidad de Rancagua, con una inversi\u00f3n que super\u00f3 los $112 millones y su ejecuci\u00f3n se logr\u00f3 gracias a petici\u00f3n de los residentes, el municipio y la Unidad Operativa de Control de Tr\u00e1nsito (UOCT), que formul\u00f3 la iniciativa y entreg\u00f3 el apoyo t\u00e9cnico y profesional necesario para concretarla.<\/p>\n\n\n\n<p>Respecto a los equipos instalados, los sem\u00e1foros cuentan con tecnolog\u00eda LED, sistema de alimentaci\u00f3n ininterrumpida de energ\u00eda, gracias a las bater\u00edas de respaldo (UPS) y cumple con las normas de accesibilidad universal en materia de rebajes peatonales, favoreciendo la movilidad segura de personas mayores y con discapacidad.<\/p>\n\n\n\n<p>Cabe destacar que esta obra se suma al encendido realizado a inicios de septiembre en la intersecci\u00f3n de Avenida El Sol con La Victoria, consolidando una red semaf\u00f3rica en el sector nororiente de Rancagua.<\/p>\n","protected":false},"excerpt":{"rendered":"\u00b7\u00a0\u00a0\u00a0\u00a0\u00a0\u00a0\u00a0\u00a0\u00a0Esta intervenci\u00f3n, adem\u00e1s, permitir\u00e1 mejorar hasta en un 20% los tiempos de viaje en la zona. Por otro&hellip;\n","protected":false},"author":1,"featured_media":6254,"comment_status":"open","ping_status":"open","sticky":false,"template":"","format":"standard","meta":{"_monsterinsights_skip_tracking":false,"_monsterinsights_sitenote_active":false,"_monsterinsights_sitenote_note":"","_monsterinsights_sitenote_category":0,"footnotes":""},"categories":[8],"tags":[],"class_list":{"0":"post-6253","1":"post","2":"type-post","3":"status-publish","4":"format-standard","5":"has-post-thumbnail","7":"category-portada"},"aioseo_notices":[],"_links":{"self":[{"href":"https:\/\/www.rengoenlanoticia.cl\/prensa\/wp-json\/wp\/v2\/posts\/6253","targetHints":{"allow":["GET"]}}],"collection":[{"href":"https:\/\/www.rengoenlanoticia.cl\/prensa\/wp-json\/wp\/v2\/posts"}],"about":[{"href":"https:\/\/www.rengoenlanoticia.cl\/prensa\/wp-json\/wp\/v2\/types\/post"}],"author":[{"embeddable":true,"href":"https:\/\/www.rengoenlanoticia.cl\/prensa\/wp-json\/wp\/v2\/users\/1"}],"replies":[{"embeddable":true,"href":"https:\/\/www.rengoenlanoticia.cl\/prensa\/wp-json\/wp\/v2\/comments?post=6253"}],"version-history":[{"count":2,"href":"https:\/\/www.rengoenlanoticia.cl\/prensa\/wp-json\/wp\/v2\/posts\/6253\/revisions"}],"predecessor-version":[{"id":6267,"href":"https:\/\/www.rengoenlanoticia.cl\/prensa\/wp-json\/wp\/v2\/posts\/6253\/revisions\/6267"}],"wp:featuredmedia":[{"embeddable":true,"href":"https:\/\/www.rengoenlanoticia.cl\/prensa\/wp-json\/wp\/v2\/media\/6254"}],"wp:attachment":[{"href":"https:\/\/www.rengoenlanoticia.cl\/prensa\/wp-json\/wp\/v2\/media?parent=6253"}],"wp:term":[{"taxonomy":"category","embeddable":true,"href":"https:\/\/www.rengoenlanoticia.cl\/prensa\/wp-json\/wp\/v2\/categories?post=6253"},{"taxonomy":"post_tag","embeddable":true,"href":"https:\/\/www.rengoenlanoticia.cl\/prensa\/wp-json\/wp\/v2\/tags?post=6253"}],"curies":[{"name":"wp","href":"https:\/\/api.w.org\/{rel}","templated":true}]}}