{"id":6251,"date":"2025-09-28T05:37:24","date_gmt":"2025-09-28T05:37:24","guid":{"rendered":"https:\/\/www.rengoenlanoticia.cl\/prensa\/?p=6251"},"modified":"2025-09-28T05:37:26","modified_gmt":"2025-09-28T05:37:26","slug":"carabineros-de-marchigue-detienen-a-dos-individuos-tras-robo-en-aserradero","status":"publish","type":"post","link":"https:\/\/www.rengoenlanoticia.cl\/prensa\/2025\/09\/28\/carabineros-de-marchigue-detienen-a-dos-individuos-tras-robo-en-aserradero\/","title":{"rendered":"Carabineros de Marchig\u00fce detienen a dos individuos tras robo en aserradero"},"content":{"rendered":"\n<p>Carabineros de la Tenencia Marchig\u00fce, mediante un procedimiento desarrollado de manera oportuna, lograron la detenci\u00f3n de dos sujetos que ingresaron a un aserradero ubicado en la Ruta 90, kil\u00f3metro 102, sector Pailimo, desde donde sustrajeron diversas especies.<\/p>\n\n\n\n<p>Los antisociales cargaron lo robado en una camioneta y se dieron a la fuga, siendo interceptados en el cruce Las Rosas de la misma ruta. En el procedimiento se recuperaron la totalidad de las especies y se incaut\u00f3 el veh\u00edculo utilizado para cometer el il\u00edcito.<\/p>\n\n\n\n<p>Especies recuperadas<br>\u2022 06 rollos de manguera de regad\u00edo de 500 metros cada uno.<br>\u2022 01 m\u00e1quina de soldar.<br>\u2022 01 llave Stilson.<br>\u2022 01 asiento de tractor.<\/p>\n\n\n\n<p>Aval\u00fao aproximado: $800.000.<\/p>\n\n\n\n<p>Los detenidos, ambos de nacionalidad chilena y de 39 y 50 a\u00f1os, fueron puestos a disposici\u00f3n del Tribunal de Garant\u00eda por el delito de robo en lugar no habitado. Cabe destacar que uno de ellos mantiene 07 detenciones previas por delitos de robo, amenazas, receptaci\u00f3n, entre otros.<\/p>\n\n\n\n<p>Carabineros de Chile reafirma su compromiso con la seguridad de la comunidad, actuando de manera firme y oportuna frente a quienes cometen delitos.<\/p>\n","protected":false},"excerpt":{"rendered":"Carabineros de la Tenencia Marchig\u00fce, mediante un procedimiento desarrollado de manera oportuna, lograron la detenci\u00f3n de dos sujetos&hellip;\n","protected":false},"author":1,"featured_media":6252,"comment_status":"open","ping_status":"open","sticky":false,"template":"","format":"standard","meta":{"_monsterinsights_skip_tracking":false,"_monsterinsights_sitenote_active":false,"_monsterinsights_sitenote_note":"","_monsterinsights_sitenote_category":0,"footnotes":""},"categories":[5,8],"tags":[],"class_list":{"0":"post-6251","1":"post","2":"type-post","3":"status-publish","4":"format-standard","5":"has-post-thumbnail","7":"category-policial","8":"category-portada"},"aioseo_notices":[],"_links":{"self":[{"href":"https:\/\/www.rengoenlanoticia.cl\/prensa\/wp-json\/wp\/v2\/posts\/6251","targetHints":{"allow":["GET"]}}],"collection":[{"href":"https:\/\/www.rengoenlanoticia.cl\/prensa\/wp-json\/wp\/v2\/posts"}],"about":[{"href":"https:\/\/www.rengoenlanoticia.cl\/prensa\/wp-json\/wp\/v2\/types\/post"}],"author":[{"embeddable":true,"href":"https:\/\/www.rengoenlanoticia.cl\/prensa\/wp-json\/wp\/v2\/users\/1"}],"replies":[{"embeddable":true,"href":"https:\/\/www.rengoenlanoticia.cl\/prensa\/wp-json\/wp\/v2\/comments?post=6251"}],"version-history":[{"count":3,"href":"https:\/\/www.rengoenlanoticia.cl\/prensa\/wp-json\/wp\/v2\/posts\/6251\/revisions"}],"predecessor-version":[{"id":6266,"href":"https:\/\/www.rengoenlanoticia.cl\/prensa\/wp-json\/wp\/v2\/posts\/6251\/revisions\/6266"}],"wp:featuredmedia":[{"embeddable":true,"href":"https:\/\/www.rengoenlanoticia.cl\/prensa\/wp-json\/wp\/v2\/media\/6252"}],"wp:attachment":[{"href":"https:\/\/www.rengoenlanoticia.cl\/prensa\/wp-json\/wp\/v2\/media?parent=6251"}],"wp:term":[{"taxonomy":"category","embeddable":true,"href":"https:\/\/www.rengoenlanoticia.cl\/prensa\/wp-json\/wp\/v2\/categories?post=6251"},{"taxonomy":"post_tag","embeddable":true,"href":"https:\/\/www.rengoenlanoticia.cl\/prensa\/wp-json\/wp\/v2\/tags?post=6251"}],"curies":[{"name":"wp","href":"https:\/\/api.w.org\/{rel}","templated":true}]}}