{"id":6247,"date":"2025-09-28T05:20:23","date_gmt":"2025-09-28T05:20:23","guid":{"rendered":"https:\/\/www.rengoenlanoticia.cl\/prensa\/?p=6247"},"modified":"2025-09-28T05:36:25","modified_gmt":"2025-09-28T05:36:25","slug":"femicidio-de-una-mujer-chilena-en-la-localidad-de-pelequen","status":"publish","type":"post","link":"https:\/\/www.rengoenlanoticia.cl\/prensa\/2025\/09\/28\/femicidio-de-una-mujer-chilena-en-la-localidad-de-pelequen\/","title":{"rendered":"FEMICIDIO DE UNA MUJER CHILENA EN LA LOCALIDAD DE PELEQUEN"},"content":{"rendered":"\n<p>Detectives de la Brigada de Homicidios Rancagua, con el apoyo del Laboratorio de Criminal\u00edstica Regional Rancagua, concurrieron a la poblaci\u00f3n San Luis, localidad de Pelequ\u00e9n, comuna de Malloa, con la finalidad de realizar labores investigativas por el Femicidio con Arma Cortante, hecho ocurrido ayer viernes.<\/p>\n\n\n\n<p>Se estableci\u00f3 que la v\u00edctima desde hac\u00eda un a\u00f1o que manten\u00eda una relaci\u00f3n sentimental con el imputado, vecino del sector, chileno, de 47 a\u00f1os de edad, con antecedentes por el delito de Conducci\u00f3n en Estado de Ebriedad y por el delito de Da\u00f1os Simples.<\/p>\n\n\n\n<p>Tras las labores investigativas, se logr\u00f3 establecer que el d\u00eda de los hechos la v\u00edctima se encontraba sola en su inmueble, cuando lleg\u00f3 el imputado, con el prop\u00f3sito de conversar con ella, sin embargo la mujer puso t\u00e9rmino a su relaci\u00f3n.<\/p>\n\n\n\n<p>Mediante el trabajo investigativo, llevado a cabo por los Detectives de esta Brigada Especializada, se logr\u00f3 posicionar con medios de prueba al Imputado en el Sitio del Suceso, estableciendo adem\u00e1s la criminodin\u00e1mica. Cabe se\u00f1alar que producto de las diversas diligencias realizadas se logro materializar su detenci\u00f3n en flagrancia.<\/p>\n\n\n\n<p>El Imputado fue puesto a disposici\u00f3n del Juzgado de Garant\u00eda de Rengo, donde se decreto legal la detenci\u00f3n, quedando ampliado hasta el 30 de septiembre.<\/p>\n","protected":false},"excerpt":{"rendered":"Detectives de la Brigada de Homicidios Rancagua, con el apoyo del Laboratorio de Criminal\u00edstica Regional Rancagua, concurrieron a&hellip;\n","protected":false},"author":1,"featured_media":6248,"comment_status":"open","ping_status":"open","sticky":false,"template":"","format":"standard","meta":{"_monsterinsights_skip_tracking":false,"_monsterinsights_sitenote_active":false,"_monsterinsights_sitenote_note":"","_monsterinsights_sitenote_category":0,"footnotes":""},"categories":[5,8],"tags":[],"class_list":{"0":"post-6247","1":"post","2":"type-post","3":"status-publish","4":"format-standard","5":"has-post-thumbnail","7":"category-policial","8":"category-portada"},"aioseo_notices":[],"_links":{"self":[{"href":"https:\/\/www.rengoenlanoticia.cl\/prensa\/wp-json\/wp\/v2\/posts\/6247","targetHints":{"allow":["GET"]}}],"collection":[{"href":"https:\/\/www.rengoenlanoticia.cl\/prensa\/wp-json\/wp\/v2\/posts"}],"about":[{"href":"https:\/\/www.rengoenlanoticia.cl\/prensa\/wp-json\/wp\/v2\/types\/post"}],"author":[{"embeddable":true,"href":"https:\/\/www.rengoenlanoticia.cl\/prensa\/wp-json\/wp\/v2\/users\/1"}],"replies":[{"embeddable":true,"href":"https:\/\/www.rengoenlanoticia.cl\/prensa\/wp-json\/wp\/v2\/comments?post=6247"}],"version-history":[{"count":3,"href":"https:\/\/www.rengoenlanoticia.cl\/prensa\/wp-json\/wp\/v2\/posts\/6247\/revisions"}],"predecessor-version":[{"id":6264,"href":"https:\/\/www.rengoenlanoticia.cl\/prensa\/wp-json\/wp\/v2\/posts\/6247\/revisions\/6264"}],"wp:featuredmedia":[{"embeddable":true,"href":"https:\/\/www.rengoenlanoticia.cl\/prensa\/wp-json\/wp\/v2\/media\/6248"}],"wp:attachment":[{"href":"https:\/\/www.rengoenlanoticia.cl\/prensa\/wp-json\/wp\/v2\/media?parent=6247"}],"wp:term":[{"taxonomy":"category","embeddable":true,"href":"https:\/\/www.rengoenlanoticia.cl\/prensa\/wp-json\/wp\/v2\/categories?post=6247"},{"taxonomy":"post_tag","embeddable":true,"href":"https:\/\/www.rengoenlanoticia.cl\/prensa\/wp-json\/wp\/v2\/tags?post=6247"}],"curies":[{"name":"wp","href":"https:\/\/api.w.org\/{rel}","templated":true}]}}