{"id":6242,"date":"2025-09-25T22:40:57","date_gmt":"2025-09-25T22:40:57","guid":{"rendered":"https:\/\/www.rengoenlanoticia.cl\/prensa\/?p=6242"},"modified":"2025-09-25T22:42:38","modified_gmt":"2025-09-25T22:42:38","slug":"el-paro-no-va-rodoviario-de-rancagua-suspende-movilizacion-tras-acuerdo-con-autoridades","status":"publish","type":"post","link":"https:\/\/www.rengoenlanoticia.cl\/prensa\/2025\/09\/25\/el-paro-no-va-rodoviario-de-rancagua-suspende-movilizacion-tras-acuerdo-con-autoridades\/","title":{"rendered":"El paro no va: Rodoviario de Rancagua suspende movilizaci\u00f3n tras acuerdo con autoridades"},"content":{"rendered":"\n<p><strong>Rancagua.<\/strong> Tras semanas de tensi\u00f3n, la Corporaci\u00f3n Rodo Rancagua (CRR) decidi\u00f3 suspender el paro anunciado para los d\u00edas 26 y 27 de septiembre. La decisi\u00f3n se tom\u00f3 luego de una reuni\u00f3n clave con el alcalde y autoridades municipales, quienes confirmaron el <strong>fin de la concesi\u00f3n de la empresa Ruta 86<\/strong>.<\/p>\n\n\n\n<p><strong>La Municipalidad de Rancagua asumir\u00e1 temporalmente la administraci\u00f3n del Terminal Rodoviario<\/strong>, mientras se prepara un nuevo proceso de licitaci\u00f3n, tras notificar formalmente a la concesionaria el t\u00e9rmino del contrato el pasado 17 de septiembre.<\/p>\n\n\n\n<p>\u201cEsto no es un regalo, es fruto de la organizaci\u00f3n y la presi\u00f3n de los gremios. Conseguimos terminar un contrato abusivo y ahora exigimos participaci\u00f3n y transparencia\u201d, se\u00f1al\u00f3 Richard Alca\u00edno, presidente de la CRR.<\/p>\n\n\n\n<p>El administrador municipal, Pedro Pablo Miranda, detall\u00f3 que el inmueble volver\u00e1 al control municipal en un plazo de 90 d\u00edas h\u00e1biles, tiempo en que se garantizar\u00e1 el funcionamiento ordenado del terminal y sus servicios.<\/p>\n\n\n\n<p>Aunque la movilizaci\u00f3n fue suspendida, los gremios se mantendr\u00e1n en estado de alerta. \u201cEste es solo el primer paso. Queremos que el terminal vuelva a ser un espacio al servicio de la comunidad\u201d, afirm\u00f3 Alca\u00edno.<\/p>\n\n\n\n<p>&nbsp;<strong>Resumen:<\/strong><\/p>\n\n\n\n<ul class=\"wp-block-list\">\n<li>Fin de concesi\u00f3n a Ruta 86 tras a\u00f1os de conflicto.<\/li>\n\n\n\n<li>Administraci\u00f3n temporal asumida por el municipio.<\/li>\n\n\n\n<li>Gremios levantan el paro, pero seguir\u00e1n vigilantes.<\/li>\n\n\n\n<li>Nuevo proceso de licitaci\u00f3n en camino.<\/li>\n<\/ul>\n","protected":false},"excerpt":{"rendered":"Rancagua. Tras semanas de tensi\u00f3n, la Corporaci\u00f3n Rodo Rancagua (CRR) decidi\u00f3 suspender el paro anunciado para los d\u00edas&hellip;\n","protected":false},"author":1,"featured_media":6243,"comment_status":"open","ping_status":"open","sticky":false,"template":"","format":"standard","meta":{"_monsterinsights_skip_tracking":false,"_monsterinsights_sitenote_active":false,"_monsterinsights_sitenote_note":"","_monsterinsights_sitenote_category":0,"footnotes":""},"categories":[8],"tags":[],"class_list":{"0":"post-6242","1":"post","2":"type-post","3":"status-publish","4":"format-standard","5":"has-post-thumbnail","7":"category-portada"},"aioseo_notices":[],"_links":{"self":[{"href":"https:\/\/www.rengoenlanoticia.cl\/prensa\/wp-json\/wp\/v2\/posts\/6242","targetHints":{"allow":["GET"]}}],"collection":[{"href":"https:\/\/www.rengoenlanoticia.cl\/prensa\/wp-json\/wp\/v2\/posts"}],"about":[{"href":"https:\/\/www.rengoenlanoticia.cl\/prensa\/wp-json\/wp\/v2\/types\/post"}],"author":[{"embeddable":true,"href":"https:\/\/www.rengoenlanoticia.cl\/prensa\/wp-json\/wp\/v2\/users\/1"}],"replies":[{"embeddable":true,"href":"https:\/\/www.rengoenlanoticia.cl\/prensa\/wp-json\/wp\/v2\/comments?post=6242"}],"version-history":[{"count":3,"href":"https:\/\/www.rengoenlanoticia.cl\/prensa\/wp-json\/wp\/v2\/posts\/6242\/revisions"}],"predecessor-version":[{"id":6246,"href":"https:\/\/www.rengoenlanoticia.cl\/prensa\/wp-json\/wp\/v2\/posts\/6242\/revisions\/6246"}],"wp:featuredmedia":[{"embeddable":true,"href":"https:\/\/www.rengoenlanoticia.cl\/prensa\/wp-json\/wp\/v2\/media\/6243"}],"wp:attachment":[{"href":"https:\/\/www.rengoenlanoticia.cl\/prensa\/wp-json\/wp\/v2\/media?parent=6242"}],"wp:term":[{"taxonomy":"category","embeddable":true,"href":"https:\/\/www.rengoenlanoticia.cl\/prensa\/wp-json\/wp\/v2\/categories?post=6242"},{"taxonomy":"post_tag","embeddable":true,"href":"https:\/\/www.rengoenlanoticia.cl\/prensa\/wp-json\/wp\/v2\/tags?post=6242"}],"curies":[{"name":"wp","href":"https:\/\/api.w.org\/{rel}","templated":true}]}}