{"id":6235,"date":"2025-09-25T22:33:00","date_gmt":"2025-09-25T22:33:00","guid":{"rendered":"https:\/\/www.rengoenlanoticia.cl\/prensa\/?p=6235"},"modified":"2025-09-25T22:33:02","modified_gmt":"2025-09-25T22:33:02","slug":"carabineros-sip-de-la-4-comisariadetienen-a-sujeto-que-viajaba-desde-teno-a-robar-a-predios-agricolas-en-rengo","status":"publish","type":"post","link":"https:\/\/www.rengoenlanoticia.cl\/prensa\/2025\/09\/25\/carabineros-sip-de-la-4-comisariadetienen-a-sujeto-que-viajaba-desde-teno-a-robar-a-predios-agricolas-en-rengo\/","title":{"rendered":"Carabineros SIP de la 4\u00b0 Comisar\u00eda:Detienen a sujeto que viajaba desde Teno a robar a predios agr\u00edcolas en Rengo"},"content":{"rendered":"\n<p>Durante el procedimiento, los efectivos policiales incautaron una camioneta, dos armas y qu\u00edmicos.<\/p>\n\n\n\n<p>Tras un proceso investigativo desarrollado por la Secci\u00f3n de Investigaci\u00f3n Policial (SIP) de la 4\u00b0 Comisar\u00eda Rengo en coordinaci\u00f3n con la Fiscal\u00eda Local, se logr\u00f3 durante la madrugada de este jueves la detenci\u00f3n de un sujeto sobre el cual exist\u00eda una orden de detenci\u00f3n vigente por el delito de robo en lugar no habitado.<br>Desde hace ya varios meses, los efectivos policiales estaban realizando diligencias relativas a esclarecer los robos de qu\u00edmicos que hab\u00edan afectado a diferentes predios agr\u00edcolas de la comuna, logrando identificar al sujeto como persona de inter\u00e9s en la investigaci\u00f3n y determinar que \u00e9ste viajaba desde la ciudad de Teno, donde ten\u00eda domicilio, hasta Rengo para cometer los il\u00edcitos.<br>Con todos esos antecedentes y una orden del Juzgado de Garant\u00eda de Rengo, la SIP se traslad\u00f3 hasta la comuna de Teno para ubicar y detener al individuo identificado como C.A.R.M., chileno, con antecedentes penales.<br>Durante el procedimiento se logr\u00f3 adem\u00e1s la incautaci\u00f3n de una camioneta, diferentes qu\u00edmicos, un rev\u00f3lver y una pistola de aire comprimido. Tras la detenci\u00f3n fue puesto a disposici\u00f3n del Tribunales.<\/p>\n\n\n\n<figure class=\"wp-block-video\"><video controls src=\"https:\/\/www.rengoenlanoticia.cl\/prensa\/wp-content\/uploads\/2025\/09\/WhatsApp-Video-2025-09-25-at-19.10.37.mp4\"><\/video><\/figure>\n","protected":false},"excerpt":{"rendered":"Durante el procedimiento, los efectivos policiales incautaron una camioneta, dos armas y qu\u00edmicos. Tras un proceso investigativo desarrollado&hellip;\n","protected":false},"author":1,"featured_media":6236,"comment_status":"open","ping_status":"open","sticky":false,"template":"","format":"standard","meta":{"_monsterinsights_skip_tracking":false,"_monsterinsights_sitenote_active":false,"_monsterinsights_sitenote_note":"","_monsterinsights_sitenote_category":0,"footnotes":""},"categories":[5,8],"tags":[],"class_list":{"0":"post-6235","1":"post","2":"type-post","3":"status-publish","4":"format-standard","5":"has-post-thumbnail","7":"category-policial","8":"category-portada"},"aioseo_notices":[],"_links":{"self":[{"href":"https:\/\/www.rengoenlanoticia.cl\/prensa\/wp-json\/wp\/v2\/posts\/6235","targetHints":{"allow":["GET"]}}],"collection":[{"href":"https:\/\/www.rengoenlanoticia.cl\/prensa\/wp-json\/wp\/v2\/posts"}],"about":[{"href":"https:\/\/www.rengoenlanoticia.cl\/prensa\/wp-json\/wp\/v2\/types\/post"}],"author":[{"embeddable":true,"href":"https:\/\/www.rengoenlanoticia.cl\/prensa\/wp-json\/wp\/v2\/users\/1"}],"replies":[{"embeddable":true,"href":"https:\/\/www.rengoenlanoticia.cl\/prensa\/wp-json\/wp\/v2\/comments?post=6235"}],"version-history":[{"count":3,"href":"https:\/\/www.rengoenlanoticia.cl\/prensa\/wp-json\/wp\/v2\/posts\/6235\/revisions"}],"predecessor-version":[{"id":6241,"href":"https:\/\/www.rengoenlanoticia.cl\/prensa\/wp-json\/wp\/v2\/posts\/6235\/revisions\/6241"}],"wp:featuredmedia":[{"embeddable":true,"href":"https:\/\/www.rengoenlanoticia.cl\/prensa\/wp-json\/wp\/v2\/media\/6236"}],"wp:attachment":[{"href":"https:\/\/www.rengoenlanoticia.cl\/prensa\/wp-json\/wp\/v2\/media?parent=6235"}],"wp:term":[{"taxonomy":"category","embeddable":true,"href":"https:\/\/www.rengoenlanoticia.cl\/prensa\/wp-json\/wp\/v2\/categories?post=6235"},{"taxonomy":"post_tag","embeddable":true,"href":"https:\/\/www.rengoenlanoticia.cl\/prensa\/wp-json\/wp\/v2\/tags?post=6235"}],"curies":[{"name":"wp","href":"https:\/\/api.w.org\/{rel}","templated":true}]}}