{"id":6231,"date":"2025-09-25T21:16:50","date_gmt":"2025-09-25T21:16:50","guid":{"rendered":"https:\/\/www.rengoenlanoticia.cl\/prensa\/?p=6231"},"modified":"2025-09-25T21:17:11","modified_gmt":"2025-09-25T21:17:11","slug":"carabineros-detiene-en-coltauco-a-banda-de-la-region-metropolitana-dedicada-al-robo-de-establecimientos-educacionales-en-la-region","status":"publish","type":"post","link":"https:\/\/www.rengoenlanoticia.cl\/prensa\/2025\/09\/25\/carabineros-detiene-en-coltauco-a-banda-de-la-region-metropolitana-dedicada-al-robo-de-establecimientos-educacionales-en-la-region\/","title":{"rendered":"Carabineros detiene en Coltauco a banda de la Regi\u00f3n Metropolitana dedicada al robo de establecimientos educacionales en la Regi\u00f3n"},"content":{"rendered":"\n<p>En el veh\u00edculo fueron encontradas varias especies de un colegio de Lo Miranda; e intentaban ingresar a un Colegio en Coltauco.<\/p>\n\n\n\n<p>Carabineros de la Tenencia Coltauco logr\u00f3 esta ma\u00f1ana la detenci\u00f3n de una banda de la Regi\u00f3n Metropolitana que pretend\u00eda realizar tour delictual en establecimientos educacionales. Fueron detectados cuando intentaban ingresar al Colegio Lo de Cuevas de Coltauco, donde fueron aprehendidos. Horas antes hab\u00edan robado diversas especies de la Escuela de Lo Miranda, las que fueron recuperadas.<br>Alrededor de las 6:40 horas, Carabineros fue alertado por la Central de C\u00e1maras de la Municipalidad de esa comuna que unos sujetos estaban tratando de ingresar al Colegio Lo de Cuevas, lo que permiti\u00f3 el r\u00e1pido actuar de los efectivos policiales que se trasladaron hasta el lugar advirtiendo en las inmediaciones un veh\u00edculo estacionado contra el sentido del tr\u00e1nsito con 4 ocupantes en su interior.<br>Tras fiscalizar a los individuos y realizar una exhaustiva revisi\u00f3n del veh\u00edculo, descubrieron que en el maletero manten\u00edan diversas especies, entre ellas varios computadores y tablet, todos pertenecientes a la Escuela Lo Miranda, a la cual hab\u00edan ingresado unas horas antes.<br>Los 4 individuos, todos mayores de edad, con residencia en la Regi\u00f3n Metropolitana; y tres de ellos con antecedentes policiales, fueron puestos a disposici\u00f3n del Ministerio P\u00fablico.<\/p>\n","protected":false},"excerpt":{"rendered":"En el veh\u00edculo fueron encontradas varias especies de un colegio de Lo Miranda; e intentaban ingresar a un&hellip;\n","protected":false},"author":1,"featured_media":6232,"comment_status":"open","ping_status":"open","sticky":false,"template":"","format":"standard","meta":{"_monsterinsights_skip_tracking":false,"_monsterinsights_sitenote_active":false,"_monsterinsights_sitenote_note":"","_monsterinsights_sitenote_category":0,"footnotes":""},"categories":[8],"tags":[],"class_list":{"0":"post-6231","1":"post","2":"type-post","3":"status-publish","4":"format-standard","5":"has-post-thumbnail","7":"category-portada"},"aioseo_notices":[],"_links":{"self":[{"href":"https:\/\/www.rengoenlanoticia.cl\/prensa\/wp-json\/wp\/v2\/posts\/6231","targetHints":{"allow":["GET"]}}],"collection":[{"href":"https:\/\/www.rengoenlanoticia.cl\/prensa\/wp-json\/wp\/v2\/posts"}],"about":[{"href":"https:\/\/www.rengoenlanoticia.cl\/prensa\/wp-json\/wp\/v2\/types\/post"}],"author":[{"embeddable":true,"href":"https:\/\/www.rengoenlanoticia.cl\/prensa\/wp-json\/wp\/v2\/users\/1"}],"replies":[{"embeddable":true,"href":"https:\/\/www.rengoenlanoticia.cl\/prensa\/wp-json\/wp\/v2\/comments?post=6231"}],"version-history":[{"count":2,"href":"https:\/\/www.rengoenlanoticia.cl\/prensa\/wp-json\/wp\/v2\/posts\/6231\/revisions"}],"predecessor-version":[{"id":6234,"href":"https:\/\/www.rengoenlanoticia.cl\/prensa\/wp-json\/wp\/v2\/posts\/6231\/revisions\/6234"}],"wp:featuredmedia":[{"embeddable":true,"href":"https:\/\/www.rengoenlanoticia.cl\/prensa\/wp-json\/wp\/v2\/media\/6232"}],"wp:attachment":[{"href":"https:\/\/www.rengoenlanoticia.cl\/prensa\/wp-json\/wp\/v2\/media?parent=6231"}],"wp:term":[{"taxonomy":"category","embeddable":true,"href":"https:\/\/www.rengoenlanoticia.cl\/prensa\/wp-json\/wp\/v2\/categories?post=6231"},{"taxonomy":"post_tag","embeddable":true,"href":"https:\/\/www.rengoenlanoticia.cl\/prensa\/wp-json\/wp\/v2\/tags?post=6231"}],"curies":[{"name":"wp","href":"https:\/\/api.w.org\/{rel}","templated":true}]}}