{"id":6224,"date":"2025-09-25T13:53:38","date_gmt":"2025-09-25T13:53:38","guid":{"rendered":"https:\/\/www.rengoenlanoticia.cl\/prensa\/?p=6224"},"modified":"2025-09-25T13:53:40","modified_gmt":"2025-09-25T13:53:40","slug":"estudiantes-del-colegio-la-paz-de-rengo-se-informaron-sobre-el-seguro-escolar","status":"publish","type":"post","link":"https:\/\/www.rengoenlanoticia.cl\/prensa\/2025\/09\/25\/estudiantes-del-colegio-la-paz-de-rengo-se-informaron-sobre-el-seguro-escolar\/","title":{"rendered":"Estudiantes del Colegio La Paz de Rengo se informaron sobre el Seguro Escolar"},"content":{"rendered":"\n<p>\u00bfQu\u00e9 es un accidente escolar? \u00bfD\u00f3nde debo acudir en caso de sufrir uno? Estas y otras interrogantes fueron planteadas y resueltas en la charla informativa realizada por profesionales del Instituto de Seguridad Laboral (ISL) O\u2019Higgins a estudiantes del Colegio La Paz de la comuna de Rengo.<\/p>\n\n\n\n<p>En la actividad, estudiantes de cuarto a\u00f1o b\u00e1sico se interiorizaron sobre el Seguro Escolar, beneficio que las y los cubre en caso de accidentes escolares, y que est\u00e1 dirigido a estudiantes regulares de establecimientos reconocidos por el Estado, desde la educaci\u00f3n parvularia hasta la pr\u00e1ctica profesional.<\/p>\n\n\n\n<p>Adem\u00e1s, a trav\u00e9s de ejemplos cotidianos, aprendieron c\u00f3mo identificar un accidente, ya sea dentro del recinto o durante el viaje de ida o regreso entre su domicilio y el establecimiento educacional.<\/p>\n\n\n\n<p>Desde el ISL regional, el jefe de Atenci\u00f3n y Operaciones, Andr\u00e9s Z\u00fa\u00f1iga L\u00f3pez, detall\u00f3 que la jornada consisti\u00f3 \u201cen una capacitaci\u00f3n desarrollada de forma muy l\u00fadica y pr\u00e1ctica, con el foco en las cosas m\u00e1s importantes relacionadas a la activaci\u00f3n del Seguro Escolar, como lo es la red de atenci\u00f3n m\u00e9dica, y tambi\u00e9n poniendo \u00e9nfasis en que este es un seguro gratuito, que cubre desde la edad parvularia hasta la pr\u00e1ctica profesional\u201d.<\/p>\n\n\n\n<figure class=\"wp-block-image size-full\"><img loading=\"lazy\" decoding=\"async\" width=\"1024\" height=\"576\" src=\"https:\/\/www.rengoenlanoticia.cl\/prensa\/wp-content\/uploads\/2025\/09\/Colegio-La-Paz-1.jpg\" alt=\"\" class=\"wp-image-6225\" srcset=\"https:\/\/www.rengoenlanoticia.cl\/prensa\/wp-content\/uploads\/2025\/09\/Colegio-La-Paz-1.jpg 1024w, https:\/\/www.rengoenlanoticia.cl\/prensa\/wp-content\/uploads\/2025\/09\/Colegio-La-Paz-1-300x169.jpg 300w, https:\/\/www.rengoenlanoticia.cl\/prensa\/wp-content\/uploads\/2025\/09\/Colegio-La-Paz-1-768x432.jpg 768w, https:\/\/www.rengoenlanoticia.cl\/prensa\/wp-content\/uploads\/2025\/09\/Colegio-La-Paz-1-110x62.jpg 110w, https:\/\/www.rengoenlanoticia.cl\/prensa\/wp-content\/uploads\/2025\/09\/Colegio-La-Paz-1-200x113.jpg 200w, https:\/\/www.rengoenlanoticia.cl\/prensa\/wp-content\/uploads\/2025\/09\/Colegio-La-Paz-1-380x214.jpg 380w, https:\/\/www.rengoenlanoticia.cl\/prensa\/wp-content\/uploads\/2025\/09\/Colegio-La-Paz-1-255x143.jpg 255w, https:\/\/www.rengoenlanoticia.cl\/prensa\/wp-content\/uploads\/2025\/09\/Colegio-La-Paz-1-550x309.jpg 550w, https:\/\/www.rengoenlanoticia.cl\/prensa\/wp-content\/uploads\/2025\/09\/Colegio-La-Paz-1-800x450.jpg 800w\" sizes=\"auto, (max-width: 1024px) 100vw, 1024px\" \/><\/figure>\n\n\n\n<p>Asimismo, se\u00f1al\u00f3 que \u201cel Seguro Escolar es bastante desconocido a nivel general. Entonces, para nosotros estos esfuerzos que hacemos por difundir son siempre importantes, y por lo mismo existe un muy buen recibimiento por parte del personal docente y tambi\u00e9n por las y los estudiantes, quienes son los principales agentes de difusi\u00f3n, les cuentan a sus padres, a sus apoderados, que existe este seguro que los cubre y que les da la atenci\u00f3n m\u00e9dica de forma gratuita\u201d.<\/p>\n\n\n\n<p>En tanto, el director del Colegio La Paz, Isidro D\u00edaz Troncoso, valor\u00f3 la instancia y manifest\u00f3 que \u201cla experiencia de tener un taller con profesionales marca el trabajo que estamos haciendo como colegio, que tiene que ver con la educaci\u00f3n integral de nuestros estudiantes, no solamente lo pedag\u00f3gico, sino tambi\u00e9n en el autocuidado, en la informaci\u00f3n del Seguro Escolar y de los derechos y deberes que tienen\u201d.<\/p>\n\n\n\n<p><strong>Seguro Escolar: \u00bfQu\u00e9 incluye la cobertura de salud?<\/strong><\/p>\n\n\n\n<p>Este seguro incluye servicio m\u00e9dico gratuito, atenci\u00f3n m\u00e9dica, quir\u00fargica y dental en establecimientos del Sistema Nacional de Servicios de Salud o a domicilio; hospitalizaciones, medicamentos, productos farmac\u00e9uticos, pr\u00f3tesis y aparatos ortop\u00e9dicos, incluidas las reparaciones, adem\u00e1s de los gastos de traslado y\/o cualquier otro necesario para poder recibir estas atenciones. Asimismo, tambi\u00e9n puede otorgar una pensi\u00f3n permanente o temporal para la o el estudiante afectado y, en caso de fallecimiento, una cuota mortuoria. Para conocer en detalle el Seguro Escolar, visite el sitio web <a href=\"https:\/\/www.isl.gob.cl\/seguro-escolar\/\">https:\/\/www.isl.gob.cl\/seguro-escolar\/<\/a><\/p>\n","protected":false},"excerpt":{"rendered":"\u00bfQu\u00e9 es un accidente escolar? \u00bfD\u00f3nde debo acudir en caso de sufrir uno? Estas y otras interrogantes fueron&hellip;\n","protected":false},"author":1,"featured_media":6226,"comment_status":"open","ping_status":"open","sticky":false,"template":"","format":"standard","meta":{"_monsterinsights_skip_tracking":false,"_monsterinsights_sitenote_active":false,"_monsterinsights_sitenote_note":"","_monsterinsights_sitenote_category":0,"footnotes":""},"categories":[8],"tags":[],"class_list":{"0":"post-6224","1":"post","2":"type-post","3":"status-publish","4":"format-standard","5":"has-post-thumbnail","7":"category-portada"},"aioseo_notices":[],"_links":{"self":[{"href":"https:\/\/www.rengoenlanoticia.cl\/prensa\/wp-json\/wp\/v2\/posts\/6224","targetHints":{"allow":["GET"]}}],"collection":[{"href":"https:\/\/www.rengoenlanoticia.cl\/prensa\/wp-json\/wp\/v2\/posts"}],"about":[{"href":"https:\/\/www.rengoenlanoticia.cl\/prensa\/wp-json\/wp\/v2\/types\/post"}],"author":[{"embeddable":true,"href":"https:\/\/www.rengoenlanoticia.cl\/prensa\/wp-json\/wp\/v2\/users\/1"}],"replies":[{"embeddable":true,"href":"https:\/\/www.rengoenlanoticia.cl\/prensa\/wp-json\/wp\/v2\/comments?post=6224"}],"version-history":[{"count":3,"href":"https:\/\/www.rengoenlanoticia.cl\/prensa\/wp-json\/wp\/v2\/posts\/6224\/revisions"}],"predecessor-version":[{"id":6230,"href":"https:\/\/www.rengoenlanoticia.cl\/prensa\/wp-json\/wp\/v2\/posts\/6224\/revisions\/6230"}],"wp:featuredmedia":[{"embeddable":true,"href":"https:\/\/www.rengoenlanoticia.cl\/prensa\/wp-json\/wp\/v2\/media\/6226"}],"wp:attachment":[{"href":"https:\/\/www.rengoenlanoticia.cl\/prensa\/wp-json\/wp\/v2\/media?parent=6224"}],"wp:term":[{"taxonomy":"category","embeddable":true,"href":"https:\/\/www.rengoenlanoticia.cl\/prensa\/wp-json\/wp\/v2\/categories?post=6224"},{"taxonomy":"post_tag","embeddable":true,"href":"https:\/\/www.rengoenlanoticia.cl\/prensa\/wp-json\/wp\/v2\/tags?post=6224"}],"curies":[{"name":"wp","href":"https:\/\/api.w.org\/{rel}","templated":true}]}}