{"id":6196,"date":"2025-09-25T13:33:15","date_gmt":"2025-09-25T13:33:15","guid":{"rendered":"https:\/\/www.rengoenlanoticia.cl\/prensa\/?p=6196"},"modified":"2025-09-25T13:33:18","modified_gmt":"2025-09-25T13:33:18","slug":"seremi-de-obras-publicas-abordo-diversas-materias-con-regantes-de-rengo","status":"publish","type":"post","link":"https:\/\/www.rengoenlanoticia.cl\/prensa\/2025\/09\/25\/seremi-de-obras-publicas-abordo-diversas-materias-con-regantes-de-rengo\/","title":{"rendered":"SEREMI DE OBRAS P\u00daBLICAS ABORD\u00d3 DIVERSAS MATERIAS CON REGANTES DE RENGO."},"content":{"rendered":"\n<p>Revisi\u00f3n de instalaciones de Laguna Los Cristales y avance de proyecto Embalse Bollenar entre las materias abordadas.<\/p>\n\n\n\n<p>Mar\u00eda de los \u00c1ngeles Latorre, Seremi de Obras P\u00fablicas de la regi\u00f3n de O\u2019Higgins recibi\u00f3 a parte del Directorio de la Junta de Vigilancia de la primera secci\u00f3n del r\u00edo Claro de Rengo, encabezado por el presidente \u00c1lvaro Paredes, quien lleg\u00f3 acompa\u00f1ado de los directores Carlos Ortiz y Felipe Lorenzoni. En la reuni\u00f3n particip\u00f3 el Director Regional de Obras Hidr\u00e1ulicas, C\u00e9sar Valenzuela y el Consejero Regional \u00c1lex Ram\u00edrez. Igualmente particip\u00f3 la Municipalidad de Rengo, representada en esta oportunidad por Marcelo Fuentes, Jefe de Gabinete del organismo.<\/p>\n\n\n\n<p>La primera materia abordada en la reuni\u00f3n tuvo relaci\u00f3n con la necesidad de realizar una completa revisi\u00f3n y mantenci\u00f3n de las instalaciones del embalse Laguna Los Cristales, obra bajo administraci\u00f3n de la Junta de Vigilancia desde el a\u00f1o 1982, que a juicio de los regantes renguinos ha jugado un rol clave en el desarrollo productivo del valle agr\u00edcola durante los \u00faltimos 50 a\u00f1os.<\/p>\n\n\n\n<p>Al respecto, Paredes se\u00f1al\u00f3 que \u201cEsta obra de ingenier\u00eda desarrollada en la d\u00e9cada del 70 bajo un proyecto financiado por los gobiernos de Chile y Alemania, ha permitido un desarrollo sostenido de la actividad agr\u00edcola, pero hoy tras varias d\u00e9cadas de exitoso funcionamiento es necesario darle una mirada profunda, para revisar los sistemas de captaci\u00f3n y evacuaci\u00f3n, ver los estados de las instalaciones el\u00e9ctricas, revisar las compuertas, las v\u00e1lvulas de evacuaci\u00f3n, en fin. Nuestro peque\u00f1o embalse debe ser visto por especialistas que nos puedan a ayudar a contar con esta obra por otros largos a\u00f1os, porque a Rengo s\u00f3lo le ha brindado buenas noticias\u201d.<\/p>\n\n\n\n<p>Ante esta situaci\u00f3n, la Seremi de Obras P\u00fablicas indic\u00f3 que \u201ces un tema muy relevante, que necesita apoyo y un trabajo t\u00e9cnico intenso. Vamos a partir revisando toda la documentaci\u00f3n existente sobre las instalaciones y junto a la Direcci\u00f3n de Obras Hidr\u00e1ulicas podremos elevar alg\u00fan informe que nos permita primero establecer un catastro, el estado de las instalaciones y los eventuales trabajos de mantenci\u00f3n que se requieren. Es un proceso que requiere tiempo y capacidad t\u00e9cnica, la voluntad ya est\u00e1 por parte de nuestro servicio y tenemos una contraparte muy activa y empoderada, lo que facilita el avance de estas iniciativas\u201d.<\/p>\n\n\n\n<p>Sobre la materia, las entidades involucradas ya trabajan desde sus competencias para establecer los siguientes pasos, que permitan llegar a generar alg\u00fan programa de mantenci\u00f3n de las instalaciones, ubicadas en la pre cordillera renguina, a 2.450 msnm.<\/p>\n\n\n\n<p>Por otra parte, el avance del proyecto Embalse Bollenar capta la atenci\u00f3n de los regantes renguinos, ante lo cual el Director Regional de Obras Hidr\u00e1ulicas indic\u00f3 que actualmente se encuentran a la espera del proceso de toma de raz\u00f3n por parte de Contralor\u00eda para oficializar la adjudicaci\u00f3n de la empresa que tendr\u00e1 a cargo el Dise\u00f1o Final, instancia que deber\u00e1 desarrollarse por los pr\u00f3ximos 24 meses. Valenzuela agreg\u00f3 que, adem\u00e1s cumpli\u00e9ndose esta etapa, se podr\u00e1 levantar la licitaci\u00f3n para el Estudio de Impacto Ambiental, que deber\u00eda estar ejecut\u00e1ndose de manera paralela al estudio de Dise\u00f1o, pasos previos a la eventual construcci\u00f3n. Al respecto, el Director Regional de Obras Hidr\u00e1ulicas agreg\u00f3 que \u201cBollenar es prioridad, pues est\u00e1 inserto en una pol\u00edtica de Estado. En un par de semanas tendremos un importante avance con el inicio de la etapa de Dise\u00f1o, ya que eso nos permite avanzar tambi\u00e9n con la etapa ambiental, donde habr\u00e1 que trasladar el tema a la comunidad. La Junta de Vigilancia del r\u00edo claro viene haciendo un trabajo muy serio, t\u00e9cnico y profesional, que ha permitido llevar esta iniciativa a una prioridad del Estado Chileno y eso hay que valorarlo\u201d.<\/p>\n\n\n\n<p>Por su parte el Consejero Regional Alex Ram\u00edrez, indic\u00f3 que \u201ca medida que he ido conociendo a la organizaci\u00f3n de usuarios del agua, ha podido ver con otra mirada el desarrollo productivo de la Comuna de Rengo. Hoy el cambio clim\u00e1tico no es un discurso, es una realidad y ante eso, cualquier esfuerzo para contar con seguridad h\u00eddrica ya sea para consumo humano, para la agricultura, para asegurar los ecosistemas, se debe priorizar. El CORE entiende eso y el proyecto Embalse Bollenar hoy cuenta con el apoyo un\u00e1nime de los consejeros, es un proyecto necesario y viable\u201d.<\/p>\n\n\n\n<p>Para los regantes de Rengo se trat\u00f3 de una jornada muy relevante, pues se pudo conversar y consultar sobre materias tan importantes como, por ejemplo, saber si el Ministerio cuenta con los recursos para asegurar el desarrollo de los estudios ambientales, dando as\u00ed continuidad a la hoja de navegaci\u00f3n que tiene el proyecto Embalse Bollenar.<\/p>\n\n\n\n<p>No se descarta que apenas Contralor\u00eda resuelva la licitaci\u00f3n del Dise\u00f1o Final, las autoridades puedan llegar al territorio para conocer el emplazamiento y los aspectos generales del proyecto. &nbsp;<\/p>\n","protected":false},"excerpt":{"rendered":"Revisi\u00f3n de instalaciones de Laguna Los Cristales y avance de proyecto Embalse Bollenar entre las materias abordadas. Mar\u00eda&hellip;\n","protected":false},"author":1,"featured_media":6203,"comment_status":"open","ping_status":"open","sticky":false,"template":"","format":"standard","meta":{"_monsterinsights_skip_tracking":false,"_monsterinsights_sitenote_active":false,"_monsterinsights_sitenote_note":"","_monsterinsights_sitenote_category":0,"footnotes":""},"categories":[8],"tags":[],"class_list":{"0":"post-6196","1":"post","2":"type-post","3":"status-publish","4":"format-standard","5":"has-post-thumbnail","7":"category-portada"},"aioseo_notices":[],"_links":{"self":[{"href":"https:\/\/www.rengoenlanoticia.cl\/prensa\/wp-json\/wp\/v2\/posts\/6196","targetHints":{"allow":["GET"]}}],"collection":[{"href":"https:\/\/www.rengoenlanoticia.cl\/prensa\/wp-json\/wp\/v2\/posts"}],"about":[{"href":"https:\/\/www.rengoenlanoticia.cl\/prensa\/wp-json\/wp\/v2\/types\/post"}],"author":[{"embeddable":true,"href":"https:\/\/www.rengoenlanoticia.cl\/prensa\/wp-json\/wp\/v2\/users\/1"}],"replies":[{"embeddable":true,"href":"https:\/\/www.rengoenlanoticia.cl\/prensa\/wp-json\/wp\/v2\/comments?post=6196"}],"version-history":[{"count":3,"href":"https:\/\/www.rengoenlanoticia.cl\/prensa\/wp-json\/wp\/v2\/posts\/6196\/revisions"}],"predecessor-version":[{"id":6206,"href":"https:\/\/www.rengoenlanoticia.cl\/prensa\/wp-json\/wp\/v2\/posts\/6196\/revisions\/6206"}],"wp:featuredmedia":[{"embeddable":true,"href":"https:\/\/www.rengoenlanoticia.cl\/prensa\/wp-json\/wp\/v2\/media\/6203"}],"wp:attachment":[{"href":"https:\/\/www.rengoenlanoticia.cl\/prensa\/wp-json\/wp\/v2\/media?parent=6196"}],"wp:term":[{"taxonomy":"category","embeddable":true,"href":"https:\/\/www.rengoenlanoticia.cl\/prensa\/wp-json\/wp\/v2\/categories?post=6196"},{"taxonomy":"post_tag","embeddable":true,"href":"https:\/\/www.rengoenlanoticia.cl\/prensa\/wp-json\/wp\/v2\/tags?post=6196"}],"curies":[{"name":"wp","href":"https:\/\/api.w.org\/{rel}","templated":true}]}}