{"id":6096,"date":"2025-09-23T02:19:49","date_gmt":"2025-09-23T02:19:49","guid":{"rendered":"https:\/\/www.rengoenlanoticia.cl\/prensa\/?p=6096"},"modified":"2025-09-23T02:32:20","modified_gmt":"2025-09-23T02:32:20","slug":"amplio-despliegue-en-fiestas-patriasmas-de-5-mil-controles-vehiculares-realizo-carabineros-en-las-diferente-rutas-de-la-region","status":"publish","type":"post","link":"https:\/\/www.rengoenlanoticia.cl\/prensa\/2025\/09\/23\/amplio-despliegue-en-fiestas-patriasmas-de-5-mil-controles-vehiculares-realizo-carabineros-en-las-diferente-rutas-de-la-region\/","title":{"rendered":"Amplio despliegue en Fiestas Patrias:M\u00e1s de 5 mil controles vehiculares realiz\u00f3 Carabineros en las diferente rutas de la Regi\u00f3n"},"content":{"rendered":"\n<p>Adem\u00e1s, estuvo con presencia activa en m\u00e1s de 120 eventos de Fondas y Ramadas.<\/p>\n\n\n\n<p>Carabineros durante la celebraci\u00f3n de Fiestas Patrias desarroll\u00f3 un amplio despliegue con presencia en todas las rutas de la regi\u00f3n y en m\u00e1s 120 eventos de fondas y ramadas.<br>El Prefecto Cachapoal, Coronel Nibaldo S\u00e1nchez Cabrera, inform\u00f3 que entre el mi\u00e9rcoles 17 y domingo 21 de septiembre en los servicios de Ruta Segura, que incluyen controles y fiscalizaciones de tr\u00e1nsito, no hubo fallecidos en la Regi\u00f3n de O\u2019Higgins.<br>Carabineros realiz\u00f3 m\u00e1s de 5 mil 300 controles vehiculares preventivos, lo que permiti\u00f3 la detenci\u00f3n de m\u00e1s de 80 personas por conducir en estado de ebriedad (27), bajo la influencia del alcohol (20) o con drogas o estupefacientes (33). Se cursaron 338 infracciones por exceso de velocidad; 57 por no utilizar el cintur\u00f3n de seguridad y 28 por no utilizar el sistema de retenci\u00f3n infantil.<\/p>\n\n\n\n<figure class=\"wp-block-image size-large\"><img loading=\"lazy\" decoding=\"async\" width=\"1024\" height=\"682\" src=\"https:\/\/www.rengoenlanoticia.cl\/prensa\/wp-content\/uploads\/2025\/09\/WhatsApp-Image-2025-09-22-at-13.32.47-1024x682.jpeg\" alt=\"\" class=\"wp-image-6115\" srcset=\"https:\/\/www.rengoenlanoticia.cl\/prensa\/wp-content\/uploads\/2025\/09\/WhatsApp-Image-2025-09-22-at-13.32.47-1024x682.jpeg 1024w, https:\/\/www.rengoenlanoticia.cl\/prensa\/wp-content\/uploads\/2025\/09\/WhatsApp-Image-2025-09-22-at-13.32.47-300x200.jpeg 300w, https:\/\/www.rengoenlanoticia.cl\/prensa\/wp-content\/uploads\/2025\/09\/WhatsApp-Image-2025-09-22-at-13.32.47-768x512.jpeg 768w, https:\/\/www.rengoenlanoticia.cl\/prensa\/wp-content\/uploads\/2025\/09\/WhatsApp-Image-2025-09-22-at-13.32.47-1536x1023.jpeg 1536w, https:\/\/www.rengoenlanoticia.cl\/prensa\/wp-content\/uploads\/2025\/09\/WhatsApp-Image-2025-09-22-at-13.32.47-110x73.jpeg 110w, https:\/\/www.rengoenlanoticia.cl\/prensa\/wp-content\/uploads\/2025\/09\/WhatsApp-Image-2025-09-22-at-13.32.47-200x133.jpeg 200w, https:\/\/www.rengoenlanoticia.cl\/prensa\/wp-content\/uploads\/2025\/09\/WhatsApp-Image-2025-09-22-at-13.32.47-380x253.jpeg 380w, https:\/\/www.rengoenlanoticia.cl\/prensa\/wp-content\/uploads\/2025\/09\/WhatsApp-Image-2025-09-22-at-13.32.47-255x170.jpeg 255w, https:\/\/www.rengoenlanoticia.cl\/prensa\/wp-content\/uploads\/2025\/09\/WhatsApp-Image-2025-09-22-at-13.32.47-550x366.jpeg 550w, https:\/\/www.rengoenlanoticia.cl\/prensa\/wp-content\/uploads\/2025\/09\/WhatsApp-Image-2025-09-22-at-13.32.47-800x533.jpeg 800w, https:\/\/www.rengoenlanoticia.cl\/prensa\/wp-content\/uploads\/2025\/09\/WhatsApp-Image-2025-09-22-at-13.32.47-1160x773.jpeg 1160w, https:\/\/www.rengoenlanoticia.cl\/prensa\/wp-content\/uploads\/2025\/09\/WhatsApp-Image-2025-09-22-at-13.32.47.jpeg 1600w\" sizes=\"auto, (max-width: 1024px) 100vw, 1024px\" \/><\/figure>\n\n\n\n<p><br>En cuanto a las Fondas y Ramadas hubo un total de 49 detenidos, 46 de ellos en flagrancia y 3 por \u00f3rdenes vigentes; se incautaron 3 armas blancas y un 1 veh\u00edculo.<br>Cabe recordar que en la Regi\u00f3n de O\u2019Higgins Carabineros instal\u00f3 la Subcomisar\u00eda Temporal en la Medialuna de Rancagua y Tenencia Temporal en el Parque Abel Bouchon de San Fernando.<\/p>\n\n\n\n<figure class=\"wp-block-image size-large\"><img loading=\"lazy\" decoding=\"async\" width=\"768\" height=\"1024\" src=\"https:\/\/www.rengoenlanoticia.cl\/prensa\/wp-content\/uploads\/2025\/09\/WhatsApp-Image-2025-09-22-at-13.32.46-1-768x1024.jpeg\" alt=\"\" class=\"wp-image-6113\" srcset=\"https:\/\/www.rengoenlanoticia.cl\/prensa\/wp-content\/uploads\/2025\/09\/WhatsApp-Image-2025-09-22-at-13.32.46-1-768x1024.jpeg 768w, https:\/\/www.rengoenlanoticia.cl\/prensa\/wp-content\/uploads\/2025\/09\/WhatsApp-Image-2025-09-22-at-13.32.46-1-225x300.jpeg 225w, https:\/\/www.rengoenlanoticia.cl\/prensa\/wp-content\/uploads\/2025\/09\/WhatsApp-Image-2025-09-22-at-13.32.46-1-110x147.jpeg 110w, https:\/\/www.rengoenlanoticia.cl\/prensa\/wp-content\/uploads\/2025\/09\/WhatsApp-Image-2025-09-22-at-13.32.46-1-200x267.jpeg 200w, https:\/\/www.rengoenlanoticia.cl\/prensa\/wp-content\/uploads\/2025\/09\/WhatsApp-Image-2025-09-22-at-13.32.46-1-380x507.jpeg 380w, https:\/\/www.rengoenlanoticia.cl\/prensa\/wp-content\/uploads\/2025\/09\/WhatsApp-Image-2025-09-22-at-13.32.46-1-255x340.jpeg 255w, https:\/\/www.rengoenlanoticia.cl\/prensa\/wp-content\/uploads\/2025\/09\/WhatsApp-Image-2025-09-22-at-13.32.46-1-300x400.jpeg 300w, https:\/\/www.rengoenlanoticia.cl\/prensa\/wp-content\/uploads\/2025\/09\/WhatsApp-Image-2025-09-22-at-13.32.46-1-550x733.jpeg 550w, https:\/\/www.rengoenlanoticia.cl\/prensa\/wp-content\/uploads\/2025\/09\/WhatsApp-Image-2025-09-22-at-13.32.46-1-800x1067.jpeg 800w, https:\/\/www.rengoenlanoticia.cl\/prensa\/wp-content\/uploads\/2025\/09\/WhatsApp-Image-2025-09-22-at-13.32.46-1.jpeg 960w\" sizes=\"auto, (max-width: 768px) 100vw, 768px\" \/><\/figure>\n","protected":false},"excerpt":{"rendered":"Adem\u00e1s, estuvo con presencia activa en m\u00e1s de 120 eventos de Fondas y Ramadas. Carabineros durante la celebraci\u00f3n&hellip;\n","protected":false},"author":1,"featured_media":6114,"comment_status":"open","ping_status":"open","sticky":false,"template":"","format":"standard","meta":{"_monsterinsights_skip_tracking":false,"_monsterinsights_sitenote_active":false,"_monsterinsights_sitenote_note":"","_monsterinsights_sitenote_category":0,"footnotes":""},"categories":[5,8],"tags":[],"class_list":{"0":"post-6096","1":"post","2":"type-post","3":"status-publish","4":"format-standard","5":"has-post-thumbnail","7":"category-policial","8":"category-portada"},"aioseo_notices":[],"_links":{"self":[{"href":"https:\/\/www.rengoenlanoticia.cl\/prensa\/wp-json\/wp\/v2\/posts\/6096","targetHints":{"allow":["GET"]}}],"collection":[{"href":"https:\/\/www.rengoenlanoticia.cl\/prensa\/wp-json\/wp\/v2\/posts"}],"about":[{"href":"https:\/\/www.rengoenlanoticia.cl\/prensa\/wp-json\/wp\/v2\/types\/post"}],"author":[{"embeddable":true,"href":"https:\/\/www.rengoenlanoticia.cl\/prensa\/wp-json\/wp\/v2\/users\/1"}],"replies":[{"embeddable":true,"href":"https:\/\/www.rengoenlanoticia.cl\/prensa\/wp-json\/wp\/v2\/comments?post=6096"}],"version-history":[{"count":3,"href":"https:\/\/www.rengoenlanoticia.cl\/prensa\/wp-json\/wp\/v2\/posts\/6096\/revisions"}],"predecessor-version":[{"id":6124,"href":"https:\/\/www.rengoenlanoticia.cl\/prensa\/wp-json\/wp\/v2\/posts\/6096\/revisions\/6124"}],"wp:featuredmedia":[{"embeddable":true,"href":"https:\/\/www.rengoenlanoticia.cl\/prensa\/wp-json\/wp\/v2\/media\/6114"}],"wp:attachment":[{"href":"https:\/\/www.rengoenlanoticia.cl\/prensa\/wp-json\/wp\/v2\/media?parent=6096"}],"wp:term":[{"taxonomy":"category","embeddable":true,"href":"https:\/\/www.rengoenlanoticia.cl\/prensa\/wp-json\/wp\/v2\/categories?post=6096"},{"taxonomy":"post_tag","embeddable":true,"href":"https:\/\/www.rengoenlanoticia.cl\/prensa\/wp-json\/wp\/v2\/tags?post=6096"}],"curies":[{"name":"wp","href":"https:\/\/api.w.org\/{rel}","templated":true}]}}