{"id":6095,"date":"2025-09-23T02:27:00","date_gmt":"2025-09-23T02:27:00","guid":{"rendered":"https:\/\/www.rengoenlanoticia.cl\/prensa\/?p=6095"},"modified":"2025-09-23T02:27:02","modified_gmt":"2025-09-23T02:27:02","slug":"top-de-san-fernando-condena-a-15-anos-de-presidio-a-autor-de-robo-con-intimidacion-homicidio-frustrado-y-porte-de-arma-de-fuego-prohibida","status":"publish","type":"post","link":"https:\/\/www.rengoenlanoticia.cl\/prensa\/2025\/09\/23\/top-de-san-fernando-condena-a-15-anos-de-presidio-a-autor-de-robo-con-intimidacion-homicidio-frustrado-y-porte-de-arma-de-fuego-prohibida\/","title":{"rendered":"TOP de San Fernando condena a 15 a\u00f1os de presidio a autor de robo con intimidaci\u00f3n, homicidio frustrado y porte de arma de fuego prohibida"},"content":{"rendered":"\n<p>En fallo un\u00e1nime (causa rol 58-2025), el tribunal -integrado por la jueza Marisol L\u00f3pez Machuca (presidenta), y los magistrados Crist\u00f3bal \u00c1vila Mora y Carlos P\u00e9rez D\u00edaz (redactor)- aplic\u00f3 a Flores Macaya las accesorias de inhabilitaci\u00f3n absoluta perpetua para cargos y oficios p\u00fablicos y derechos pol\u00edticos y de inhabilitaci\u00f3n absoluta para profesiones titulares mientras dure la condena.<\/p>\n\n\n\n<p>El Tribunal de Juicio Oral en lo Penal de San Fernando conden\u00f3, con costas, a Jes\u00fas Fernando Flores Macaya a la pena \u00fanica de 15 a\u00f1os y un d\u00eda de presidio de cumplimiento efectivo, en calidad de autor de los delitos de robo con intimidaci\u00f3n, porte ilegal de arma de fuego prohibida (ambos en calidad de consumados) y homicidio frustrado. Il\u00edcitos perpetrados en septiembre de 2024, en la comuna.<\/p>\n\n\n\n<p>En fallo un\u00e1nime (causa rol 58-2025), el tribunal -integrado por la jueza Marisol L\u00f3pez Machuca (presidenta), y los magistrados Crist\u00f3bal \u00c1vila Mora y Carlos P\u00e9rez D\u00edaz (redactor)- aplic\u00f3 a Flores Macaya las accesorias de inhabilitaci\u00f3n absoluta perpetua para cargos y oficios p\u00fablicos y derechos pol\u00edticos y de inhabilitaci\u00f3n absoluta para profesiones titulares mientras dure la condena.<\/p>\n\n\n\n<p>El tribunal dio por acreditado m\u00e1s all\u00e1 de toda duda razonable que \u201cel 15 de septiembre de 2024, siendo aproximadamente las 11:45 horas, las v\u00edctimas de iniciales S.T.C.B. y A.F.G.T., circulaban en la v\u00eda p\u00fablica por el Parque Los Barrios de la comuna de San Fernando, advirtieron la presencia de dos sujetos, entre ellos el imputado Jes\u00fas Flores Macaya, los que comenzaron a seguirlos. Las v\u00edctimas se dirig\u00edan hacia Villa Georgina, por calle Juan Godoy, cuando en la intersecci\u00f3n de calle Algarrobo se acercaron estos sujetos por la espalda. Uno de ellos les dijo que si hac\u00edan algo, les disparaban, mientras el otro les solicit\u00f3 dinero en efectivo y especies que andaban trayendo\u201d.<\/p>\n\n\n\n<p>Agrega que \u201catendido a que circulaba gente por el sector, los imputados los llevaron bajo amenazas de portar un arma de fuego que pod\u00edan disparar, hacia otro lugar donde no pod\u00edan verlos los transe\u00fantes, espec\u00edficamente hasta calle Juan Godoy, lugar donde se encuentra ubicada una cancha, donde sustrajeron la cadena y el reloj de la v\u00edctima A.F.G.T. y a la v\u00edctima S.T.C.B. las zapatillas, una casaca, un poler\u00f3n, d\u00e1ndose a la fuga del lugar\u201d.<\/p>\n\n\n\n<p>Ese mismo d\u00eda, a las 16:10 horas, expone el fallo, \u201cel imputado Flores Macaya concurri\u00f3 al Parque Los Barrios de la comuna de San Fernando, donde se encontraba la v\u00edctima J.C.V.G., en compa\u00f1\u00eda de su pareja J.B.CH.S., en un puesto de venta de volantines que mantiene en el lugar. El imputado Flores Macaya, que era conocido de la v\u00edctima, le pidi\u00f3 $1.000, a lo que esta se neg\u00f3, dici\u00e9ndole \u2018\u00bfpor qu\u00e9 te tengo que dar dinero?\u2019, procediendo el imputado a sacar, desde una mochila que portaba, un arma tipo hechiza, con la que apunt\u00f3 a la v\u00edctima, pero no pudo percutar pese a que lo intent\u00f3 en tres ocasiones, por lo que sac\u00f3 un cuchillo y lo clav\u00f3 en el est\u00f3mago, para luego salir huyendo. Producto de lo anterior, la v\u00edctima J.C.V.G. result\u00f3 con lesiones graves\u201d.<\/p>\n\n\n\n<p>\u201cCarabineros -prosigue- logr\u00f3 la detenci\u00f3n del imputado Jes\u00fas Flores Macaya, quien portaba dos municiones sin percutar, procediendo a un registro de su domicilio ubicado en (\u2026), comuna de San Fernando, donde se incaut\u00f3 un arma de fuego artesanal, tipo escopeta, la cual manten\u00eda un cartucho calibre 12\u201d.<\/p>\n\n\n\n<p>El tribunal absolvi\u00f3 a Flores Macaya de la acusaci\u00f3n del Ministerio P\u00fablico por los delitos de porte ilegal de municiones y cultivo de cannabis.<\/p>\n\n\n\n<p>Una vez que el fallo quede ejecutoriado, el tribunal dispuso que se proceda a la toma de muestras biol\u00f3gicas del sentenciado&nbsp;para determinar su huella gen\u00e9tica&nbsp;e incorporaci\u00f3n en el registro nacional de ADN de condenados.<\/p>\n","protected":false},"excerpt":{"rendered":"En fallo un\u00e1nime (causa rol 58-2025), el tribunal -integrado por la jueza Marisol L\u00f3pez Machuca (presidenta), y los&hellip;\n","protected":false},"author":1,"featured_media":6110,"comment_status":"open","ping_status":"open","sticky":false,"template":"","format":"standard","meta":{"_monsterinsights_skip_tracking":false,"_monsterinsights_sitenote_active":false,"_monsterinsights_sitenote_note":"","_monsterinsights_sitenote_category":0,"footnotes":""},"categories":[8],"tags":[],"class_list":{"0":"post-6095","1":"post","2":"type-post","3":"status-publish","4":"format-standard","5":"has-post-thumbnail","7":"category-portada"},"aioseo_notices":[],"_links":{"self":[{"href":"https:\/\/www.rengoenlanoticia.cl\/prensa\/wp-json\/wp\/v2\/posts\/6095","targetHints":{"allow":["GET"]}}],"collection":[{"href":"https:\/\/www.rengoenlanoticia.cl\/prensa\/wp-json\/wp\/v2\/posts"}],"about":[{"href":"https:\/\/www.rengoenlanoticia.cl\/prensa\/wp-json\/wp\/v2\/types\/post"}],"author":[{"embeddable":true,"href":"https:\/\/www.rengoenlanoticia.cl\/prensa\/wp-json\/wp\/v2\/users\/1"}],"replies":[{"embeddable":true,"href":"https:\/\/www.rengoenlanoticia.cl\/prensa\/wp-json\/wp\/v2\/comments?post=6095"}],"version-history":[{"count":3,"href":"https:\/\/www.rengoenlanoticia.cl\/prensa\/wp-json\/wp\/v2\/posts\/6095\/revisions"}],"predecessor-version":[{"id":6122,"href":"https:\/\/www.rengoenlanoticia.cl\/prensa\/wp-json\/wp\/v2\/posts\/6095\/revisions\/6122"}],"wp:featuredmedia":[{"embeddable":true,"href":"https:\/\/www.rengoenlanoticia.cl\/prensa\/wp-json\/wp\/v2\/media\/6110"}],"wp:attachment":[{"href":"https:\/\/www.rengoenlanoticia.cl\/prensa\/wp-json\/wp\/v2\/media?parent=6095"}],"wp:term":[{"taxonomy":"category","embeddable":true,"href":"https:\/\/www.rengoenlanoticia.cl\/prensa\/wp-json\/wp\/v2\/categories?post=6095"},{"taxonomy":"post_tag","embeddable":true,"href":"https:\/\/www.rengoenlanoticia.cl\/prensa\/wp-json\/wp\/v2\/tags?post=6095"}],"curies":[{"name":"wp","href":"https:\/\/api.w.org\/{rel}","templated":true}]}}