{"id":6093,"date":"2025-09-23T02:24:14","date_gmt":"2025-09-23T02:24:14","guid":{"rendered":"https:\/\/www.rengoenlanoticia.cl\/prensa\/?p=6093"},"modified":"2025-09-23T02:24:15","modified_gmt":"2025-09-23T02:24:15","slug":"el-grap-josue-19-se-suma-a-busqueda-de-menor-desaparecido-en-playa-las-torpederas","status":"publish","type":"post","link":"https:\/\/www.rengoenlanoticia.cl\/prensa\/2025\/09\/23\/el-grap-josue-19-se-suma-a-busqueda-de-menor-desaparecido-en-playa-las-torpederas\/","title":{"rendered":"El GRAP Josu\u00e9 1:9 se suma a b\u00fasqueda de menor desaparecido en Playa Las Torpederas"},"content":{"rendered":"\n<p>El Grupo de Rescate Acu\u00e1tico de Pichilemu, GRAP Josu\u00e9 1:9, se encuentra apoyando desde el d\u00eda de hoy en la b\u00fasqueda de ni\u00f1o de 14 a\u00f1os, extraviado en Playa Las Torpederas, regi\u00f3n de Valpara\u00edso.<br>Un grupo de voluntarios de la nuestra comuna se encuentra apoyando en forma presencial a la familia del joven que S encuentra desaparecido desde el d\u00eda s\u00e1bado 13 de septiembre del 2025.<br>Los integrantes del GRAP fueron contactados por familiares de Mart\u00edn, quienes supieron de las capacidades del Grupo y su generosidad, solicitando el apoyo de los voluntarios, quienes pudieron desplazarse con un grupo de buzos, moto de agua, equipo de comunicaciones y Dron, con el fin de poder aportar un granito de arena en la angustia de la familia.<\/p>\n\n\n\n<figure class=\"wp-block-image size-large\"><img loading=\"lazy\" decoding=\"async\" width=\"1024\" height=\"768\" src=\"https:\/\/www.rengoenlanoticia.cl\/prensa\/wp-content\/uploads\/2025\/09\/WhatsApp-Image-2025-09-22-at-16.30.15-1024x768.jpeg\" alt=\"\" class=\"wp-image-6106\" srcset=\"https:\/\/www.rengoenlanoticia.cl\/prensa\/wp-content\/uploads\/2025\/09\/WhatsApp-Image-2025-09-22-at-16.30.15-1024x768.jpeg 1024w, https:\/\/www.rengoenlanoticia.cl\/prensa\/wp-content\/uploads\/2025\/09\/WhatsApp-Image-2025-09-22-at-16.30.15-300x225.jpeg 300w, https:\/\/www.rengoenlanoticia.cl\/prensa\/wp-content\/uploads\/2025\/09\/WhatsApp-Image-2025-09-22-at-16.30.15-768x576.jpeg 768w, https:\/\/www.rengoenlanoticia.cl\/prensa\/wp-content\/uploads\/2025\/09\/WhatsApp-Image-2025-09-22-at-16.30.15-1536x1152.jpeg 1536w, https:\/\/www.rengoenlanoticia.cl\/prensa\/wp-content\/uploads\/2025\/09\/WhatsApp-Image-2025-09-22-at-16.30.15-110x83.jpeg 110w, https:\/\/www.rengoenlanoticia.cl\/prensa\/wp-content\/uploads\/2025\/09\/WhatsApp-Image-2025-09-22-at-16.30.15-200x150.jpeg 200w, https:\/\/www.rengoenlanoticia.cl\/prensa\/wp-content\/uploads\/2025\/09\/WhatsApp-Image-2025-09-22-at-16.30.15-380x285.jpeg 380w, https:\/\/www.rengoenlanoticia.cl\/prensa\/wp-content\/uploads\/2025\/09\/WhatsApp-Image-2025-09-22-at-16.30.15-255x191.jpeg 255w, https:\/\/www.rengoenlanoticia.cl\/prensa\/wp-content\/uploads\/2025\/09\/WhatsApp-Image-2025-09-22-at-16.30.15-550x413.jpeg 550w, https:\/\/www.rengoenlanoticia.cl\/prensa\/wp-content\/uploads\/2025\/09\/WhatsApp-Image-2025-09-22-at-16.30.15-800x600.jpeg 800w, https:\/\/www.rengoenlanoticia.cl\/prensa\/wp-content\/uploads\/2025\/09\/WhatsApp-Image-2025-09-22-at-16.30.15-1160x870.jpeg 1160w, https:\/\/www.rengoenlanoticia.cl\/prensa\/wp-content\/uploads\/2025\/09\/WhatsApp-Image-2025-09-22-at-16.30.15.jpeg 1600w\" sizes=\"auto, (max-width: 1024px) 100vw, 1024px\" \/><\/figure>\n\n\n\n<p><br>Como siempre GRAP, y su gente, se desplazaron hacia Valpara\u00edso con el fin de poder entregar esperanza a la familia de Mart\u00edn y lograr cooperar en lo que mejor sabe hacer el GRAP.<br>Sin duda esto resalta las labores del Grupo, considerando que desde Pichilemu hasta la quinta regi\u00f3n se ha podido conocer las labores de los Voluntarios del GRAP, esperando poder aportar positivamente en la b\u00fasqueda de personas.<\/p>\n","protected":false},"excerpt":{"rendered":"El Grupo de Rescate Acu\u00e1tico de Pichilemu, GRAP Josu\u00e9 1:9, se encuentra apoyando desde el d\u00eda de hoy&hellip;\n","protected":false},"author":1,"featured_media":6107,"comment_status":"open","ping_status":"open","sticky":false,"template":"","format":"standard","meta":{"_monsterinsights_skip_tracking":false,"_monsterinsights_sitenote_active":false,"_monsterinsights_sitenote_note":"","_monsterinsights_sitenote_category":0,"footnotes":""},"categories":[8],"tags":[],"class_list":{"0":"post-6093","1":"post","2":"type-post","3":"status-publish","4":"format-standard","5":"has-post-thumbnail","7":"category-portada"},"aioseo_notices":[],"_links":{"self":[{"href":"https:\/\/www.rengoenlanoticia.cl\/prensa\/wp-json\/wp\/v2\/posts\/6093","targetHints":{"allow":["GET"]}}],"collection":[{"href":"https:\/\/www.rengoenlanoticia.cl\/prensa\/wp-json\/wp\/v2\/posts"}],"about":[{"href":"https:\/\/www.rengoenlanoticia.cl\/prensa\/wp-json\/wp\/v2\/types\/post"}],"author":[{"embeddable":true,"href":"https:\/\/www.rengoenlanoticia.cl\/prensa\/wp-json\/wp\/v2\/users\/1"}],"replies":[{"embeddable":true,"href":"https:\/\/www.rengoenlanoticia.cl\/prensa\/wp-json\/wp\/v2\/comments?post=6093"}],"version-history":[{"count":2,"href":"https:\/\/www.rengoenlanoticia.cl\/prensa\/wp-json\/wp\/v2\/posts\/6093\/revisions"}],"predecessor-version":[{"id":6120,"href":"https:\/\/www.rengoenlanoticia.cl\/prensa\/wp-json\/wp\/v2\/posts\/6093\/revisions\/6120"}],"wp:featuredmedia":[{"embeddable":true,"href":"https:\/\/www.rengoenlanoticia.cl\/prensa\/wp-json\/wp\/v2\/media\/6107"}],"wp:attachment":[{"href":"https:\/\/www.rengoenlanoticia.cl\/prensa\/wp-json\/wp\/v2\/media?parent=6093"}],"wp:term":[{"taxonomy":"category","embeddable":true,"href":"https:\/\/www.rengoenlanoticia.cl\/prensa\/wp-json\/wp\/v2\/categories?post=6093"},{"taxonomy":"post_tag","embeddable":true,"href":"https:\/\/www.rengoenlanoticia.cl\/prensa\/wp-json\/wp\/v2\/tags?post=6093"}],"curies":[{"name":"wp","href":"https:\/\/api.w.org\/{rel}","templated":true}]}}