{"id":6091,"date":"2025-09-23T02:21:32","date_gmt":"2025-09-23T02:21:32","guid":{"rendered":"https:\/\/www.rengoenlanoticia.cl\/prensa\/?p=6091"},"modified":"2025-09-23T02:21:34","modified_gmt":"2025-09-23T02:21:34","slug":"37-organizaciones-sociales-de-las-3-provincias-de-la-region-reciben-recursos-del-ffoip-de-la-seremi-de-gobierno","status":"publish","type":"post","link":"https:\/\/www.rengoenlanoticia.cl\/prensa\/2025\/09\/23\/37-organizaciones-sociales-de-las-3-provincias-de-la-region-reciben-recursos-del-ffoip-de-la-seremi-de-gobierno\/","title":{"rendered":"37 organizaciones sociales de las 3 provincias de la regi\u00f3n reciben recursos del FFOIP de la seremi de Gobierno"},"content":{"rendered":"\n<p>El Fondo de Fortalecimiento de Organizaciones de Inter\u00e9s P\u00fablico beneficia a agrupaciones que promocionan el inter\u00e9s general en materia de derechos de la ciudadan\u00eda, asistencia social, educaci\u00f3n, salud, medio ambiente, o cualquiera otra \u00e1rea de bien com\u00fan, en especial las que recurren al voluntariado.<\/p>\n\n\n\n<p><strong>\u00a0<\/strong>Proyecto que van en directo beneficio de las organizaciones de la sociedad civil, como capacitaciones a la comunidad para afrontar emergencias, educaci\u00f3n c\u00edvica para los adultos mayores, difusi\u00f3n de iniciativas de peque\u00f1os productores o apoyo a entidades que trabajan con menores con discapacidad son algunos de las iniciativas que financia en O\u2018Higgins el Fondo de Fortalecimiento de Organizaciones de Inter\u00e9s P\u00fablico del Ministerio Secretar\u00eda General de Gobierno.<\/p>\n\n\n\n<p>Para reconocer el aporte que hacen estas organizaciones y formalizar la entrega de recursos, el seremi de Gobierno Carlos Carrasco se reuni\u00f3 con las agrupaciones que en el concurso 2025 obtuvieron estos recursos por m\u00e1s de $77 millones en la Regi\u00f3n de O\u2019Higgins.<\/p>\n\n\n\n<p>La autoridad gubernamental destac\u00f3 la relevancia de apoyar y trabajar a las y los dirigentes sociales que presentan estos proyectos, de quienes asegur\u00f3 \u201cson fundamentales para tener una sociedad fuerte, participativa y deliberante, que sepa colocar en la agenda p\u00fablica las reivindicaciones de los sectores m\u00e1s populares y quienes m\u00e1s necesidades tienen. Como gobierno del Presidente Gabriel Boric debemos fortalecer esta tarea de estos l\u00edderes comunales que siempre fortalecen la democracia\u201d.<\/p>\n\n\n\n<figure class=\"wp-block-image size-large\"><img loading=\"lazy\" decoding=\"async\" width=\"1024\" height=\"576\" src=\"https:\/\/www.rengoenlanoticia.cl\/prensa\/wp-content\/uploads\/2025\/09\/Foto-2-Comunicado-FFOIP-1024x576.jpeg\" alt=\"\" class=\"wp-image-6098\" srcset=\"https:\/\/www.rengoenlanoticia.cl\/prensa\/wp-content\/uploads\/2025\/09\/Foto-2-Comunicado-FFOIP-1024x576.jpeg 1024w, https:\/\/www.rengoenlanoticia.cl\/prensa\/wp-content\/uploads\/2025\/09\/Foto-2-Comunicado-FFOIP-300x169.jpeg 300w, https:\/\/www.rengoenlanoticia.cl\/prensa\/wp-content\/uploads\/2025\/09\/Foto-2-Comunicado-FFOIP-768x432.jpeg 768w, https:\/\/www.rengoenlanoticia.cl\/prensa\/wp-content\/uploads\/2025\/09\/Foto-2-Comunicado-FFOIP-1536x864.jpeg 1536w, https:\/\/www.rengoenlanoticia.cl\/prensa\/wp-content\/uploads\/2025\/09\/Foto-2-Comunicado-FFOIP-110x62.jpeg 110w, https:\/\/www.rengoenlanoticia.cl\/prensa\/wp-content\/uploads\/2025\/09\/Foto-2-Comunicado-FFOIP-200x113.jpeg 200w, https:\/\/www.rengoenlanoticia.cl\/prensa\/wp-content\/uploads\/2025\/09\/Foto-2-Comunicado-FFOIP-380x214.jpeg 380w, https:\/\/www.rengoenlanoticia.cl\/prensa\/wp-content\/uploads\/2025\/09\/Foto-2-Comunicado-FFOIP-255x143.jpeg 255w, https:\/\/www.rengoenlanoticia.cl\/prensa\/wp-content\/uploads\/2025\/09\/Foto-2-Comunicado-FFOIP-550x309.jpeg 550w, https:\/\/www.rengoenlanoticia.cl\/prensa\/wp-content\/uploads\/2025\/09\/Foto-2-Comunicado-FFOIP-800x450.jpeg 800w, https:\/\/www.rengoenlanoticia.cl\/prensa\/wp-content\/uploads\/2025\/09\/Foto-2-Comunicado-FFOIP-1160x653.jpeg 1160w, https:\/\/www.rengoenlanoticia.cl\/prensa\/wp-content\/uploads\/2025\/09\/Foto-2-Comunicado-FFOIP.jpeg 1600w\" sizes=\"auto, (max-width: 1024px) 100vw, 1024px\" \/><\/figure>\n\n\n\n<p>A estos recursos estatales postularon organizaciones sociales sin fines de lucro, entre las cuales cuentan juntas de vecinos, uniones comunales, clubes de adulto mayor, ONG, fundaciones o cualquier otra organizaci\u00f3n que se encuentren debidamente inscrita en el Catastro de Organizaciones de Inter\u00e9s P\u00fablico.<\/p>\n\n\n\n<p><strong>PROYECTOS: CAPACITACIONES PARA AFRONTAR EMERGENCIAS Y EQUINOTERAPIA PARA MENORES CON DISCAPACIDAD<\/strong><\/p>\n\n\n\n<p>En la Casa de la Cultura de Rancagua el seremi Carrasco se reuni\u00f3 con las y los representantes de las organizaciones de la Provincia de Cachapoal que obtuvieron estos fondos, lo que tambi\u00e9n ocurri\u00f3 con los ganadores de Colchagua en San Fernando y Cardenal Caro en Pichilemu.<\/p>\n\n\n\n<figure class=\"wp-block-image size-large\"><img loading=\"lazy\" decoding=\"async\" width=\"1024\" height=\"576\" src=\"https:\/\/www.rengoenlanoticia.cl\/prensa\/wp-content\/uploads\/2025\/09\/Foto-3Comunicado-FFOIP-1024x576.jpeg\" alt=\"\" class=\"wp-image-6099\" srcset=\"https:\/\/www.rengoenlanoticia.cl\/prensa\/wp-content\/uploads\/2025\/09\/Foto-3Comunicado-FFOIP-1024x576.jpeg 1024w, https:\/\/www.rengoenlanoticia.cl\/prensa\/wp-content\/uploads\/2025\/09\/Foto-3Comunicado-FFOIP-300x169.jpeg 300w, https:\/\/www.rengoenlanoticia.cl\/prensa\/wp-content\/uploads\/2025\/09\/Foto-3Comunicado-FFOIP-768x432.jpeg 768w, https:\/\/www.rengoenlanoticia.cl\/prensa\/wp-content\/uploads\/2025\/09\/Foto-3Comunicado-FFOIP-1536x864.jpeg 1536w, https:\/\/www.rengoenlanoticia.cl\/prensa\/wp-content\/uploads\/2025\/09\/Foto-3Comunicado-FFOIP-110x62.jpeg 110w, https:\/\/www.rengoenlanoticia.cl\/prensa\/wp-content\/uploads\/2025\/09\/Foto-3Comunicado-FFOIP-200x113.jpeg 200w, https:\/\/www.rengoenlanoticia.cl\/prensa\/wp-content\/uploads\/2025\/09\/Foto-3Comunicado-FFOIP-380x214.jpeg 380w, https:\/\/www.rengoenlanoticia.cl\/prensa\/wp-content\/uploads\/2025\/09\/Foto-3Comunicado-FFOIP-255x143.jpeg 255w, https:\/\/www.rengoenlanoticia.cl\/prensa\/wp-content\/uploads\/2025\/09\/Foto-3Comunicado-FFOIP-550x309.jpeg 550w, https:\/\/www.rengoenlanoticia.cl\/prensa\/wp-content\/uploads\/2025\/09\/Foto-3Comunicado-FFOIP-800x450.jpeg 800w, https:\/\/www.rengoenlanoticia.cl\/prensa\/wp-content\/uploads\/2025\/09\/Foto-3Comunicado-FFOIP-1160x653.jpeg 1160w, https:\/\/www.rengoenlanoticia.cl\/prensa\/wp-content\/uploads\/2025\/09\/Foto-3Comunicado-FFOIP.jpeg 1600w\" sizes=\"auto, (max-width: 1024px) 100vw, 1024px\" \/><\/figure>\n\n\n\n<p>Una de las entidades es la Uni\u00f3n Comunal de Juntas de Vecinos de Graneros, con el proyecto \u201cComunicades Preparadas\u201d. Daniela Medina, representante de la agrupaci\u00f3n, detall\u00f3 en qu\u00e9 consiste el proyecto adjudicado. \u201cSe basa en organizarnos como comunidad ante la ocurrencia de alguna emergencia o desastre: un incendio, un terremoto o una inundaci\u00f3n y ver de qu\u00e9 manera coordinadamente la sociedad civil se organiza para enfrentar este tipo de eventualidades. Son capacitaciones y talleres en los cuales vamos a aprender algo de enfermer\u00eda para primeros auxilios, prevenci\u00f3n de riesgos comunitarios con un profesional del \u00e1rea, tambi\u00e9n tendremos equipamiento para nuestra sede comunitaria, lo que finalmente fortalece el desarrollo local\u201d, dijo la l\u00edder comunitaria.<\/p>\n\n\n\n<p>Asimismo, Medina se refiri\u00f3 al aporte que significa el FFOIP. \u201cEstamos contentos de haber ganado el fondo de fortalecimiento este a\u00f1o, que sin duda va a potenciar el trabajo que tienen los dirigentes sociales y juntas de vecinos de Graneros, pudiendo la comunidad organizada optar a estos beneficios que permiten el desarrollo local, que es lo que b\u00e1sicamente pretendemos con este lindo proyecto\u201d, sostuvo.<\/p>\n\n\n\n<p>Otra iniciativa que obtuvo recursos es \u201cCabalgando hacia la Inclusi\u00f3n\u201d, presentado por la agrupaci\u00f3n \u201cTrem\u00fcn, en la Diferencia est\u00e1 en la Igualdad\u201d, entidad que en Do\u00f1ihue realiza equinoterapia dirigida a ni\u00f1as y ni\u00f1os con diversos diagn\u00f3sticos, como S\u00edndrome de Down o Trastorno del Espectro Autista (TEA). En la instancia de entrega de recursos su presidenta, Cynthia Miranda, coment\u00f3 la utilidad que dar\u00e1n a los fondos obtenidos. \u201cCompraremos implementos como una gr\u00faa, que nos ayudar\u00e1 con los ni\u00f1os que se trasladan en silla de ruedas, adem\u00e1s que podremos comprar material para trabajar con los menores. Con esto podemos realizar actividades l\u00fadicas para que ni\u00f1as y ni\u00f1os vayan trabajando tanto con la terapeuta ocupacional o con la fonoaudi\u00f3loga, lo que se realiza sobre el caballo\u201d, indic\u00f3 la dirigente.<\/p>\n","protected":false},"excerpt":{"rendered":"El Fondo de Fortalecimiento de Organizaciones de Inter\u00e9s P\u00fablico beneficia a agrupaciones que promocionan el inter\u00e9s general en&hellip;\n","protected":false},"author":1,"featured_media":6097,"comment_status":"open","ping_status":"open","sticky":false,"template":"","format":"standard","meta":{"_monsterinsights_skip_tracking":false,"_monsterinsights_sitenote_active":false,"_monsterinsights_sitenote_note":"","_monsterinsights_sitenote_category":0,"footnotes":""},"categories":[8],"tags":[],"class_list":{"0":"post-6091","1":"post","2":"type-post","3":"status-publish","4":"format-standard","5":"has-post-thumbnail","7":"category-portada"},"aioseo_notices":[],"_links":{"self":[{"href":"https:\/\/www.rengoenlanoticia.cl\/prensa\/wp-json\/wp\/v2\/posts\/6091","targetHints":{"allow":["GET"]}}],"collection":[{"href":"https:\/\/www.rengoenlanoticia.cl\/prensa\/wp-json\/wp\/v2\/posts"}],"about":[{"href":"https:\/\/www.rengoenlanoticia.cl\/prensa\/wp-json\/wp\/v2\/types\/post"}],"author":[{"embeddable":true,"href":"https:\/\/www.rengoenlanoticia.cl\/prensa\/wp-json\/wp\/v2\/users\/1"}],"replies":[{"embeddable":true,"href":"https:\/\/www.rengoenlanoticia.cl\/prensa\/wp-json\/wp\/v2\/comments?post=6091"}],"version-history":[{"count":3,"href":"https:\/\/www.rengoenlanoticia.cl\/prensa\/wp-json\/wp\/v2\/posts\/6091\/revisions"}],"predecessor-version":[{"id":6118,"href":"https:\/\/www.rengoenlanoticia.cl\/prensa\/wp-json\/wp\/v2\/posts\/6091\/revisions\/6118"}],"wp:featuredmedia":[{"embeddable":true,"href":"https:\/\/www.rengoenlanoticia.cl\/prensa\/wp-json\/wp\/v2\/media\/6097"}],"wp:attachment":[{"href":"https:\/\/www.rengoenlanoticia.cl\/prensa\/wp-json\/wp\/v2\/media?parent=6091"}],"wp:term":[{"taxonomy":"category","embeddable":true,"href":"https:\/\/www.rengoenlanoticia.cl\/prensa\/wp-json\/wp\/v2\/categories?post=6091"},{"taxonomy":"post_tag","embeddable":true,"href":"https:\/\/www.rengoenlanoticia.cl\/prensa\/wp-json\/wp\/v2\/tags?post=6091"}],"curies":[{"name":"wp","href":"https:\/\/api.w.org\/{rel}","templated":true}]}}