{"id":6068,"date":"2025-09-17T12:54:15","date_gmt":"2025-09-17T12:54:15","guid":{"rendered":"https:\/\/www.rengoenlanoticia.cl\/prensa\/?p=6068"},"modified":"2025-09-17T12:54:17","modified_gmt":"2025-09-17T12:54:17","slug":"carabineros-de-rengo-realiza-campana-preventiva-volantin-seguro","status":"publish","type":"post","link":"https:\/\/www.rengoenlanoticia.cl\/prensa\/2025\/09\/17\/carabineros-de-rengo-realiza-campana-preventiva-volantin-seguro\/","title":{"rendered":"Carabineros de Rengo realiza Campa\u00f1a Preventiva \u00abVolant\u00edn Seguro\u00bb"},"content":{"rendered":"\n<p>El d\u00eda de hoy, personal de la <strong>Oficina de Integraci\u00f3n Comunitaria<\/strong> de la <strong>4ta. Comisar\u00eda de Rengo<\/strong> llev\u00f3 a cabo la campa\u00f1a preventiva <strong>\u201cVolant\u00edn Seguro\u201d<\/strong>, con el objetivo de educar a la comunidad especialmente a ni\u00f1os, ni\u00f1as y adolescentes sobre las medidas de seguridad necesarias para disfrutar estas Fiestas Patrias sin accidentes.<\/p>\n\n\n\n<p>Durante la actividad, se entregaron recomendaciones para evitar el uso de hilo curado, elevar volantines en zonas seguras, lejos de cables el\u00e9ctricos, y siempre bajo la supervisi\u00f3n de un adulto. Adem\u00e1s, se reparti\u00f3 material informativo y se resolvieron dudas de vecinos y vecinas sobre esta pr\u00e1ctica tradicional.<\/p>\n\n\n\n<p>Carabineros de Chile reafirma su compromiso con la prevenci\u00f3n y el resguardo de la seguridad de todos los ciudadanos, promoviendo celebraciones responsables y sin riesgos.<\/p>\n\n\n\n<figure class=\"wp-block-image size-large\"><img loading=\"lazy\" decoding=\"async\" width=\"1024\" height=\"461\" src=\"https:\/\/www.rengoenlanoticia.cl\/prensa\/wp-content\/uploads\/2025\/09\/WhatsApp-Image-2025-09-16-at-17.42.44-1024x461.jpeg\" alt=\"\" class=\"wp-image-6069\" srcset=\"https:\/\/www.rengoenlanoticia.cl\/prensa\/wp-content\/uploads\/2025\/09\/WhatsApp-Image-2025-09-16-at-17.42.44-1024x461.jpeg 1024w, https:\/\/www.rengoenlanoticia.cl\/prensa\/wp-content\/uploads\/2025\/09\/WhatsApp-Image-2025-09-16-at-17.42.44-300x135.jpeg 300w, https:\/\/www.rengoenlanoticia.cl\/prensa\/wp-content\/uploads\/2025\/09\/WhatsApp-Image-2025-09-16-at-17.42.44-768x346.jpeg 768w, https:\/\/www.rengoenlanoticia.cl\/prensa\/wp-content\/uploads\/2025\/09\/WhatsApp-Image-2025-09-16-at-17.42.44-1536x692.jpeg 1536w, https:\/\/www.rengoenlanoticia.cl\/prensa\/wp-content\/uploads\/2025\/09\/WhatsApp-Image-2025-09-16-at-17.42.44-110x50.jpeg 110w, https:\/\/www.rengoenlanoticia.cl\/prensa\/wp-content\/uploads\/2025\/09\/WhatsApp-Image-2025-09-16-at-17.42.44-200x90.jpeg 200w, https:\/\/www.rengoenlanoticia.cl\/prensa\/wp-content\/uploads\/2025\/09\/WhatsApp-Image-2025-09-16-at-17.42.44-380x171.jpeg 380w, https:\/\/www.rengoenlanoticia.cl\/prensa\/wp-content\/uploads\/2025\/09\/WhatsApp-Image-2025-09-16-at-17.42.44-255x115.jpeg 255w, https:\/\/www.rengoenlanoticia.cl\/prensa\/wp-content\/uploads\/2025\/09\/WhatsApp-Image-2025-09-16-at-17.42.44-550x248.jpeg 550w, https:\/\/www.rengoenlanoticia.cl\/prensa\/wp-content\/uploads\/2025\/09\/WhatsApp-Image-2025-09-16-at-17.42.44-800x361.jpeg 800w, https:\/\/www.rengoenlanoticia.cl\/prensa\/wp-content\/uploads\/2025\/09\/WhatsApp-Image-2025-09-16-at-17.42.44-1160x523.jpeg 1160w, https:\/\/www.rengoenlanoticia.cl\/prensa\/wp-content\/uploads\/2025\/09\/WhatsApp-Image-2025-09-16-at-17.42.44.jpeg 1600w\" sizes=\"auto, (max-width: 1024px) 100vw, 1024px\" \/><\/figure>\n\n\n\n<figure class=\"wp-block-image size-large\"><img loading=\"lazy\" decoding=\"async\" width=\"704\" height=\"1024\" src=\"https:\/\/www.rengoenlanoticia.cl\/prensa\/wp-content\/uploads\/2025\/09\/WhatsApp-Image-2025-09-16-at-17.42.45-704x1024.jpeg\" alt=\"\" class=\"wp-image-6071\" srcset=\"https:\/\/www.rengoenlanoticia.cl\/prensa\/wp-content\/uploads\/2025\/09\/WhatsApp-Image-2025-09-16-at-17.42.45-704x1024.jpeg 704w, https:\/\/www.rengoenlanoticia.cl\/prensa\/wp-content\/uploads\/2025\/09\/WhatsApp-Image-2025-09-16-at-17.42.45-206x300.jpeg 206w, https:\/\/www.rengoenlanoticia.cl\/prensa\/wp-content\/uploads\/2025\/09\/WhatsApp-Image-2025-09-16-at-17.42.45-110x160.jpeg 110w, https:\/\/www.rengoenlanoticia.cl\/prensa\/wp-content\/uploads\/2025\/09\/WhatsApp-Image-2025-09-16-at-17.42.45-200x291.jpeg 200w, https:\/\/www.rengoenlanoticia.cl\/prensa\/wp-content\/uploads\/2025\/09\/WhatsApp-Image-2025-09-16-at-17.42.45-380x553.jpeg 380w, https:\/\/www.rengoenlanoticia.cl\/prensa\/wp-content\/uploads\/2025\/09\/WhatsApp-Image-2025-09-16-at-17.42.45-255x371.jpeg 255w, https:\/\/www.rengoenlanoticia.cl\/prensa\/wp-content\/uploads\/2025\/09\/WhatsApp-Image-2025-09-16-at-17.42.45-300x436.jpeg 300w, https:\/\/www.rengoenlanoticia.cl\/prensa\/wp-content\/uploads\/2025\/09\/WhatsApp-Image-2025-09-16-at-17.42.45-550x800.jpeg 550w, https:\/\/www.rengoenlanoticia.cl\/prensa\/wp-content\/uploads\/2025\/09\/WhatsApp-Image-2025-09-16-at-17.42.45.jpeg 720w\" sizes=\"auto, (max-width: 704px) 100vw, 704px\" \/><\/figure>\n","protected":false},"excerpt":{"rendered":"El d\u00eda de hoy, personal de la Oficina de Integraci\u00f3n Comunitaria de la 4ta. Comisar\u00eda de Rengo llev\u00f3&hellip;\n","protected":false},"author":2,"featured_media":6070,"comment_status":"open","ping_status":"open","sticky":false,"template":"","format":"standard","meta":{"_monsterinsights_skip_tracking":false,"_monsterinsights_sitenote_active":false,"_monsterinsights_sitenote_note":"","_monsterinsights_sitenote_category":0,"footnotes":""},"categories":[8],"tags":[],"class_list":{"0":"post-6068","1":"post","2":"type-post","3":"status-publish","4":"format-standard","5":"has-post-thumbnail","7":"category-portada"},"aioseo_notices":[],"_links":{"self":[{"href":"https:\/\/www.rengoenlanoticia.cl\/prensa\/wp-json\/wp\/v2\/posts\/6068","targetHints":{"allow":["GET"]}}],"collection":[{"href":"https:\/\/www.rengoenlanoticia.cl\/prensa\/wp-json\/wp\/v2\/posts"}],"about":[{"href":"https:\/\/www.rengoenlanoticia.cl\/prensa\/wp-json\/wp\/v2\/types\/post"}],"author":[{"embeddable":true,"href":"https:\/\/www.rengoenlanoticia.cl\/prensa\/wp-json\/wp\/v2\/users\/2"}],"replies":[{"embeddable":true,"href":"https:\/\/www.rengoenlanoticia.cl\/prensa\/wp-json\/wp\/v2\/comments?post=6068"}],"version-history":[{"count":3,"href":"https:\/\/www.rengoenlanoticia.cl\/prensa\/wp-json\/wp\/v2\/posts\/6068\/revisions"}],"predecessor-version":[{"id":6074,"href":"https:\/\/www.rengoenlanoticia.cl\/prensa\/wp-json\/wp\/v2\/posts\/6068\/revisions\/6074"}],"wp:featuredmedia":[{"embeddable":true,"href":"https:\/\/www.rengoenlanoticia.cl\/prensa\/wp-json\/wp\/v2\/media\/6070"}],"wp:attachment":[{"href":"https:\/\/www.rengoenlanoticia.cl\/prensa\/wp-json\/wp\/v2\/media?parent=6068"}],"wp:term":[{"taxonomy":"category","embeddable":true,"href":"https:\/\/www.rengoenlanoticia.cl\/prensa\/wp-json\/wp\/v2\/categories?post=6068"},{"taxonomy":"post_tag","embeddable":true,"href":"https:\/\/www.rengoenlanoticia.cl\/prensa\/wp-json\/wp\/v2\/tags?post=6068"}],"curies":[{"name":"wp","href":"https:\/\/api.w.org\/{rel}","templated":true}]}}