{"id":6036,"date":"2025-09-17T00:28:15","date_gmt":"2025-09-17T00:28:15","guid":{"rendered":"https:\/\/www.rengoenlanoticia.cl\/prensa\/?p=6036"},"modified":"2025-09-17T01:45:12","modified_gmt":"2025-09-17T01:45:12","slug":"carabineros-detiene-a-sujeto-por-robo-con-intimidacion-en-rancagua","status":"publish","type":"post","link":"https:\/\/www.rengoenlanoticia.cl\/prensa\/2025\/09\/17\/carabineros-detiene-a-sujeto-por-robo-con-intimidacion-en-rancagua\/","title":{"rendered":"Carabineros detiene a sujeto por robo con intimidaci\u00f3n"},"content":{"rendered":"\n<p>Rancagua. \u2013 Durante la tarde de este viernes, Carabineros de la 3\u00aa Comisar\u00eda Rancagua Oriente detuvo a un hombre de 46 a\u00f1os acusado de protagonizar un robo con intimidaci\u00f3n en el sector del parque con Valvanera.<\/p>\n\n\n\n<p>El hecho ocurri\u00f3 cerca de las 13:20 horas, cuando una mujer adulta fue abordada por el sujeto, quien la amenaz\u00f3 con un arma prohibida tipo pistola para sustraerle sus pertenencias. Tras la denuncia inmediata, Carabineros despleg\u00f3 un operativo que permiti\u00f3 la detenci\u00f3n del individuo a las 14:10 horas en calle Santa Gemita N.\u00ba 230.<\/p>\n\n\n\n<p>El detenido, de nacionalidad chilena, mantiene un amplio prontuario policial por delitos similares y recientemente hab\u00eda salido de la c\u00e1rcel tras cumplir condena por el mismo il\u00edcito.<\/p>\n\n\n\n<figure class=\"wp-block-image size-large\"><img loading=\"lazy\" decoding=\"async\" width=\"1024\" height=\"768\" src=\"https:\/\/www.rengoenlanoticia.cl\/prensa\/wp-content\/uploads\/2025\/09\/WhatsApp-Image-2025-09-16-at-12.58.46-1024x768.jpeg\" alt=\"\" class=\"wp-image-6048\" srcset=\"https:\/\/www.rengoenlanoticia.cl\/prensa\/wp-content\/uploads\/2025\/09\/WhatsApp-Image-2025-09-16-at-12.58.46-1024x768.jpeg 1024w, https:\/\/www.rengoenlanoticia.cl\/prensa\/wp-content\/uploads\/2025\/09\/WhatsApp-Image-2025-09-16-at-12.58.46-300x225.jpeg 300w, https:\/\/www.rengoenlanoticia.cl\/prensa\/wp-content\/uploads\/2025\/09\/WhatsApp-Image-2025-09-16-at-12.58.46-768x576.jpeg 768w, https:\/\/www.rengoenlanoticia.cl\/prensa\/wp-content\/uploads\/2025\/09\/WhatsApp-Image-2025-09-16-at-12.58.46-110x83.jpeg 110w, https:\/\/www.rengoenlanoticia.cl\/prensa\/wp-content\/uploads\/2025\/09\/WhatsApp-Image-2025-09-16-at-12.58.46-200x150.jpeg 200w, https:\/\/www.rengoenlanoticia.cl\/prensa\/wp-content\/uploads\/2025\/09\/WhatsApp-Image-2025-09-16-at-12.58.46-380x285.jpeg 380w, https:\/\/www.rengoenlanoticia.cl\/prensa\/wp-content\/uploads\/2025\/09\/WhatsApp-Image-2025-09-16-at-12.58.46-255x191.jpeg 255w, https:\/\/www.rengoenlanoticia.cl\/prensa\/wp-content\/uploads\/2025\/09\/WhatsApp-Image-2025-09-16-at-12.58.46-550x413.jpeg 550w, https:\/\/www.rengoenlanoticia.cl\/prensa\/wp-content\/uploads\/2025\/09\/WhatsApp-Image-2025-09-16-at-12.58.46-800x600.jpeg 800w, https:\/\/www.rengoenlanoticia.cl\/prensa\/wp-content\/uploads\/2025\/09\/WhatsApp-Image-2025-09-16-at-12.58.46-1160x870.jpeg 1160w, https:\/\/www.rengoenlanoticia.cl\/prensa\/wp-content\/uploads\/2025\/09\/WhatsApp-Image-2025-09-16-at-12.58.46.jpeg 1280w\" sizes=\"auto, (max-width: 1024px) 100vw, 1024px\" \/><\/figure>\n","protected":false},"excerpt":{"rendered":"Rancagua. \u2013 Durante la tarde de este viernes, Carabineros de la 3\u00aa Comisar\u00eda Rancagua Oriente detuvo a un&hellip;\n","protected":false},"author":1,"featured_media":6047,"comment_status":"open","ping_status":"open","sticky":false,"template":"","format":"standard","meta":{"_monsterinsights_skip_tracking":false,"_monsterinsights_sitenote_active":false,"_monsterinsights_sitenote_note":"","_monsterinsights_sitenote_category":0,"footnotes":""},"categories":[5,8],"tags":[],"class_list":{"0":"post-6036","1":"post","2":"type-post","3":"status-publish","4":"format-standard","5":"has-post-thumbnail","7":"category-policial","8":"category-portada"},"aioseo_notices":[],"_links":{"self":[{"href":"https:\/\/www.rengoenlanoticia.cl\/prensa\/wp-json\/wp\/v2\/posts\/6036","targetHints":{"allow":["GET"]}}],"collection":[{"href":"https:\/\/www.rengoenlanoticia.cl\/prensa\/wp-json\/wp\/v2\/posts"}],"about":[{"href":"https:\/\/www.rengoenlanoticia.cl\/prensa\/wp-json\/wp\/v2\/types\/post"}],"author":[{"embeddable":true,"href":"https:\/\/www.rengoenlanoticia.cl\/prensa\/wp-json\/wp\/v2\/users\/1"}],"replies":[{"embeddable":true,"href":"https:\/\/www.rengoenlanoticia.cl\/prensa\/wp-json\/wp\/v2\/comments?post=6036"}],"version-history":[{"count":4,"href":"https:\/\/www.rengoenlanoticia.cl\/prensa\/wp-json\/wp\/v2\/posts\/6036\/revisions"}],"predecessor-version":[{"id":6056,"href":"https:\/\/www.rengoenlanoticia.cl\/prensa\/wp-json\/wp\/v2\/posts\/6036\/revisions\/6056"}],"wp:featuredmedia":[{"embeddable":true,"href":"https:\/\/www.rengoenlanoticia.cl\/prensa\/wp-json\/wp\/v2\/media\/6047"}],"wp:attachment":[{"href":"https:\/\/www.rengoenlanoticia.cl\/prensa\/wp-json\/wp\/v2\/media?parent=6036"}],"wp:term":[{"taxonomy":"category","embeddable":true,"href":"https:\/\/www.rengoenlanoticia.cl\/prensa\/wp-json\/wp\/v2\/categories?post=6036"},{"taxonomy":"post_tag","embeddable":true,"href":"https:\/\/www.rengoenlanoticia.cl\/prensa\/wp-json\/wp\/v2\/tags?post=6036"}],"curies":[{"name":"wp","href":"https:\/\/api.w.org\/{rel}","templated":true}]}}