{"id":6014,"date":"2025-09-17T00:24:21","date_gmt":"2025-09-17T00:24:21","guid":{"rendered":"https:\/\/www.rengoenlanoticia.cl\/prensa\/?p=6014"},"modified":"2025-09-17T00:25:48","modified_gmt":"2025-09-17T00:25:48","slug":"abierto-proceso-de-admision-para-gendarmes-alumnos-2026","status":"publish","type":"post","link":"https:\/\/www.rengoenlanoticia.cl\/prensa\/2025\/09\/17\/abierto-proceso-de-admision-para-gendarmes-alumnos-2026\/","title":{"rendered":"ABIERTO PROCESO DE ADMISI\u00d3N PARA GENDARMES ALUMNOS 2026"},"content":{"rendered":"\n<p><strong><em>La Escuela de Gendarmer\u00eda de Chile est\u00e1 desarrollando el Proceso de Admisi\u00f3n 2026, para Gendarmes Alumnos y Alumnas. Los interesados pueden postular&nbsp; hasta el 29 de septiembre.<\/em><\/strong><em><\/em><\/p>\n\n\n\n<p>J\u00f3venes \u2013hombres y mujeres- de entre 18 y 25 a\u00f1os de edad, podr\u00edan ser parte de la Escuela de Formaci\u00f3n Penitenciaria, postulando al proceso de Admisi\u00f3n que se encuentra en curso, para Gendarmes Alumnos y Alumnas.<\/p>\n\n\n\n<p>La jefa de la Secci\u00f3n Admisi\u00f3n de la Escuela de Gendarmer\u00eda de Chile, Mayor Viviana Sanhueza Escobar, explic\u00f3 que, \u201cnos encontramos efectuando un llamado a los j\u00f3venes a ser parte de una Instituci\u00f3n clave para la seguridad de nuestro pa\u00eds\u201d.<\/p>\n\n\n\n<p>\u201cEn esta etapa inicial, deber\u00e1n remitir la documentaci\u00f3n necesaria, reunir certificados de nacimiento, de antecedentes personales, de estado de solter\u00eda, de situaci\u00f3n militar al d\u00eda, concentraci\u00f3n de notas, entre otros. La inscripci\u00f3n se realiza mediante registro en l\u00ednea desde el sitio oficial, con la verificaci\u00f3n de identidad digital de Clave \u00danica\u201d, se\u00f1ala.&nbsp;<\/p>\n\n\n\n<p>Dentro de los requisitos para postular, se encuentran: ser chileno (a), ser soltero (a), estatura m\u00ednima mujeres 1.58 metros y hombres 1.65 metros, edad entre 18 y 25 a\u00f1os al d\u00eda del ingreso al plantel, hombres con situaci\u00f3n militar al d\u00eda (no implica haberlo realizado).<\/p>\n\n\n\n<p>Adem\u00e1s, se exige tener un estado de salud compatible con el trabajo penitenciario, antecedentes personales intachables, y tener segundo a\u00f1o de ense\u00f1anza media aprobada.<\/p>\n\n\n\n<p>El plazo de postulaci\u00f3n se extiende hasta el lunes 29 de septiembre de 2025, a las 13:00 horas. La informaci\u00f3n est\u00e1 disponible en la p\u00e1gina web escueladegendarmeria.gob.cl o pueden escribir al correo electr\u00f3nico <a href=\"mailto:admision.escuela@gendarmeria.cl\">admision.escuela@gendarmeria.cl<\/a>. Quienes avancen en el proceso de selecci\u00f3n luego deber\u00e1n&nbsp; rendir&nbsp; evaluaciones psicol\u00f3gicas, ex\u00e1menes m\u00e9dicos, pruebas f\u00edsicas y entrevistas personales.<\/p>\n","protected":false},"excerpt":{"rendered":"La Escuela de Gendarmer\u00eda de Chile est\u00e1 desarrollando el Proceso de Admisi\u00f3n 2026, para Gendarmes Alumnos y Alumnas.&hellip;\n","protected":false},"author":1,"featured_media":6045,"comment_status":"open","ping_status":"open","sticky":false,"template":"","format":"standard","meta":{"_monsterinsights_skip_tracking":false,"_monsterinsights_sitenote_active":false,"_monsterinsights_sitenote_note":"","_monsterinsights_sitenote_category":0,"footnotes":""},"categories":[8],"tags":[],"class_list":{"0":"post-6014","1":"post","2":"type-post","3":"status-publish","4":"format-standard","5":"has-post-thumbnail","7":"category-portada"},"aioseo_notices":[],"_links":{"self":[{"href":"https:\/\/www.rengoenlanoticia.cl\/prensa\/wp-json\/wp\/v2\/posts\/6014","targetHints":{"allow":["GET"]}}],"collection":[{"href":"https:\/\/www.rengoenlanoticia.cl\/prensa\/wp-json\/wp\/v2\/posts"}],"about":[{"href":"https:\/\/www.rengoenlanoticia.cl\/prensa\/wp-json\/wp\/v2\/types\/post"}],"author":[{"embeddable":true,"href":"https:\/\/www.rengoenlanoticia.cl\/prensa\/wp-json\/wp\/v2\/users\/1"}],"replies":[{"embeddable":true,"href":"https:\/\/www.rengoenlanoticia.cl\/prensa\/wp-json\/wp\/v2\/comments?post=6014"}],"version-history":[{"count":3,"href":"https:\/\/www.rengoenlanoticia.cl\/prensa\/wp-json\/wp\/v2\/posts\/6014\/revisions"}],"predecessor-version":[{"id":6046,"href":"https:\/\/www.rengoenlanoticia.cl\/prensa\/wp-json\/wp\/v2\/posts\/6014\/revisions\/6046"}],"wp:featuredmedia":[{"embeddable":true,"href":"https:\/\/www.rengoenlanoticia.cl\/prensa\/wp-json\/wp\/v2\/media\/6045"}],"wp:attachment":[{"href":"https:\/\/www.rengoenlanoticia.cl\/prensa\/wp-json\/wp\/v2\/media?parent=6014"}],"wp:term":[{"taxonomy":"category","embeddable":true,"href":"https:\/\/www.rengoenlanoticia.cl\/prensa\/wp-json\/wp\/v2\/categories?post=6014"},{"taxonomy":"post_tag","embeddable":true,"href":"https:\/\/www.rengoenlanoticia.cl\/prensa\/wp-json\/wp\/v2\/tags?post=6014"}],"curies":[{"name":"wp","href":"https:\/\/api.w.org\/{rel}","templated":true}]}}