{"id":6012,"date":"2025-09-17T00:02:37","date_gmt":"2025-09-17T00:02:37","guid":{"rendered":"https:\/\/www.rengoenlanoticia.cl\/prensa\/?p=6012"},"modified":"2025-09-17T00:19:05","modified_gmt":"2025-09-17T00:19:05","slug":"corfo-lanza-convocatoria-para-entregar-1-200-becas-de-especializacion-en-areas-clave-para-la-sostenibilidad","status":"publish","type":"post","link":"https:\/\/www.rengoenlanoticia.cl\/prensa\/2025\/09\/17\/corfo-lanza-convocatoria-para-entregar-1-200-becas-de-especializacion-en-areas-clave-para-la-sostenibilidad\/","title":{"rendered":"CORFO LANZA CONVOCATORIA PARA ENTREGAR 1.200 BECAS DE ESPECIALIZACI\u00d3N EN \u00c1REAS CLAVE PARA LA SOSTENIBILIDAD"},"content":{"rendered":"\n<p><em>El llamado tiene alcance nacional e incluye diplomados en Ley REP, dise\u00f1o circular, gesti\u00f3n h\u00eddrica y auditores de gases de efecto invernadero.\u00a0<\/em><\/p>\n\n\n\n<p><em>La iniciativa cuenta con el apoyo del Programa de Desarrollo Productivo Sostenible (DPS), liderado por el Ministerio de Econom\u00eda, Fomento y Turismo y Corfo.<\/em><\/p>\n\n\n\n<p>Corfo da un nuevo impulso al desarrollo sostenible con m\u00e1s de 1.200 becas de especializaci\u00f3n dirigidas a profesionales y t\u00e9cnicos de todo Chile. A trav\u00e9s de diplomados en&nbsp;<a href=\"https:\/\/corfo.cl\/sites\/becascapitalhumano\/convocatoria\/diplomado-ley-rep-2025\/\" target=\"_blank\" rel=\"noreferrer noopener\">Ley REP<\/a>,&nbsp;<a href=\"https:\/\/corfo.cl\/sites\/becascapitalhumano\/convocatoria\/diplomado-diseno-circular-2025\/\" target=\"_blank\" rel=\"noreferrer noopener\">dise\u00f1o circular<\/a>,&nbsp;<a href=\"https:\/\/corfo.cl\/sites\/becascapitalhumano\/convocatoria\/diplomado-huella-de-agua-2025\/\" target=\"_blank\" rel=\"noreferrer noopener\">gesti\u00f3n h\u00eddrica<\/a>&nbsp;y&nbsp;<a href=\"https:\/\/corfo.cl\/sites\/becascapitalhumano\/convocatoria\/diplomado-gases-efecto-invernadero-2025\/\" target=\"_blank\" rel=\"noreferrer noopener\">auditor\u00eda de gases de efecto invernadero<\/a>, la Corporaci\u00f3n busca formar a l\u00edderes que har\u00e1n la diferencia en la econom\u00eda verde del pa\u00eds.<\/p>\n\n\n\n<p>\u201cEnriquecer as\u00ed los procesos formativos de estos profesionales, nos permite generar una comunidad t\u00e9cnica robusta, con capacidades para implementar soluciones sostenibles basadas en ciencia y en tecnolog\u00eda, en diversos territorios del pa\u00eds. Con esto, adem\u00e1s, esperamos fomentar la articulaci\u00f3n de futuros proyectos que tengan un positivo impacto territorial y ambiental, que generen empleos de calidad y que mejoren la competitividad de nuestras industrias\u201d, declar\u00f3 la subsecretaria de Econom\u00eda y Empresas de Menor Tama\u00f1o, Javiera Petersen.<\/p>\n\n\n\n<p>La iniciativa, que cuenta con el apoyo del Programa de Desarrollo Productivo Sostenible (DPS), liderado por el Ministerio de Econom\u00eda y Corfo, cubre cerca del 90% del costo total del diplomado, de modo que el beneficiario\/a solo asume el pago de la matr\u00edcula. Son en modalidad e-learning y est\u00e1n dirigidos a personas chilenas o extranjeras con residencia definitiva en Chile, que posean un t\u00edtulo profesional universitario, un grado de licenciatura o una carrera t\u00e9cnica de nivel superior en disciplinas relacionadas con el diplomado al que postulan.<\/p>\n\n\n\n<p>\u201cCada una de estas \u00e1reas son estrat\u00e9gicas, pues contribuyen directamente a la sostenibilidad y diversificaci\u00f3n productiva, especialmente en regiones. Desde Corfo estamos cumpliendo un rol clave en suplir necesidades y brechas emergentes de formaci\u00f3n, esenciales para la implementaci\u00f3n de la Ley de Cambio Clim\u00e1tico y la Ley REP. Es fundamental contar con profesionales y t\u00e9cnicos capacitados, que aporten a la mejora de los procesos productivos, la certificaci\u00f3n y la expansi\u00f3n sostenible de sus negocios\u201d, se\u00f1al\u00f3 el Gerente de Desarrollo Territorial de Corfo, Claudio Maggi.<\/p>\n\n\n\n<p>El detalle de cada programa es el siguiente:<\/p>\n\n\n\n<figure class=\"wp-block-table\"><table class=\"has-fixed-layout\"><tbody><tr><td><strong>Curso<\/strong><\/td><td><strong>Subsidio<\/strong><\/td><td><strong>Costo beneficiario\/a<\/strong><\/td><td><strong>Universidad<\/strong><\/td><\/tr><tr><td><a href=\"https:\/\/corfo.cl\/sites\/becascapitalhumano\/convocatoria\/diplomado-gases-efecto-invernadero-2025\/\" target=\"_blank\" rel=\"noreferrer noopener\">Medici\u00f3n, reporte y verificaci\u00f3n de emisiones y reducciones de gases de efecto invernadero para la certificaci\u00f3n voluntaria<\/a>&nbsp;\u2013&nbsp;<strong>Cupos 341<\/strong><\/td><td>&nbsp;$ 1.188.000&nbsp;<\/td><td>&nbsp;$132.000<\/td><td>Pontificia Universidad Cat\u00f3lica de Valpara\u00edso<\/td><\/tr><tr><td><a href=\"https:\/\/corfo.cl\/sites\/becascapitalhumano\/convocatoria\/diplomado-huella-de-agua-2025\/\" target=\"_blank\" rel=\"noreferrer noopener\">Gesti\u00f3n h\u00eddrica corporativa &#8211; Medici\u00f3n, reporte y verificaci\u00f3n de la huella de agua<\/a>&nbsp;\u2013&nbsp;<strong>Cupos 380<\/strong><strong><\/strong><\/td><td>&nbsp;$1.069.200<\/td><td>&nbsp;$118.800<\/td><td>&nbsp;Universidad Cat\u00f3lica de Temuco<\/td><\/tr><tr><td><a href=\"https:\/\/corfo.cl\/sites\/becascapitalhumano\/convocatoria\/diplomado-diseno-circular-2025\/\" target=\"_blank\" rel=\"noreferrer noopener\">Metodolog\u00edas de Dise\u00f1o Circular e Integraci\u00f3n de Tecnolog\u00edas para la Industria Sostenible<\/a>&nbsp;\u2013&nbsp;<strong>Cupos 282<\/strong><\/td><td>&nbsp;$ 975.000<\/td><td>&nbsp;$ 125.000<\/td><td>&nbsp;Universidad Andr\u00e9s Bello<\/td><\/tr><tr><td><a href=\"https:\/\/corfo.cl\/sites\/becascapitalhumano\/convocatoria\/diplomado-ley-rep-2025\/\" target=\"_blank\" rel=\"noreferrer noopener\">Auditores externos para la verificaci\u00f3n del cumplimiento de la ley de responsabilidad extendida del productor<\/a>&nbsp;(REP) \u2013&nbsp;<strong>Cupos 282<\/strong><\/td><td>&nbsp;$ 975.000<\/td><td>&nbsp;$ 125.000<\/td><td>&nbsp;Universidad Cat\u00f3lica de Temuco<\/td><\/tr><\/tbody><\/table><\/figure>\n\n\n\n<p>Para el caso del diplomado sobre gesti\u00f3n h\u00eddrica, de los 380 cupos disponibles se reservar\u00e1 un total de 140 (36,8%) becas para las regiones afectadas por la crisis h\u00eddrica como Atacama, Coquimbo y Valpara\u00edso, quedando 240 (63,2%) para el resto de las regiones del pa\u00eds.<\/p>\n\n\n\n<p>Las convocatorias cierran el 24 de septiembre a las 15.00 horas y para apoyar el proceso de postulaci\u00f3n cada programa contar\u00e1 con instancias de orientaci\u00f3n, donde se entregar\u00e1 informaci\u00f3n sobre requisitos, horarios y proceso de admisi\u00f3n.<\/p>\n\n\n\n<p>Las fechas de estos webinar ser\u00e1n informados a trav\u00e9s de las redes sociales de&nbsp;Corfo nacional y regionales, junto a la informaci\u00f3n disponible en el sitio de&nbsp;<a href=\"https:\/\/www.corfo.cl\/sites\/becascapitalhumano\/home\" target=\"_blank\" rel=\"noreferrer noopener\"><strong>Becas Capital Humano<\/strong><\/a>.<strong><\/strong><\/p>\n","protected":false},"excerpt":{"rendered":"El llamado tiene alcance nacional e incluye diplomados en Ley REP, dise\u00f1o circular, gesti\u00f3n h\u00eddrica y auditores de&hellip;\n","protected":false},"author":1,"featured_media":6023,"comment_status":"open","ping_status":"open","sticky":false,"template":"","format":"standard","meta":{"_monsterinsights_skip_tracking":false,"_monsterinsights_sitenote_active":false,"_monsterinsights_sitenote_note":"","_monsterinsights_sitenote_category":0,"footnotes":""},"categories":[8],"tags":[],"class_list":{"0":"post-6012","1":"post","2":"type-post","3":"status-publish","4":"format-standard","5":"has-post-thumbnail","7":"category-portada"},"aioseo_notices":[],"_links":{"self":[{"href":"https:\/\/www.rengoenlanoticia.cl\/prensa\/wp-json\/wp\/v2\/posts\/6012","targetHints":{"allow":["GET"]}}],"collection":[{"href":"https:\/\/www.rengoenlanoticia.cl\/prensa\/wp-json\/wp\/v2\/posts"}],"about":[{"href":"https:\/\/www.rengoenlanoticia.cl\/prensa\/wp-json\/wp\/v2\/types\/post"}],"author":[{"embeddable":true,"href":"https:\/\/www.rengoenlanoticia.cl\/prensa\/wp-json\/wp\/v2\/users\/1"}],"replies":[{"embeddable":true,"href":"https:\/\/www.rengoenlanoticia.cl\/prensa\/wp-json\/wp\/v2\/comments?post=6012"}],"version-history":[{"count":3,"href":"https:\/\/www.rengoenlanoticia.cl\/prensa\/wp-json\/wp\/v2\/posts\/6012\/revisions"}],"predecessor-version":[{"id":6038,"href":"https:\/\/www.rengoenlanoticia.cl\/prensa\/wp-json\/wp\/v2\/posts\/6012\/revisions\/6038"}],"wp:featuredmedia":[{"embeddable":true,"href":"https:\/\/www.rengoenlanoticia.cl\/prensa\/wp-json\/wp\/v2\/media\/6023"}],"wp:attachment":[{"href":"https:\/\/www.rengoenlanoticia.cl\/prensa\/wp-json\/wp\/v2\/media?parent=6012"}],"wp:term":[{"taxonomy":"category","embeddable":true,"href":"https:\/\/www.rengoenlanoticia.cl\/prensa\/wp-json\/wp\/v2\/categories?post=6012"},{"taxonomy":"post_tag","embeddable":true,"href":"https:\/\/www.rengoenlanoticia.cl\/prensa\/wp-json\/wp\/v2\/tags?post=6012"}],"curies":[{"name":"wp","href":"https:\/\/api.w.org\/{rel}","templated":true}]}}