{"id":6011,"date":"2025-09-16T23:58:22","date_gmt":"2025-09-16T23:58:22","guid":{"rendered":"https:\/\/www.rengoenlanoticia.cl\/prensa\/?p=6011"},"modified":"2025-09-17T00:15:07","modified_gmt":"2025-09-17T00:15:07","slug":"por-primera-vez-en-la-provincia-de-cardenal-caro-programa-quiero-mi-barrio-inicia-intervencion-en-el-barrio-las-cayochas-de-pichilemu","status":"publish","type":"post","link":"https:\/\/www.rengoenlanoticia.cl\/prensa\/2025\/09\/16\/por-primera-vez-en-la-provincia-de-cardenal-caro-programa-quiero-mi-barrio-inicia-intervencion-en-el-barrio-las-cayochas-de-pichilemu\/","title":{"rendered":"POR PRIMERA VEZ EN LA PROVINCIA DE CARDENAL CARO: PROGRAMA \u201cQUIERO MI BARRIO\u201d INICIA INTERVENCI\u00d3N EN EL BARRIO LAS CAYOCHAS DE PICHILEMU"},"content":{"rendered":"\n<p>\u00b7&nbsp;&nbsp;&nbsp;&nbsp;&nbsp;&nbsp;&nbsp;&nbsp;&nbsp;<strong>La iniciativa del Ministerio de Vivienda y Urbanismo dio inicio oficial al programa con una jornada festiva y participativa en el coraz\u00f3n del nuevo pol\u00edgono intervenido, que agrupa a seis villas del sector<\/strong><strong>.<\/strong><\/p>\n\n\n\n<p>En una jornada cargada de simbolismo, alegr\u00eda y participaci\u00f3n comunitaria, el Ministerio de Vivienda y Urbanismo, a trav\u00e9s del programa \u201cQuiero Mi Barrio\u201d, realiz\u00f3 el hito inaugural del Barrio Las Cayochas, ubicado en la comuna de Pichilemu, marcando as\u00ed el&nbsp;<strong>primer ingreso del programa a la Provincia de Cardenal Caro<\/strong>&nbsp;desde su creaci\u00f3n hace casi 20 a\u00f1os.<\/p>\n\n\n\n<p>La actividad, que convoc\u00f3 a vecinas y vecinos de las seis villas que componen el pol\u00edgono \u2014Villa San Jorge, Villa Padre Hurtado, Villa Los Robles, Villa Las Am\u00e9ricas, Villa San Francisco y Villa La Paz\u2014 tuvo como objetivo presentar las caracter\u00edsticas del programa, fomentar la participaci\u00f3n vecinal y dar inicio al proceso de diagn\u00f3stico barrial, el cual culminar\u00e1 con la&nbsp;<strong>firma del Contrato de Barrio<\/strong>, documento que reflejar\u00e1 los acuerdos alcanzados en materia de convivencia, espacios p\u00fablicos y desarrollo comunitario.<\/p>\n\n\n\n<p>El evento se efectu\u00f3 al interior del pol\u00edgono y cont\u00f3 con una feria de emprendedores locales, juegos inflables para los ni\u00f1os, presentaciones art\u00edsticas y el destacado grupo folcl\u00f3rico \u201cLos Copihues\u201d, generando un ambiente familiar y de comunidad.<\/p>\n\n\n\n<figure class=\"wp-block-image size-full\"><img loading=\"lazy\" decoding=\"async\" width=\"1024\" height=\"576\" src=\"https:\/\/www.rengoenlanoticia.cl\/prensa\/wp-content\/uploads\/2025\/09\/IMG_9515.jpg\" alt=\"\" class=\"wp-image-6019\" srcset=\"https:\/\/www.rengoenlanoticia.cl\/prensa\/wp-content\/uploads\/2025\/09\/IMG_9515.jpg 1024w, https:\/\/www.rengoenlanoticia.cl\/prensa\/wp-content\/uploads\/2025\/09\/IMG_9515-300x169.jpg 300w, https:\/\/www.rengoenlanoticia.cl\/prensa\/wp-content\/uploads\/2025\/09\/IMG_9515-768x432.jpg 768w, https:\/\/www.rengoenlanoticia.cl\/prensa\/wp-content\/uploads\/2025\/09\/IMG_9515-110x62.jpg 110w, https:\/\/www.rengoenlanoticia.cl\/prensa\/wp-content\/uploads\/2025\/09\/IMG_9515-200x113.jpg 200w, https:\/\/www.rengoenlanoticia.cl\/prensa\/wp-content\/uploads\/2025\/09\/IMG_9515-380x214.jpg 380w, https:\/\/www.rengoenlanoticia.cl\/prensa\/wp-content\/uploads\/2025\/09\/IMG_9515-255x143.jpg 255w, https:\/\/www.rengoenlanoticia.cl\/prensa\/wp-content\/uploads\/2025\/09\/IMG_9515-550x309.jpg 550w, https:\/\/www.rengoenlanoticia.cl\/prensa\/wp-content\/uploads\/2025\/09\/IMG_9515-800x450.jpg 800w\" sizes=\"auto, (max-width: 1024px) 100vw, 1024px\" \/><\/figure>\n\n\n\n<p>El Seremi de Vivienda y Urbanismo de O\u2019Higgins, Luis Barboza, destac\u00f3 la importancia del programa y su impacto en la din\u00e1mica local. \u201cEstamos muy contentos porque por primera vez el programa Quiero Mi Barrio llega a la Provincia de Cardenal Caro, espec\u00edficamente a Pichilemu. Esta intervenci\u00f3n representa un cambio en la forma de entender y vivir el barrio, donde cerca de mil personas ser\u00e1n parte activa de este proceso. Son seis villas que conforman el Barrio Las Cayochas, que ser\u00e1 acompa\u00f1ado por cinco a\u00f1os con una dupla profesional y una inversi\u00f3n cercana a los 1.000 millones de pesos. Lo fundamental es que la comunidad se organice, trabaje en conjunto y tome decisiones sobre su entorno. Nuestra esperanza es que este trabajo no termine con el programa, sino que genere una base s\u00f3lida para la vida comunitaria a largo plazo\u201d.<\/p>\n\n\n\n<p>Por su parte, la Delegada Presidencial Provincial de Cardenal Caro, Josefina Toro, expres\u00f3 su entusiasmo frente a la llegada de la iniciativa: \u201cTenemos grandes expectativas con la llegada del Quiero Mi Barrio a nuestra provincia. Es la primera vez en 20 a\u00f1os que el programa se implementa aqu\u00ed, y esperamos que no sea el \u00faltimo. Lo m\u00e1s relevante es que las personas puedan so\u00f1ar sus barrios, imaginar c\u00f3mo quieren vivir juntos en comunidad. Normalmente planificamos desde los escritorios, pero esta es una oportunidad para que la comunidad tenga un rol protag\u00f3nico. Cuando participamos, cuidamos nuestra democracia y fortalecemos el tejido social\u201d.<\/p>\n\n\n\n<p>El Alcalde de Pichilemu, Roberto C\u00f3rdova, tambi\u00e9n valor\u00f3 esta oportunidad de fortalecer la convivencia vecinal, se\u00f1alando que \u201ceste es un hito muy importante para nuestra comuna y, especialmente, para las cerca de mil familias que viven en el sector Las Cayochas. M\u00e1s all\u00e1 de los proyectos que se generar\u00e1n, lo m\u00e1s valioso ser\u00e1 el fortalecimiento de la convivencia, de los lazos de confianza entre vecinos. Esta es una excelente oportunidad para que los vecinos se conozcan, trabajen juntos y proyecten su barrio a futuro. Ojal\u00e1 este sea solo el comienzo y podamos replicar esta experiencia en otros barrios de Pichilemu y de la provincia\u201d.<\/p>\n\n\n\n<figure class=\"wp-block-image size-full\"><img loading=\"lazy\" decoding=\"async\" width=\"1024\" height=\"576\" src=\"https:\/\/www.rengoenlanoticia.cl\/prensa\/wp-content\/uploads\/2025\/09\/IMG_9524.jpg\" alt=\"\" class=\"wp-image-6020\" srcset=\"https:\/\/www.rengoenlanoticia.cl\/prensa\/wp-content\/uploads\/2025\/09\/IMG_9524.jpg 1024w, https:\/\/www.rengoenlanoticia.cl\/prensa\/wp-content\/uploads\/2025\/09\/IMG_9524-300x169.jpg 300w, https:\/\/www.rengoenlanoticia.cl\/prensa\/wp-content\/uploads\/2025\/09\/IMG_9524-768x432.jpg 768w, https:\/\/www.rengoenlanoticia.cl\/prensa\/wp-content\/uploads\/2025\/09\/IMG_9524-110x62.jpg 110w, https:\/\/www.rengoenlanoticia.cl\/prensa\/wp-content\/uploads\/2025\/09\/IMG_9524-200x113.jpg 200w, https:\/\/www.rengoenlanoticia.cl\/prensa\/wp-content\/uploads\/2025\/09\/IMG_9524-380x214.jpg 380w, https:\/\/www.rengoenlanoticia.cl\/prensa\/wp-content\/uploads\/2025\/09\/IMG_9524-255x143.jpg 255w, https:\/\/www.rengoenlanoticia.cl\/prensa\/wp-content\/uploads\/2025\/09\/IMG_9524-550x309.jpg 550w, https:\/\/www.rengoenlanoticia.cl\/prensa\/wp-content\/uploads\/2025\/09\/IMG_9524-800x450.jpg 800w\" sizes=\"auto, (max-width: 1024px) 100vw, 1024px\" \/><\/figure>\n\n\n\n<p>Adem\u00e1s, una de las beneficiarias del programa, Arlet Dur\u00e1n, presidenta de la Villa San Francisco, comparti\u00f3 la experiencia y expectativas de la comunidad. \u201cPara nosotros esto es todo nuevo, pero ya nos estamos capacitando y entendiendo la importancia del programa. Este es un proyecto a largo plazo, con muchas posibilidades de mejorar nuestro entorno: seguridad, medio ambiente, plazas. Los vecinos est\u00e1n muy entusiasmados, nos hemos empezado a conocer entre villas y queremos seguir trabajando unidos. Tenemos todas las ganas de que esto sea un \u00e9xito y que nuestro barrio sea un lugar m\u00e1s bonito y cohesionado\u201d.<\/p>\n\n\n\n<p>El Programa Quiero Mi Barrio trae a Las Cayochas un acompa\u00f1amiento profesional durante cinco a\u00f1os, destinado a impulsar el trabajo comunitario para que los propios vecinos definan el futuro de su barrio, con el respaldo de una inversi\u00f3n cercana a los 1.000 millones de pesos que se ir\u00e1n aplicando progresivamente para la mejora de espacios p\u00fablicos y convivencia vecinal.<\/p>\n\n\n\n<p>MINVU O\u2019Higgins reafirma con este hito su compromiso con el desarrollo equitativo y participativo de los territorios, llevando el Estado a lugares donde antes no hab\u00eda llegado este tipo de intervenci\u00f3n integral. La construcci\u00f3n del barrio se inicia hoy, con las manos y sue\u00f1os de sus propios habitantes.<\/p>\n","protected":false},"excerpt":{"rendered":"\u00b7&nbsp;&nbsp;&nbsp;&nbsp;&nbsp;&nbsp;&nbsp;&nbsp;&nbsp;La iniciativa del Ministerio de Vivienda y Urbanismo dio inicio oficial al programa con una jornada festiva y&hellip;\n","protected":false},"author":1,"featured_media":6018,"comment_status":"open","ping_status":"open","sticky":false,"template":"","format":"standard","meta":{"_monsterinsights_skip_tracking":false,"_monsterinsights_sitenote_active":false,"_monsterinsights_sitenote_note":"","_monsterinsights_sitenote_category":0,"footnotes":""},"categories":[8],"tags":[],"class_list":{"0":"post-6011","1":"post","2":"type-post","3":"status-publish","4":"format-standard","5":"has-post-thumbnail","7":"category-portada"},"aioseo_notices":[],"_links":{"self":[{"href":"https:\/\/www.rengoenlanoticia.cl\/prensa\/wp-json\/wp\/v2\/posts\/6011","targetHints":{"allow":["GET"]}}],"collection":[{"href":"https:\/\/www.rengoenlanoticia.cl\/prensa\/wp-json\/wp\/v2\/posts"}],"about":[{"href":"https:\/\/www.rengoenlanoticia.cl\/prensa\/wp-json\/wp\/v2\/types\/post"}],"author":[{"embeddable":true,"href":"https:\/\/www.rengoenlanoticia.cl\/prensa\/wp-json\/wp\/v2\/users\/1"}],"replies":[{"embeddable":true,"href":"https:\/\/www.rengoenlanoticia.cl\/prensa\/wp-json\/wp\/v2\/comments?post=6011"}],"version-history":[{"count":3,"href":"https:\/\/www.rengoenlanoticia.cl\/prensa\/wp-json\/wp\/v2\/posts\/6011\/revisions"}],"predecessor-version":[{"id":6034,"href":"https:\/\/www.rengoenlanoticia.cl\/prensa\/wp-json\/wp\/v2\/posts\/6011\/revisions\/6034"}],"wp:featuredmedia":[{"embeddable":true,"href":"https:\/\/www.rengoenlanoticia.cl\/prensa\/wp-json\/wp\/v2\/media\/6018"}],"wp:attachment":[{"href":"https:\/\/www.rengoenlanoticia.cl\/prensa\/wp-json\/wp\/v2\/media?parent=6011"}],"wp:term":[{"taxonomy":"category","embeddable":true,"href":"https:\/\/www.rengoenlanoticia.cl\/prensa\/wp-json\/wp\/v2\/categories?post=6011"},{"taxonomy":"post_tag","embeddable":true,"href":"https:\/\/www.rengoenlanoticia.cl\/prensa\/wp-json\/wp\/v2\/tags?post=6011"}],"curies":[{"name":"wp","href":"https:\/\/api.w.org\/{rel}","templated":true}]}}