{"id":6010,"date":"2025-09-17T00:13:00","date_gmt":"2025-09-17T00:13:00","guid":{"rendered":"https:\/\/www.rengoenlanoticia.cl\/prensa\/?p=6010"},"modified":"2025-09-17T00:13:03","modified_gmt":"2025-09-17T00:13:03","slug":"sec-ohiggins-intensifica-fiscalizaciones-a-fondas-y-ramadas-a-horas-del-inicio-de-festejos-patrios","status":"publish","type":"post","link":"https:\/\/www.rengoenlanoticia.cl\/prensa\/2025\/09\/17\/sec-ohiggins-intensifica-fiscalizaciones-a-fondas-y-ramadas-a-horas-del-inicio-de-festejos-patrios\/","title":{"rendered":"SEC O\u2019Higgins intensifica fiscalizaciones a Fondas y Ramadas a horas del inicio de festejos patrios"},"content":{"rendered":"\n<p>Equipos de la Direcci\u00f3n Regional O\u2019Higgins de la Superintendencia de Electricidad y Combustibles, SEC, , fiscalizaron, ayer y hoy, las dependencias de la Medialuna de Rancagua y el Cerro San Juan de Machal\u00ed, en las horas previas a la inauguraci\u00f3n de las Fiestas Patrias 2025.<\/p>\n\n\n\n<p>Un completo plan de fiscalizaci\u00f3n es el que ha estado desarrollando la Superintendencia de Electricidad y Combustibles, SEC, a lo largo del pa\u00eds, para verificar que las instalaciones el\u00e9ctricas y de gas, de Fondas y Ramadas cumplan con la normativa vigente, para que, de este modo, nada empa\u00f1e los Festejos Patrios que est\u00e1n a punto de comenzar.<\/p>\n\n\n\n<p>La actividad se desarroll\u00f3 este 15 y 16 de septiembre; el director Regional de la SEC, Felipe Lerzundi Rivas junto a fiscalizadores, lleg\u00f3 hasta las dependencias de la Medialuna de Rancagua y al Cerro San Juan de las comunas de Rancagua y Machal\u00ed, para fiscalizar las instalaciones del lugar y verificar que todo est\u00e9 perfecto, para la apertura al p\u00fablico del recinto.<\/p>\n\n\n\n<p>En la ocasi\u00f3n, los fiscalizadores de la SEC estuvieron revisando tableros el\u00e9ctricos, protectores diferenciales, cableado y otros elementos del sistema el\u00e9ctrico.<\/p>\n\n\n\n<p>COMPLETO PLAN<\/p>\n\n\n\n<p>El director Regional de la SEC, Felipe Lerzundi Rivas, se\u00f1al\u00f3 que \u201ca nivel nacional, esperamos realizar algo m\u00e1s de 1.600 fiscalizaciones, entre documentales y en terreno. El objetivo es chequear que no existan riesgos el\u00e9ctricos ni de fugas de gas para que las familias puedan asistir con total tranquilidad a este tipo de recintos\u201d.<\/p>\n\n\n\n<p>Finalmente, desde la SEC hicieron un llamado a seguir las cuentas oficiales de la SEC en Redes Sociales: Instagram (@sec_chile), LinkedIn (Superintendencia de Electricidad y Combustibles \u2013 SEC), X (@SEC_cl) y Superintendencia SEC (Facebook), donde la ciudadan\u00eda podr\u00e1 acceder a informaci\u00f3n \u00fatil y consejos de seguridad para el uso de los energ\u00e9ticos.<\/p>\n","protected":false},"excerpt":{"rendered":"Equipos de la Direcci\u00f3n Regional O\u2019Higgins de la Superintendencia de Electricidad y Combustibles, SEC, , fiscalizaron, ayer y&hellip;\n","protected":false},"author":1,"featured_media":6015,"comment_status":"open","ping_status":"open","sticky":false,"template":"","format":"standard","meta":{"_monsterinsights_skip_tracking":false,"_monsterinsights_sitenote_active":false,"_monsterinsights_sitenote_note":"","_monsterinsights_sitenote_category":0,"footnotes":""},"categories":[8],"tags":[],"class_list":{"0":"post-6010","1":"post","2":"type-post","3":"status-publish","4":"format-standard","5":"has-post-thumbnail","7":"category-portada"},"aioseo_notices":[],"_links":{"self":[{"href":"https:\/\/www.rengoenlanoticia.cl\/prensa\/wp-json\/wp\/v2\/posts\/6010","targetHints":{"allow":["GET"]}}],"collection":[{"href":"https:\/\/www.rengoenlanoticia.cl\/prensa\/wp-json\/wp\/v2\/posts"}],"about":[{"href":"https:\/\/www.rengoenlanoticia.cl\/prensa\/wp-json\/wp\/v2\/types\/post"}],"author":[{"embeddable":true,"href":"https:\/\/www.rengoenlanoticia.cl\/prensa\/wp-json\/wp\/v2\/users\/1"}],"replies":[{"embeddable":true,"href":"https:\/\/www.rengoenlanoticia.cl\/prensa\/wp-json\/wp\/v2\/comments?post=6010"}],"version-history":[{"count":3,"href":"https:\/\/www.rengoenlanoticia.cl\/prensa\/wp-json\/wp\/v2\/posts\/6010\/revisions"}],"predecessor-version":[{"id":6032,"href":"https:\/\/www.rengoenlanoticia.cl\/prensa\/wp-json\/wp\/v2\/posts\/6010\/revisions\/6032"}],"wp:featuredmedia":[{"embeddable":true,"href":"https:\/\/www.rengoenlanoticia.cl\/prensa\/wp-json\/wp\/v2\/media\/6015"}],"wp:attachment":[{"href":"https:\/\/www.rengoenlanoticia.cl\/prensa\/wp-json\/wp\/v2\/media?parent=6010"}],"wp:term":[{"taxonomy":"category","embeddable":true,"href":"https:\/\/www.rengoenlanoticia.cl\/prensa\/wp-json\/wp\/v2\/categories?post=6010"},{"taxonomy":"post_tag","embeddable":true,"href":"https:\/\/www.rengoenlanoticia.cl\/prensa\/wp-json\/wp\/v2\/tags?post=6010"}],"curies":[{"name":"wp","href":"https:\/\/api.w.org\/{rel}","templated":true}]}}