{"id":6004,"date":"2025-09-16T14:03:28","date_gmt":"2025-09-16T14:03:28","guid":{"rendered":"https:\/\/www.rengoenlanoticia.cl\/prensa\/?p=6004"},"modified":"2025-09-16T14:04:46","modified_gmt":"2025-09-16T14:04:46","slug":"carabineros-os-9-ohiggins-detuvo-a-autor-de-violacion-a-menor-de-10-anos","status":"publish","type":"post","link":"https:\/\/www.rengoenlanoticia.cl\/prensa\/2025\/09\/16\/carabineros-os-9-ohiggins-detuvo-a-autor-de-violacion-a-menor-de-10-anos\/","title":{"rendered":"Carabineros OS-9 O\u2019Higgins detuvo a autor de violaci\u00f3n a menor de 10 a\u00f1os"},"content":{"rendered":"\n<p>Diligencias permitieron materializar el ingreso a cuatro domicilios en Rancagua, donde se incautaron computadores y celular del imputado.<\/p>\n\n\n\n<p>A ra\u00edz de un proceso investigativo, en coordinaci\u00f3n con la Unidad de Delitos Sexuales de la Fiscal\u00eda Local de Rancagua, Carabineros OS-9 O\u2019Higgins detuvo por el delito de violaci\u00f3n a una menor de 10 a\u00f1os, a G.D.M.C., chileno, de 52 a\u00f1os.<br>La detenci\u00f3n se produjo el s\u00e1bado 13 de septiembre, tras materializar una orden judicial de entrada, registro e incautaci\u00f3n a cuatro domicilios en la comuna de Rancagua. Diligencia que se realiz\u00f3 con apoyo de efectivos policiales del Sebv, OS-7, Labocar, SIP de la 1\u00b0 Comisar\u00eda Rancagua y 3\u00b0 Comisar\u00eda Rancagua Oriente.<br>El hecho delictual habr\u00eda ocurrido en el mes de junio del a\u00f1o 2023 donde el imputado, aprovechando su condici\u00f3n de propietario de Fundaci\u00f3n Kayros, que brinda ayuda a personas en riesgo social, adem\u00e1s de se\u00f1alar ser Pastor Evang\u00e9lico, abus\u00f3 y agredi\u00f3 sexualmente a una menor de 10 a\u00f1os de edad.<br>En el allanamiento se incautaron 1 pistola marca FEG, calibre 9mm, debidamente inscrita, 45 cartuchos bal\u00edsticos calibre 9mm., 1 tel\u00e9fono celular de propiedad del imputado, 1 computador y 1 notebook. Adem\u00e1s se levant\u00f3 evidencia biol\u00f3gica.<br>El imputado, tras pasar a control de detenci\u00f3n qued\u00f3 en prisi\u00f3n preventiva con un plazo de 60 d\u00edas de investigaci\u00f3n.<\/p>\n","protected":false},"excerpt":{"rendered":"Diligencias permitieron materializar el ingreso a cuatro domicilios en Rancagua, donde se incautaron computadores y celular del imputado.&hellip;\n","protected":false},"author":1,"featured_media":6005,"comment_status":"open","ping_status":"open","sticky":false,"template":"","format":"standard","meta":{"_monsterinsights_skip_tracking":false,"_monsterinsights_sitenote_active":false,"_monsterinsights_sitenote_note":"","_monsterinsights_sitenote_category":0,"footnotes":""},"categories":[5,8],"tags":[],"class_list":{"0":"post-6004","1":"post","2":"type-post","3":"status-publish","4":"format-standard","5":"has-post-thumbnail","7":"category-policial","8":"category-portada"},"aioseo_notices":[],"_links":{"self":[{"href":"https:\/\/www.rengoenlanoticia.cl\/prensa\/wp-json\/wp\/v2\/posts\/6004","targetHints":{"allow":["GET"]}}],"collection":[{"href":"https:\/\/www.rengoenlanoticia.cl\/prensa\/wp-json\/wp\/v2\/posts"}],"about":[{"href":"https:\/\/www.rengoenlanoticia.cl\/prensa\/wp-json\/wp\/v2\/types\/post"}],"author":[{"embeddable":true,"href":"https:\/\/www.rengoenlanoticia.cl\/prensa\/wp-json\/wp\/v2\/users\/1"}],"replies":[{"embeddable":true,"href":"https:\/\/www.rengoenlanoticia.cl\/prensa\/wp-json\/wp\/v2\/comments?post=6004"}],"version-history":[{"count":3,"href":"https:\/\/www.rengoenlanoticia.cl\/prensa\/wp-json\/wp\/v2\/posts\/6004\/revisions"}],"predecessor-version":[{"id":6008,"href":"https:\/\/www.rengoenlanoticia.cl\/prensa\/wp-json\/wp\/v2\/posts\/6004\/revisions\/6008"}],"wp:featuredmedia":[{"embeddable":true,"href":"https:\/\/www.rengoenlanoticia.cl\/prensa\/wp-json\/wp\/v2\/media\/6005"}],"wp:attachment":[{"href":"https:\/\/www.rengoenlanoticia.cl\/prensa\/wp-json\/wp\/v2\/media?parent=6004"}],"wp:term":[{"taxonomy":"category","embeddable":true,"href":"https:\/\/www.rengoenlanoticia.cl\/prensa\/wp-json\/wp\/v2\/categories?post=6004"},{"taxonomy":"post_tag","embeddable":true,"href":"https:\/\/www.rengoenlanoticia.cl\/prensa\/wp-json\/wp\/v2\/tags?post=6004"}],"curies":[{"name":"wp","href":"https:\/\/api.w.org\/{rel}","templated":true}]}}