{"id":5991,"date":"2025-09-16T13:23:49","date_gmt":"2025-09-16T13:23:49","guid":{"rendered":"https:\/\/www.rengoenlanoticia.cl\/prensa\/?p=5991"},"modified":"2025-09-16T13:25:12","modified_gmt":"2025-09-16T13:25:12","slug":"diputada-marta-gonzalez-invita-a-responder-encuesta-sobre-transporte-publico-en-la-region-de-ohiggins","status":"publish","type":"post","link":"https:\/\/www.rengoenlanoticia.cl\/prensa\/2025\/09\/16\/diputada-marta-gonzalez-invita-a-responder-encuesta-sobre-transporte-publico-en-la-region-de-ohiggins\/","title":{"rendered":"Diputada Marta Gonz\u00e1lez invita a responder encuesta sobre transporte p\u00fablico en la Regi\u00f3n de O&#8217;Higgins"},"content":{"rendered":"\n<p>La Diputada Marta Gonz\u00e1lez llam\u00f3 a la comunidad a participar en una encuesta online destinada a recoger la percepci\u00f3n ciudadana y propuestas de mejora para el transporte p\u00fablico mayor en la Regi\u00f3n de O\u2019Higgins.<\/p>\n\n\n\n<p>La consulta, compuesta por siete preguntas, busca \u201cconocer la opini\u00f3n y evaluaci\u00f3n del transporte p\u00fablico mayor que tienen los dirigentes sociales de la regi\u00f3n, recogiendo adem\u00e1s lo que sus socios y socias les han transmitido\u201d, explicaron desde la iniciativa.<\/p>\n\n\n\n<p>El levantamiento de informaci\u00f3n permitir\u00e1 sistematizar los datos y transformarlos en insumos concretos para generar propuestas que incidan en pol\u00edticas p\u00fablicas regionales.<\/p>\n\n\n\n<p>Esta acci\u00f3n forma parte del trabajo impulsado por la <strong>Coordinadora Que Pase La Micro O\u2019Higgins<\/strong>, iniciativa levantada por la comunidad junto a la Diputada Marta Gonz\u00e1lez, que ya ha desarrollado foros, conversatorios y encuentros con autoridades como el Seremi y el Ministro de Transporte, adem\u00e1s del Presidente de EFE.<\/p>\n\n\n\n<p>\u201cSabemos que el transporte muchas veces define la calidad de vida de las personas y es un eje fundamental sobre el que debemos trabajar. Donde vamos, el diagn\u00f3stico es similar: falta flota, frecuencia y recorridos\u201d, se\u00f1al\u00f3 la Diputada Marta Gonz\u00e1lez.<\/p>\n\n\n\n<figure class=\"wp-block-image size-large\"><img loading=\"lazy\" decoding=\"async\" width=\"1024\" height=\"576\" src=\"https:\/\/www.rengoenlanoticia.cl\/prensa\/wp-content\/uploads\/2025\/09\/WhatsApp-Image-2025-09-16-at-09.34.48-1-1024x576.jpeg\" alt=\"\" class=\"wp-image-6000\" srcset=\"https:\/\/www.rengoenlanoticia.cl\/prensa\/wp-content\/uploads\/2025\/09\/WhatsApp-Image-2025-09-16-at-09.34.48-1-1024x576.jpeg 1024w, https:\/\/www.rengoenlanoticia.cl\/prensa\/wp-content\/uploads\/2025\/09\/WhatsApp-Image-2025-09-16-at-09.34.48-1-300x169.jpeg 300w, https:\/\/www.rengoenlanoticia.cl\/prensa\/wp-content\/uploads\/2025\/09\/WhatsApp-Image-2025-09-16-at-09.34.48-1-768x432.jpeg 768w, https:\/\/www.rengoenlanoticia.cl\/prensa\/wp-content\/uploads\/2025\/09\/WhatsApp-Image-2025-09-16-at-09.34.48-1-110x62.jpeg 110w, https:\/\/www.rengoenlanoticia.cl\/prensa\/wp-content\/uploads\/2025\/09\/WhatsApp-Image-2025-09-16-at-09.34.48-1-200x113.jpeg 200w, https:\/\/www.rengoenlanoticia.cl\/prensa\/wp-content\/uploads\/2025\/09\/WhatsApp-Image-2025-09-16-at-09.34.48-1-380x214.jpeg 380w, https:\/\/www.rengoenlanoticia.cl\/prensa\/wp-content\/uploads\/2025\/09\/WhatsApp-Image-2025-09-16-at-09.34.48-1-255x143.jpeg 255w, https:\/\/www.rengoenlanoticia.cl\/prensa\/wp-content\/uploads\/2025\/09\/WhatsApp-Image-2025-09-16-at-09.34.48-1-550x309.jpeg 550w, https:\/\/www.rengoenlanoticia.cl\/prensa\/wp-content\/uploads\/2025\/09\/WhatsApp-Image-2025-09-16-at-09.34.48-1-800x450.jpeg 800w, https:\/\/www.rengoenlanoticia.cl\/prensa\/wp-content\/uploads\/2025\/09\/WhatsApp-Image-2025-09-16-at-09.34.48-1-1160x653.jpeg 1160w, https:\/\/www.rengoenlanoticia.cl\/prensa\/wp-content\/uploads\/2025\/09\/WhatsApp-Image-2025-09-16-at-09.34.48-1.jpeg 1280w\" sizes=\"auto, (max-width: 1024px) 100vw, 1024px\" \/><\/figure>\n\n\n\n<p>\u201cPor eso decidimos aplicar esta encuesta, para reflejar la voz de la comunidad de O\u2019Higgins y avanzar en soluciones concretas. Aunque ha habido algunos avances, el problema del transporte sigue siendo may\u00fasculo y a\u00fan no llega a todos los rincones de la regi\u00f3n\u201d, agreg\u00f3.<\/p>\n\n\n\n<p>Finalmente, la parlamentaria invit\u00f3 a la comunidad a responder la encuesta, disponible en sus redes sociales @martagonzalezdiputada y en @quepaselamicro.ohiggins en Instagram.<\/p>\n","protected":false},"excerpt":{"rendered":"La Diputada Marta Gonz\u00e1lez llam\u00f3 a la comunidad a participar en una encuesta online destinada a recoger la&hellip;\n","protected":false},"author":1,"featured_media":5999,"comment_status":"open","ping_status":"open","sticky":false,"template":"","format":"standard","meta":{"_monsterinsights_skip_tracking":false,"_monsterinsights_sitenote_active":false,"_monsterinsights_sitenote_note":"","_monsterinsights_sitenote_category":0,"footnotes":""},"categories":[11,8],"tags":[],"class_list":{"0":"post-5991","1":"post","2":"type-post","3":"status-publish","4":"format-standard","5":"has-post-thumbnail","7":"category-politica","8":"category-portada"},"aioseo_notices":[],"_links":{"self":[{"href":"https:\/\/www.rengoenlanoticia.cl\/prensa\/wp-json\/wp\/v2\/posts\/5991","targetHints":{"allow":["GET"]}}],"collection":[{"href":"https:\/\/www.rengoenlanoticia.cl\/prensa\/wp-json\/wp\/v2\/posts"}],"about":[{"href":"https:\/\/www.rengoenlanoticia.cl\/prensa\/wp-json\/wp\/v2\/types\/post"}],"author":[{"embeddable":true,"href":"https:\/\/www.rengoenlanoticia.cl\/prensa\/wp-json\/wp\/v2\/users\/1"}],"replies":[{"embeddable":true,"href":"https:\/\/www.rengoenlanoticia.cl\/prensa\/wp-json\/wp\/v2\/comments?post=5991"}],"version-history":[{"count":3,"href":"https:\/\/www.rengoenlanoticia.cl\/prensa\/wp-json\/wp\/v2\/posts\/5991\/revisions"}],"predecessor-version":[{"id":6003,"href":"https:\/\/www.rengoenlanoticia.cl\/prensa\/wp-json\/wp\/v2\/posts\/5991\/revisions\/6003"}],"wp:featuredmedia":[{"embeddable":true,"href":"https:\/\/www.rengoenlanoticia.cl\/prensa\/wp-json\/wp\/v2\/media\/5999"}],"wp:attachment":[{"href":"https:\/\/www.rengoenlanoticia.cl\/prensa\/wp-json\/wp\/v2\/media?parent=5991"}],"wp:term":[{"taxonomy":"category","embeddable":true,"href":"https:\/\/www.rengoenlanoticia.cl\/prensa\/wp-json\/wp\/v2\/categories?post=5991"},{"taxonomy":"post_tag","embeddable":true,"href":"https:\/\/www.rengoenlanoticia.cl\/prensa\/wp-json\/wp\/v2\/tags?post=5991"}],"curies":[{"name":"wp","href":"https:\/\/api.w.org\/{rel}","templated":true}]}}