{"id":5972,"date":"2025-09-16T13:11:36","date_gmt":"2025-09-16T13:11:36","guid":{"rendered":"https:\/\/www.rengoenlanoticia.cl\/prensa\/?p=5972"},"modified":"2025-09-16T13:11:38","modified_gmt":"2025-09-16T13:11:38","slug":"comite-de-desarrollo-productivo-ohiggins-de-corfo-reconocio-a-beneficiarios-de-programas-de-innovacion-y-emprendimiento-2025","status":"publish","type":"post","link":"https:\/\/www.rengoenlanoticia.cl\/prensa\/2025\/09\/16\/comite-de-desarrollo-productivo-ohiggins-de-corfo-reconocio-a-beneficiarios-de-programas-de-innovacion-y-emprendimiento-2025\/","title":{"rendered":"Comit\u00e9 de Desarrollo Productivo O\u2019Higgins de Corfo reconoci\u00f3 a beneficiarios de programas de innovaci\u00f3n y emprendimiento 2025"},"content":{"rendered":"\n<p><em>-Las iniciativas ganadoras de estas convocatorias buscan generar soluciones innovadoras a problem\u00e1ticas existentes tanto en la regi\u00f3n como a nivel nacional.<\/em><\/p>\n\n\n\n<p>En una actividad de reconocimiento, adem\u00e1s de un taller de vinculaci\u00f3n estrat\u00e9gica, realizado en la Casa de la Cultura de Rancagua, Corfo dio la bienvenida a los&nbsp;ganadores regionales 2025 de los concursos de Emprendimiento Semilla Inicia, Semilla Expande, y a los ganadores de los concursos de innovaci\u00f3n Innova Regi\u00f3n y del Programa de Difusi\u00f3n Tecnol\u00f3gica,&nbsp;todos aprobados por el subcomit\u00e9 de Innovaci\u00f3n y Emprendimiento del Comit\u00e9 de Desarrollo Productivo Regional O\u2019Higgins de Corfo.<\/p>\n\n\n\n<p>En la oportunidad asistieron algunos miembros del CDPR, como el Seremi de Econom\u00eda, Dar\u00edo Garc\u00eda, la jefa de la Divisi\u00f3n de Fomento e Industrias del Gobierno Regional, Leonor D\u00edaz, la consejera Maite Rodr\u00edguez, miembro del subcomit\u00e9 de innovaci\u00f3n y emprendimiento y el presidente del subcomit\u00e9 de fomento productivo, Carlos Gallardo.<\/p>\n\n\n\n<figure class=\"wp-block-image size-large\"><img loading=\"lazy\" decoding=\"async\" width=\"1024\" height=\"682\" src=\"https:\/\/www.rengoenlanoticia.cl\/prensa\/wp-content\/uploads\/2025\/09\/foto-secretario-ejecutivo-comite-y-dr-corfo-Oscar-Avila-1024x682.jpg\" alt=\"\" class=\"wp-image-5977\" srcset=\"https:\/\/www.rengoenlanoticia.cl\/prensa\/wp-content\/uploads\/2025\/09\/foto-secretario-ejecutivo-comite-y-dr-corfo-Oscar-Avila-1024x682.jpg 1024w, https:\/\/www.rengoenlanoticia.cl\/prensa\/wp-content\/uploads\/2025\/09\/foto-secretario-ejecutivo-comite-y-dr-corfo-Oscar-Avila-300x200.jpg 300w, https:\/\/www.rengoenlanoticia.cl\/prensa\/wp-content\/uploads\/2025\/09\/foto-secretario-ejecutivo-comite-y-dr-corfo-Oscar-Avila-768x512.jpg 768w, https:\/\/www.rengoenlanoticia.cl\/prensa\/wp-content\/uploads\/2025\/09\/foto-secretario-ejecutivo-comite-y-dr-corfo-Oscar-Avila-1536x1023.jpg 1536w, https:\/\/www.rengoenlanoticia.cl\/prensa\/wp-content\/uploads\/2025\/09\/foto-secretario-ejecutivo-comite-y-dr-corfo-Oscar-Avila-110x73.jpg 110w, https:\/\/www.rengoenlanoticia.cl\/prensa\/wp-content\/uploads\/2025\/09\/foto-secretario-ejecutivo-comite-y-dr-corfo-Oscar-Avila-200x133.jpg 200w, https:\/\/www.rengoenlanoticia.cl\/prensa\/wp-content\/uploads\/2025\/09\/foto-secretario-ejecutivo-comite-y-dr-corfo-Oscar-Avila-380x253.jpg 380w, https:\/\/www.rengoenlanoticia.cl\/prensa\/wp-content\/uploads\/2025\/09\/foto-secretario-ejecutivo-comite-y-dr-corfo-Oscar-Avila-255x170.jpg 255w, https:\/\/www.rengoenlanoticia.cl\/prensa\/wp-content\/uploads\/2025\/09\/foto-secretario-ejecutivo-comite-y-dr-corfo-Oscar-Avila-550x366.jpg 550w, https:\/\/www.rengoenlanoticia.cl\/prensa\/wp-content\/uploads\/2025\/09\/foto-secretario-ejecutivo-comite-y-dr-corfo-Oscar-Avila-800x533.jpg 800w, https:\/\/www.rengoenlanoticia.cl\/prensa\/wp-content\/uploads\/2025\/09\/foto-secretario-ejecutivo-comite-y-dr-corfo-Oscar-Avila-1160x773.jpg 1160w, https:\/\/www.rengoenlanoticia.cl\/prensa\/wp-content\/uploads\/2025\/09\/foto-secretario-ejecutivo-comite-y-dr-corfo-Oscar-Avila.jpg 1600w\" sizes=\"auto, (max-width: 1024px) 100vw, 1024px\" \/><\/figure>\n\n\n\n<p>El director regional de Corfo y secretario ejecutivo del Comit\u00e9, \u00d3scar \u00c1vila, dijo que los \u201cganadores en las \u00e1reas de emprendimiento e innovaci\u00f3n en nuestra regi\u00f3n demuestran un crecimiento sustantivo en postulaciones. Tenemos gente de Coinco, de Ch\u00e9pica, de Pichilemu, de Rancagua y otras comunas que tambi\u00e9n est\u00e1n innovando, que est\u00e1n emprendiendo con soluciones que son pr\u00e1cticas y que van apuntando tambi\u00e9n a lo que es nuestra vocaci\u00f3n productiva. Tenemos talentos en todas las comunas de la regi\u00f3n y los fondos regionales que hoy tenemos nos han permitido potenciarlos\u201d. Igualmente, \u00c1vila valor\u00f3 el trabajo de los comit\u00e9s y subcomit\u00e9s de Corfo. \u201cAntes se decid\u00eda centralmente y hoy lo estamos haciendo con nuestras propias prioridades regionales, con nuestras realidades, con emprendimientos que est\u00e1n muy vinculados a nuestras necesidades\u201d.<\/p>\n\n\n\n<figure class=\"wp-block-image size-large\"><img loading=\"lazy\" decoding=\"async\" width=\"1024\" height=\"682\" src=\"https:\/\/www.rengoenlanoticia.cl\/prensa\/wp-content\/uploads\/2025\/09\/entrega-reconocimiento-1024x682.jpg\" alt=\"\" class=\"wp-image-5974\" srcset=\"https:\/\/www.rengoenlanoticia.cl\/prensa\/wp-content\/uploads\/2025\/09\/entrega-reconocimiento-1024x682.jpg 1024w, https:\/\/www.rengoenlanoticia.cl\/prensa\/wp-content\/uploads\/2025\/09\/entrega-reconocimiento-300x200.jpg 300w, https:\/\/www.rengoenlanoticia.cl\/prensa\/wp-content\/uploads\/2025\/09\/entrega-reconocimiento-768x512.jpg 768w, https:\/\/www.rengoenlanoticia.cl\/prensa\/wp-content\/uploads\/2025\/09\/entrega-reconocimiento-1536x1023.jpg 1536w, https:\/\/www.rengoenlanoticia.cl\/prensa\/wp-content\/uploads\/2025\/09\/entrega-reconocimiento-110x73.jpg 110w, https:\/\/www.rengoenlanoticia.cl\/prensa\/wp-content\/uploads\/2025\/09\/entrega-reconocimiento-200x133.jpg 200w, https:\/\/www.rengoenlanoticia.cl\/prensa\/wp-content\/uploads\/2025\/09\/entrega-reconocimiento-380x253.jpg 380w, https:\/\/www.rengoenlanoticia.cl\/prensa\/wp-content\/uploads\/2025\/09\/entrega-reconocimiento-255x170.jpg 255w, https:\/\/www.rengoenlanoticia.cl\/prensa\/wp-content\/uploads\/2025\/09\/entrega-reconocimiento-550x366.jpg 550w, https:\/\/www.rengoenlanoticia.cl\/prensa\/wp-content\/uploads\/2025\/09\/entrega-reconocimiento-800x533.jpg 800w, https:\/\/www.rengoenlanoticia.cl\/prensa\/wp-content\/uploads\/2025\/09\/entrega-reconocimiento-1160x773.jpg 1160w, https:\/\/www.rengoenlanoticia.cl\/prensa\/wp-content\/uploads\/2025\/09\/entrega-reconocimiento.jpg 1600w\" sizes=\"auto, (max-width: 1024px) 100vw, 1024px\" \/><\/figure>\n\n\n\n<p>Miembros del Comit\u00e9 de Desarrollo Productivo O\u2019Higgins (conformado en 2023) destacaron la descentralizaci\u00f3n de la toma de decisiones&nbsp;y la&nbsp;participaci\u00f3n p\u00fablico-privada&nbsp;en los comit\u00e9s evaluadores. Leonor D\u00edaz, jefa de la divisi\u00f3n de Fomento e Industria al Gobierno Regional, coment\u00f3 que estas iniciativas son parte de una descentralizaci\u00f3n de los servicios p\u00fablicos de nivel central hacia los gobiernos regionales. \u201cVamos en la l\u00ednea correcta para motivar que a trav\u00e9s de la investigaci\u00f3n podemos resolver problemas en los sectores productivos\u201d. Carlos Gallardo, presidente del subcomit\u00e9 de fomento productivo de Corfo, coincide en la importancia de la descentralizaci\u00f3n: \u201cCada regi\u00f3n tiene su realidad y muchas veces todos los instrumentos con una pauta nacional. Entonces, el poder descentralizar y empezar a adecuar los instrumentos para la regi\u00f3n y con actividades productivas relevantes de la regi\u00f3n, nos permite mejorar la eficiencia de los recursos usados ac\u00e1 con impacto positivo para la regi\u00f3n\u201d.<\/p>\n\n\n\n<figure class=\"wp-block-image size-full\"><img loading=\"lazy\" decoding=\"async\" width=\"988\" height=\"768\" src=\"https:\/\/www.rengoenlanoticia.cl\/prensa\/wp-content\/uploads\/2025\/09\/Foto-miembros-dl-CDPR-OHiggins.jpg\" alt=\"\" class=\"wp-image-5976\" srcset=\"https:\/\/www.rengoenlanoticia.cl\/prensa\/wp-content\/uploads\/2025\/09\/Foto-miembros-dl-CDPR-OHiggins.jpg 988w, https:\/\/www.rengoenlanoticia.cl\/prensa\/wp-content\/uploads\/2025\/09\/Foto-miembros-dl-CDPR-OHiggins-300x233.jpg 300w, https:\/\/www.rengoenlanoticia.cl\/prensa\/wp-content\/uploads\/2025\/09\/Foto-miembros-dl-CDPR-OHiggins-768x597.jpg 768w, https:\/\/www.rengoenlanoticia.cl\/prensa\/wp-content\/uploads\/2025\/09\/Foto-miembros-dl-CDPR-OHiggins-110x86.jpg 110w, https:\/\/www.rengoenlanoticia.cl\/prensa\/wp-content\/uploads\/2025\/09\/Foto-miembros-dl-CDPR-OHiggins-200x155.jpg 200w, https:\/\/www.rengoenlanoticia.cl\/prensa\/wp-content\/uploads\/2025\/09\/Foto-miembros-dl-CDPR-OHiggins-380x295.jpg 380w, https:\/\/www.rengoenlanoticia.cl\/prensa\/wp-content\/uploads\/2025\/09\/Foto-miembros-dl-CDPR-OHiggins-255x198.jpg 255w, https:\/\/www.rengoenlanoticia.cl\/prensa\/wp-content\/uploads\/2025\/09\/Foto-miembros-dl-CDPR-OHiggins-550x428.jpg 550w, https:\/\/www.rengoenlanoticia.cl\/prensa\/wp-content\/uploads\/2025\/09\/Foto-miembros-dl-CDPR-OHiggins-800x622.jpg 800w\" sizes=\"auto, (max-width: 988px) 100vw, 988px\" \/><\/figure>\n\n\n\n<p>Por su parte,&nbsp;<a>Maite Rodr\u00edguez, consejera del Comit\u00e9 de Desarrollo Productivo de O\u2019Higgins, y miembro del subcomit\u00e9 de innovaci\u00f3n y emprendimiento,&nbsp;<\/a>destac\u00f3 el crecimiento en el n\u00famero de postulantes y tambi\u00e9n en la calidad de los proyectos, \u201clo que nos tiene muy satisfechos con el trabajo a largo plazo. Es que hay diferentes proyectos, desde cosm\u00e9tica hasta de seguridad, los que tienen que ver con la miner\u00eda, con el turismo o con las industrias y energ\u00edas verdes\u201d.<\/p>\n\n\n\n<p><strong><u>Beneficiarios<\/u><\/strong><\/p>\n\n\n\n<p>La diversidad de proyectos y beneficiarios de diversas comunas de la regi\u00f3n, ilustran la&nbsp;variedad y el impacto local de las iniciativas apoyadas. Quienes se adjudicaron elsegundo llamado del Concurso \u201cSemilla Inicia 2024\u201d, fueron&nbsp;Futuramind Ltda, de Rengo, con \u201cFuturamind: IA para Soporte T\u00e9cnico y Postventa\u201d; Mario Villalobos Reyes, Rancagua, con \u201cMonitoreo de Equipos Mineros con Visi\u00f3n Artificial Minevision-AI\u201d; Estudio No Es Art Spa, Ch\u00e9pica, con proyecto \u201cNo es Art: Apps Educativas de Realidad Aumentada\u201d; Guillermo Salinas Flores, Rancagua, con \u201cEco Guitarra\u201d; Mateo Orme\u00f1o Poblete de Rancagua, con proyecto \u201cTimberbiz, Gesti\u00f3n Forestal en Terreno\u201d; Leticia C\u00e1rcamo, Coinco, Proyecto \u201cTejear, Ropa que Abraza Soluciones que Impactan\u201d, y Christian Alarc\u00f3n, San Vicente, con \u201cGuardi\u00e1n 360 Control en Tiempo Real de Seguridad\u201d.<\/p>\n\n\n\n<p>En el Concurso&nbsp;\u201cSemilla Expande\u201d&nbsp;O\u2019Higgins 2024, los ganadores fueron MicrovitroLab Spa Rancagua, con \u201cMicrovitro Lab: Despegue Comercial Sostenible\u201d y Aurora Spa de Navidad, con su Proyecto \u201cAurora Educa\u201d. En el&nbsp;<a>Concurso \u201cInnova Regi\u00f3n O\u2019Higgins 2025\u201d, los beneficiados son&nbsp;<\/a>Sociedad Comercial Baltame Ltda. de Santa Cruz, con \u201cRevalorizaci\u00f3n de Gallinas Ponedoras\u201d; Consultora Hern\u00e1ndez y Curaqueo Ltda. de San Fernando, con \u201cSistema Ant\u00fc K\u00fcme\u201d; Awua Salada Spa, de Pichilemu con \u201cInnovaci\u00f3n en Cosm\u00e9tica Sustentable\u201d y Mindcolab Spa que participa Junto Bus Expresso Rancagua, con el proyecto \u201cBusvision\u201d.<\/p>\n\n\n\n<p>Finalmente, los ganadores del \u201cPrograma de Difusi\u00f3n Tecnol\u00f3gica O\u2019Higgins 2025\u201d fueron Corporaci\u00f3n Pro O\u2019Higgins y su Proyecto \u201cServicios Sanitarios Rurales Digitales\u201d y la Fundaci\u00f3n para el Desarrollo Frut\u00edcola, con su proyecto \u201cImpulso de la Agricultura Regenerativa en Huertos Frutales de la Regi\u00f3n de O&#8217;Higgins\u201d.<\/p>\n","protected":false},"excerpt":{"rendered":"-Las iniciativas ganadoras de estas convocatorias buscan generar soluciones innovadoras a problem\u00e1ticas existentes tanto en la regi\u00f3n como&hellip;\n","protected":false},"author":1,"featured_media":5975,"comment_status":"open","ping_status":"open","sticky":false,"template":"","format":"standard","meta":{"_monsterinsights_skip_tracking":false,"_monsterinsights_sitenote_active":false,"_monsterinsights_sitenote_note":"","_monsterinsights_sitenote_category":0,"footnotes":""},"categories":[8],"tags":[],"class_list":{"0":"post-5972","1":"post","2":"type-post","3":"status-publish","4":"format-standard","5":"has-post-thumbnail","7":"category-portada"},"aioseo_notices":[],"_links":{"self":[{"href":"https:\/\/www.rengoenlanoticia.cl\/prensa\/wp-json\/wp\/v2\/posts\/5972","targetHints":{"allow":["GET"]}}],"collection":[{"href":"https:\/\/www.rengoenlanoticia.cl\/prensa\/wp-json\/wp\/v2\/posts"}],"about":[{"href":"https:\/\/www.rengoenlanoticia.cl\/prensa\/wp-json\/wp\/v2\/types\/post"}],"author":[{"embeddable":true,"href":"https:\/\/www.rengoenlanoticia.cl\/prensa\/wp-json\/wp\/v2\/users\/1"}],"replies":[{"embeddable":true,"href":"https:\/\/www.rengoenlanoticia.cl\/prensa\/wp-json\/wp\/v2\/comments?post=5972"}],"version-history":[{"count":3,"href":"https:\/\/www.rengoenlanoticia.cl\/prensa\/wp-json\/wp\/v2\/posts\/5972\/revisions"}],"predecessor-version":[{"id":5987,"href":"https:\/\/www.rengoenlanoticia.cl\/prensa\/wp-json\/wp\/v2\/posts\/5972\/revisions\/5987"}],"wp:featuredmedia":[{"embeddable":true,"href":"https:\/\/www.rengoenlanoticia.cl\/prensa\/wp-json\/wp\/v2\/media\/5975"}],"wp:attachment":[{"href":"https:\/\/www.rengoenlanoticia.cl\/prensa\/wp-json\/wp\/v2\/media?parent=5972"}],"wp:term":[{"taxonomy":"category","embeddable":true,"href":"https:\/\/www.rengoenlanoticia.cl\/prensa\/wp-json\/wp\/v2\/categories?post=5972"},{"taxonomy":"post_tag","embeddable":true,"href":"https:\/\/www.rengoenlanoticia.cl\/prensa\/wp-json\/wp\/v2\/tags?post=5972"}],"curies":[{"name":"wp","href":"https:\/\/api.w.org\/{rel}","templated":true}]}}