{"id":5967,"date":"2025-09-15T17:49:14","date_gmt":"2025-09-15T17:49:14","guid":{"rendered":"https:\/\/www.rengoenlanoticia.cl\/prensa\/?p=5967"},"modified":"2025-09-15T17:49:34","modified_gmt":"2025-09-15T17:49:34","slug":"la-fonda-mas-grande-de-la-vi-region-llega-a-rengo","status":"publish","type":"post","link":"https:\/\/www.rengoenlanoticia.cl\/prensa\/2025\/09\/15\/la-fonda-mas-grande-de-la-vi-region-llega-a-rengo\/","title":{"rendered":"La Fonda m\u00e1s grande de la VI regi\u00f3n llega a Rengo"},"content":{"rendered":"\n<p><em>El regreso del mega evento a la comuna viene acompa\u00f1ado de un parque tem\u00e1tico con distintos sectores de juegos y artesan\u00eda gastron\u00f3mica. <\/em><strong><\/strong><\/p>\n\n\n\n<p>Con el impulso del alcalde Enrique del Barrio Hern\u00e1ndez, la Gran Fonda Oficial de Rengo regresa con entrada liberada para convertirse en el epicentro de las Fiestas Patrias en la regi\u00f3n de O&#8217;Higgins este 2025. Durante cinco d\u00edas, desde el mi\u00e9rcoles 17 hasta el domingo 21 de septiembre, la comuna vivir\u00e1 la tradici\u00f3n, la m\u00fasica en vivo y el mejor sabor gastron\u00f3mico.<\/p>\n\n\n\n<p>\u00abEs un gran honor extender esta invitaci\u00f3n a todas las familias de nuestra comuna y la regi\u00f3n\u00bb, expres\u00f3 el alcalde Del Barrio. \u00abHemos trabajado intensamente para ofrecer un espacio seguro y acogedor donde podremos celebrar nuestras tradiciones patrias con la mejor entretenci\u00f3n. Esta fonda representa el esp\u00edritu de comunidad que nos identifica como renguinos y los esperamos para compartir juntos estas Fiestas Patrias\u00bb.<\/p>\n\n\n\n<p>Los asistentes podr\u00e1n disfrutar de shows de grandes artistas como La Gran Sonora de Peumo el d\u00eda 17, Noche de Brujas el d\u00eda 18, Los Pincheiras del Sur de Johonn Rosales el d\u00eda 19, y Franco el Gorila junto a Fulanito el d\u00eda 20 de septiembre.<\/p>\n\n\n\n<figure class=\"wp-block-image size-large\"><img loading=\"lazy\" decoding=\"async\" width=\"768\" height=\"1024\" src=\"https:\/\/www.rengoenlanoticia.cl\/prensa\/wp-content\/uploads\/2025\/09\/fonda-rengo-768x1024.jpg\" alt=\"\" class=\"wp-image-5969\" srcset=\"https:\/\/www.rengoenlanoticia.cl\/prensa\/wp-content\/uploads\/2025\/09\/fonda-rengo-768x1024.jpg 768w, https:\/\/www.rengoenlanoticia.cl\/prensa\/wp-content\/uploads\/2025\/09\/fonda-rengo-225x300.jpg 225w, https:\/\/www.rengoenlanoticia.cl\/prensa\/wp-content\/uploads\/2025\/09\/fonda-rengo-1152x1536.jpg 1152w, https:\/\/www.rengoenlanoticia.cl\/prensa\/wp-content\/uploads\/2025\/09\/fonda-rengo-110x147.jpg 110w, https:\/\/www.rengoenlanoticia.cl\/prensa\/wp-content\/uploads\/2025\/09\/fonda-rengo-200x267.jpg 200w, https:\/\/www.rengoenlanoticia.cl\/prensa\/wp-content\/uploads\/2025\/09\/fonda-rengo-380x507.jpg 380w, https:\/\/www.rengoenlanoticia.cl\/prensa\/wp-content\/uploads\/2025\/09\/fonda-rengo-255x340.jpg 255w, https:\/\/www.rengoenlanoticia.cl\/prensa\/wp-content\/uploads\/2025\/09\/fonda-rengo-300x400.jpg 300w, https:\/\/www.rengoenlanoticia.cl\/prensa\/wp-content\/uploads\/2025\/09\/fonda-rengo-550x733.jpg 550w, https:\/\/www.rengoenlanoticia.cl\/prensa\/wp-content\/uploads\/2025\/09\/fonda-rengo-800x1067.jpg 800w, https:\/\/www.rengoenlanoticia.cl\/prensa\/wp-content\/uploads\/2025\/09\/fonda-rengo-1160x1547.jpg 1160w, https:\/\/www.rengoenlanoticia.cl\/prensa\/wp-content\/uploads\/2025\/09\/fonda-rengo.jpg 1440w\" sizes=\"auto, (max-width: 768px) 100vw, 768px\" \/><\/figure>\n\n\n\n<p>El evento contar\u00e1 una carpa de 3.600 metros cuadrados, &nbsp;gastronom\u00eda t\u00edpica chilena, zona de juegos criollos, pista de motos, food trucks, ret\u00e9n m\u00f3vil de Carabineros y un ambiente seguro para toda la familia.<\/p>\n\n\n\n<p>La cita es en la Avenida Bisquertt, sector caletera 5 sur, con entrada completamente liberada.<\/p>\n","protected":false},"excerpt":{"rendered":"El regreso del mega evento a la comuna viene acompa\u00f1ado de un parque tem\u00e1tico con distintos sectores de&hellip;\n","protected":false},"author":1,"featured_media":5968,"comment_status":"open","ping_status":"open","sticky":false,"template":"","format":"standard","meta":{"_monsterinsights_skip_tracking":false,"_monsterinsights_sitenote_active":false,"_monsterinsights_sitenote_note":"","_monsterinsights_sitenote_category":0,"footnotes":""},"categories":[8],"tags":[],"class_list":{"0":"post-5967","1":"post","2":"type-post","3":"status-publish","4":"format-standard","5":"has-post-thumbnail","7":"category-portada"},"aioseo_notices":[],"_links":{"self":[{"href":"https:\/\/www.rengoenlanoticia.cl\/prensa\/wp-json\/wp\/v2\/posts\/5967","targetHints":{"allow":["GET"]}}],"collection":[{"href":"https:\/\/www.rengoenlanoticia.cl\/prensa\/wp-json\/wp\/v2\/posts"}],"about":[{"href":"https:\/\/www.rengoenlanoticia.cl\/prensa\/wp-json\/wp\/v2\/types\/post"}],"author":[{"embeddable":true,"href":"https:\/\/www.rengoenlanoticia.cl\/prensa\/wp-json\/wp\/v2\/users\/1"}],"replies":[{"embeddable":true,"href":"https:\/\/www.rengoenlanoticia.cl\/prensa\/wp-json\/wp\/v2\/comments?post=5967"}],"version-history":[{"count":2,"href":"https:\/\/www.rengoenlanoticia.cl\/prensa\/wp-json\/wp\/v2\/posts\/5967\/revisions"}],"predecessor-version":[{"id":5971,"href":"https:\/\/www.rengoenlanoticia.cl\/prensa\/wp-json\/wp\/v2\/posts\/5967\/revisions\/5971"}],"wp:featuredmedia":[{"embeddable":true,"href":"https:\/\/www.rengoenlanoticia.cl\/prensa\/wp-json\/wp\/v2\/media\/5968"}],"wp:attachment":[{"href":"https:\/\/www.rengoenlanoticia.cl\/prensa\/wp-json\/wp\/v2\/media?parent=5967"}],"wp:term":[{"taxonomy":"category","embeddable":true,"href":"https:\/\/www.rengoenlanoticia.cl\/prensa\/wp-json\/wp\/v2\/categories?post=5967"},{"taxonomy":"post_tag","embeddable":true,"href":"https:\/\/www.rengoenlanoticia.cl\/prensa\/wp-json\/wp\/v2\/tags?post=5967"}],"curies":[{"name":"wp","href":"https:\/\/api.w.org\/{rel}","templated":true}]}}