{"id":5959,"date":"2025-09-13T00:57:48","date_gmt":"2025-09-13T00:57:48","guid":{"rendered":"https:\/\/www.rengoenlanoticia.cl\/prensa\/?p=5959"},"modified":"2025-09-13T00:57:50","modified_gmt":"2025-09-13T00:57:50","slug":"con-apoyo-de-la-diputada-marta-gonzalez-ong-rosario-comuna-expone-en-el-core-de-ohiggins-proyecto-para-crear-la-comuna-de-rosario","status":"publish","type":"post","link":"https:\/\/www.rengoenlanoticia.cl\/prensa\/2025\/09\/13\/con-apoyo-de-la-diputada-marta-gonzalez-ong-rosario-comuna-expone-en-el-core-de-ohiggins-proyecto-para-crear-la-comuna-de-rosario\/","title":{"rendered":"Con apoyo de la Diputada Marta Gonz\u00e1lez: ONG Rosario Comuna expone en el CORE de O\u2019Higgins proyecto para crear la comuna de Rosario"},"content":{"rendered":"\n<p>Este jueves, la Diputada Marta Gonz\u00e1lez acompa\u00f1\u00f3 a la ONG Rosario Comuna a una sesi\u00f3n del Consejo Regional de O\u2019Higgins, donde se expuso el proyecto que busca que la localidad de Rosario, actualmente perteneciente a la comuna de Rengo, se convierta en una comuna independiente.<\/p>\n\n\n\n<p>La iniciativa, que ha sido impulsada por m\u00e1s de 13 a\u00f1os por la organizaci\u00f3n encabezada por Guillermo Gil, Flor Pino y Carlo Levancini, fue presentada ante los consejeros regionales en una instancia que, seg\u00fan destac\u00f3 la parlamentaria, refleja avances significativos en el proceso.<\/p>\n\n\n\n<p>\u201cAgradecemos la invitaci\u00f3n y la instancia en que el Consejo Regional (CORE) recoge esta propuesta, y tambi\u00e9n agradecer a los consejeros que manifiestan su voluntad de apoyar este proceso que hoy d\u00eda est\u00e1 en la Subsecretar\u00eda de Desarrollo Regional y Administrativo (SUBDERE), en las \u00faltimas etapas\u201d, se\u00f1al\u00f3 la Diputada Marta Gonz\u00e1lez.<\/p>\n\n\n\n<p>Por su parte, Guillermo Gil, presidente de la ONG Rosario Comuna, valor\u00f3 el encuentro como una oportunidad para visibilizar las motivaciones de la iniciativa:<\/p>\n\n\n\n<p>\u201cLa reuni\u00f3n sirvi\u00f3 para exponer lo que son nuestras inquietudes, m\u00e1s all\u00e1 de la historia que tiene nuestro deseo, pero tambi\u00e9n exponer las razones por las cuales estamos en esta batalla para tratar de conseguir que Rosario y las localidades vecinas seamos una comuna que pueda velar por los intereses que hace tanto tiempo han sido postergados. Escuchamos con mucho agrado que m\u00e1s de alguno de los consejeros manifest\u00f3 su apoyo a la idea\u201d.<\/p>\n\n\n\n<p>Hace unas semanas, la Diputada Marta Gonz\u00e1lez y la directiva de la ONG Rosario Comuna llegaron hasta las oficinas de la SUBDERE, en Santiago, donde se les explic\u00f3 en detalle cu\u00e1les son las etapas que restan para avanzar en la creaci\u00f3n de la nueva comuna.<\/p>\n\n\n\n<p>Gil agreg\u00f3 que la reuni\u00f3n en el CORE se realiz\u00f3 como una antesala al trabajo de la SUBDERE, que en las pr\u00f3ximas semanas sostendr\u00e1 encuentros y visitas con actores locales y regionales para conocer sus posiciones respecto al proyecto.<\/p>\n\n\n\n<p>La Diputada Gonz\u00e1lez reiter\u00f3 su respaldo al proceso y subray\u00f3 la relevancia de seguir avanzando en el marco institucional:<\/p>\n\n\n\n<p>\u201cEsperamos con mucho anhelo que la ONG Rosario y este sue\u00f1o de que sean comuna siga avanzando en la etapa junto con la SUBDERE, el Ministerio del Interior y que finalmente llegue al Presidente de la Rep\u00fablica, que ha apostado por la descentralizaci\u00f3n, por el regionalismo y porque las peque\u00f1as localidades sigan desarroll\u00e1ndose y creciendo con pertinencia cultural. Esperamos que pronto Rosario, despu\u00e9s de 13 a\u00f1os de lucha, pueda ser comuna\u201d.<\/p>\n\n\n\n<p>Finalmente, la parlamentaria record\u00f3 que en 2004, con la creaci\u00f3n de la comuna de Alto Biob\u00edo, fue la \u00faltima vez que se concret\u00f3 un proceso de este tipo en el pa\u00eds, destacando la relevancia hist\u00f3rica del paso que hoy busca dar Rosario.<\/p>\n","protected":false},"excerpt":{"rendered":"Este jueves, la Diputada Marta Gonz\u00e1lez acompa\u00f1\u00f3 a la ONG Rosario Comuna a una sesi\u00f3n del Consejo Regional&hellip;\n","protected":false},"author":1,"featured_media":5960,"comment_status":"open","ping_status":"open","sticky":false,"template":"","format":"standard","meta":{"_monsterinsights_skip_tracking":false,"_monsterinsights_sitenote_active":false,"_monsterinsights_sitenote_note":"","_monsterinsights_sitenote_category":0,"footnotes":""},"categories":[11,8],"tags":[],"class_list":{"0":"post-5959","1":"post","2":"type-post","3":"status-publish","4":"format-standard","5":"has-post-thumbnail","7":"category-politica","8":"category-portada"},"aioseo_notices":[],"_links":{"self":[{"href":"https:\/\/www.rengoenlanoticia.cl\/prensa\/wp-json\/wp\/v2\/posts\/5959","targetHints":{"allow":["GET"]}}],"collection":[{"href":"https:\/\/www.rengoenlanoticia.cl\/prensa\/wp-json\/wp\/v2\/posts"}],"about":[{"href":"https:\/\/www.rengoenlanoticia.cl\/prensa\/wp-json\/wp\/v2\/types\/post"}],"author":[{"embeddable":true,"href":"https:\/\/www.rengoenlanoticia.cl\/prensa\/wp-json\/wp\/v2\/users\/1"}],"replies":[{"embeddable":true,"href":"https:\/\/www.rengoenlanoticia.cl\/prensa\/wp-json\/wp\/v2\/comments?post=5959"}],"version-history":[{"count":3,"href":"https:\/\/www.rengoenlanoticia.cl\/prensa\/wp-json\/wp\/v2\/posts\/5959\/revisions"}],"predecessor-version":[{"id":5964,"href":"https:\/\/www.rengoenlanoticia.cl\/prensa\/wp-json\/wp\/v2\/posts\/5959\/revisions\/5964"}],"wp:featuredmedia":[{"embeddable":true,"href":"https:\/\/www.rengoenlanoticia.cl\/prensa\/wp-json\/wp\/v2\/media\/5960"}],"wp:attachment":[{"href":"https:\/\/www.rengoenlanoticia.cl\/prensa\/wp-json\/wp\/v2\/media?parent=5959"}],"wp:term":[{"taxonomy":"category","embeddable":true,"href":"https:\/\/www.rengoenlanoticia.cl\/prensa\/wp-json\/wp\/v2\/categories?post=5959"},{"taxonomy":"post_tag","embeddable":true,"href":"https:\/\/www.rengoenlanoticia.cl\/prensa\/wp-json\/wp\/v2\/tags?post=5959"}],"curies":[{"name":"wp","href":"https:\/\/api.w.org\/{rel}","templated":true}]}}