{"id":5935,"date":"2025-09-13T00:48:29","date_gmt":"2025-09-13T00:48:29","guid":{"rendered":"https:\/\/www.rengoenlanoticia.cl\/prensa\/?p=5935"},"modified":"2025-09-13T00:48:31","modified_gmt":"2025-09-13T00:48:31","slug":"mop-activa-plan-de-contingencia-en-carreteras-para-fiestas-patrias-xl","status":"publish","type":"post","link":"https:\/\/www.rengoenlanoticia.cl\/prensa\/2025\/09\/13\/mop-activa-plan-de-contingencia-en-carreteras-para-fiestas-patrias-xl\/","title":{"rendered":"MOP activa plan de contingencia en carreteras para Fiestas Patrias XL"},"content":{"rendered":"\n<p><em>Entre el viernes 12 y el domingo 21 de septiembre saldr\u00e1n de la capital 1.089.000 veh\u00edculos. Para enfrentar la contingencia se adoptar\u00e1n medidas como el \u201cpeaje a luca\u201d, restricci\u00f3n de camiones, y un refuerzo de la asistencia en carreteras.<\/em><\/p>\n\n\n\n<p>La ministra de Obras P\u00fablicas, Jessica L\u00f3pez, dio a conocer este mi\u00e9rcoles el plan de contingencia que se implementar\u00e1 en carreteras y aeropuertos con motivo de la celebraci\u00f3n de Fiestas Patrias 2025.<\/p>\n\n\n\n<p>\u201cEstamos ante una masiva salida que comenzar\u00e1 este viernes, para ello hemos dispuesto un conjunto de medidas especiales en carreteras y aeropuertos. Se espera que salgan de la Regi\u00f3n Metropolitana 1.089.919 veh\u00edculos, siendo los d\u00edas de mayor flujo el viernes 12, s\u00e1bado 13, mi\u00e9rcoles 17 y jueves 18. En tanto, el mayor flujo de retorno se registrar\u00e1 el s\u00e1bado 20 y domingo 21 de septiembre\u201d, &nbsp;inform\u00f3 la ministra de Obras P\u00fablicas, Jessica L\u00f3pez, luego de una reuni\u00f3n de coordinaci\u00f3n con el subsecretario del MOP, Danilo N\u00fa\u00f1ez, representantes de Carabineros de Chile y las principales concesionarias de autopistas y del aeropuerto de Santiago.<\/p>\n\n\n\n<p>La secretaria de Estado explic\u00f3 adem\u00e1s que \u201cHemos dispuesto medidas especiales en carreteras como el \u201cpeaje a luca\u201d, rebaja para los camiones y restricci\u00f3n de camiones. No debi\u00e9ramos tener problemas de atochamiento por capacidad de las rutas, y los eventos que se produzcan van a estar asociados a siniestros viales, por lo que es muy importante planificar el viaje y conducir con precauci\u00f3n para que todos tengamos el mejor 18 posible\u201d.<\/p>\n\n\n\n<p><strong>MEDIDAS ESPECIALES EN CARRETERAS PARA FIESTAS PATRIAS<\/strong><\/p>\n\n\n\n<p>Peaje a $1.000 para autos livianos:<\/p>\n\n\n\n<p><strong>S\u00e1bado 13, de 07:00 a 09:00 horas, en<\/strong>:<\/p>\n\n\n\n<p>Ruta 68 (Peajes Lo Prado y Zapata)<\/p>\n\n\n\n<p>Ruta 5 Norte (Peaje Las Vegas)<\/p>\n\n\n\n<p><strong>Mi\u00e9rcoles 17 y jueves 18<\/strong> <strong>de 07:00 a 09:00 horas, en:<\/strong><\/p>\n\n\n\n<p>Ruta 5 Sur (Peaje Angostura)<\/p>\n\n\n\n<p>Ruta 68 (Lo Prado y Zapata)<\/p>\n\n\n\n<p>Ruta 5 Norte (Las Vegas)<\/p>\n\n\n\n<p>Peaje rebajado 50% para camiones (dos o m\u00e1s ejes):<\/p>\n\n\n\n<p>S\u00e1bado 13, de 00:00 a 07:00 horas, en:<\/p>\n\n\n\n<p>Ruta 68 (Lo Prado y Zapata)<\/p>\n\n\n\n<p>Ruta 5 Norte (Las Vegas)<\/p>\n\n\n\n<p><strong>Mi\u00e9rcoles 17 y jueves 18<\/strong> <strong>de 07:00 a 09:00 horas, en<\/strong>:<\/p>\n\n\n\n<p>Ruta 68<\/p>\n\n\n\n<p>Ruta 5 Norte<\/p>\n\n\n\n<p>Ruta 5 Sur<\/p>\n\n\n\n<p><strong>Restricci\u00f3n de camiones en horario diurno:<\/strong><\/p>\n\n\n\n<p>Mi\u00e9rcoles 17, de 12:00 a 19:00 horas, en:<\/p>\n\n\n\n<p>Ruta 68 (entre Enlace Vespucio y Enlace Algarrobo)<\/p>\n\n\n\n<p>Ruta 5 Sur (entre Enlace Calera de Tango y Enlace Pelequ\u00e9n)<\/p>\n\n\n\n<p>Ruta 5 Norte (entre Enlace Lo Pinto y Enlace Llay Llay)<\/p>\n\n\n\n<p>Se repetir\u00e1 en las mismas rutas y tramos, el jueves 18, de 09:00 a 15:00 horas.<\/p>\n\n\n\n<p><strong>RETORNO:<\/strong><\/p>\n\n\n\n<p>Para el retorno, que se concentrar\u00e1 el s\u00e1bado 20 y domingo 21 de septiembre, se replicar\u00e1n estas medidas en las principales rutas de acceso.<\/p>\n\n\n\n<p><strong>EN O\u2019HIGGINS<\/strong><\/p>\n\n\n\n<p>\u201cEstamos prepar\u00e1ndonos, junto a la Delegaci\u00f3n Presidencial y a Carabineros para estas Fiestas Patrias, donde una gran cantidad de veh\u00edculos pasar\u00e1n por las carreteras de nuestra regi\u00f3n de O\u2019Higgins, tanto para ir a la costa, como en direcci\u00f3n al sur. &nbsp;Hemos dispuesto un conjunto de medidas orientadas a facilitar los viajes y mitigar el gran flujo que tendremos.&nbsp; El mensaje es a viajar con tiempo, respetar la se\u00f1alizaci\u00f3n de tr\u00e1nsito y conducir a la defensiva para evitar accidentes\u201d, dijo Mar\u00eda de Los \u00c1ngeles Latorre, Seremi de Obras P\u00fablicas de O\u2019Higgins.<\/p>\n\n\n\n<p><strong>SEGURIDAD<\/strong><\/p>\n\n\n\n<p>En tanto, el jefe de la zona de Tr\u00e1nsito, Carreteras y Seguridad Vial, general V\u00edctor Vielma, explic\u00f3 que \u201cLa planificaci\u00f3n de Carabineros contempla una presencia permanente y activa en diferentes rutas a nivel nacional, donde vamos a estar controlando y fiscalizando permanentemente a aquellos conductores, usuarios de las v\u00edas, que realicen conductas que pongan en riesgo la seguridad de los dem\u00e1s conductores y de la comunidad\u201d.<\/p>\n\n\n\n<p>\u201cLa estad\u00edstica en cuanto a fatalidad de siniestros viales son negativas. Tenemos un 7% m\u00e1s de personas fallecidas respecto a la misma fecha del a\u00f1o anterior, lo que es algo negativo y lamentable, por lo tanto, el llamado en estas fiestas es a celebrar con responsabilidad\u201d, agreg\u00f3 el general de Carabineros.<\/p>\n","protected":false},"excerpt":{"rendered":"Entre el viernes 12 y el domingo 21 de septiembre saldr\u00e1n de la capital 1.089.000 veh\u00edculos. Para enfrentar&hellip;\n","protected":false},"author":1,"featured_media":5936,"comment_status":"open","ping_status":"open","sticky":false,"template":"","format":"standard","meta":{"_monsterinsights_skip_tracking":false,"_monsterinsights_sitenote_active":false,"_monsterinsights_sitenote_note":"","_monsterinsights_sitenote_category":0,"footnotes":""},"categories":[8],"tags":[],"class_list":{"0":"post-5935","1":"post","2":"type-post","3":"status-publish","4":"format-standard","5":"has-post-thumbnail","7":"category-portada"},"aioseo_notices":[],"_links":{"self":[{"href":"https:\/\/www.rengoenlanoticia.cl\/prensa\/wp-json\/wp\/v2\/posts\/5935","targetHints":{"allow":["GET"]}}],"collection":[{"href":"https:\/\/www.rengoenlanoticia.cl\/prensa\/wp-json\/wp\/v2\/posts"}],"about":[{"href":"https:\/\/www.rengoenlanoticia.cl\/prensa\/wp-json\/wp\/v2\/types\/post"}],"author":[{"embeddable":true,"href":"https:\/\/www.rengoenlanoticia.cl\/prensa\/wp-json\/wp\/v2\/users\/1"}],"replies":[{"embeddable":true,"href":"https:\/\/www.rengoenlanoticia.cl\/prensa\/wp-json\/wp\/v2\/comments?post=5935"}],"version-history":[{"count":3,"href":"https:\/\/www.rengoenlanoticia.cl\/prensa\/wp-json\/wp\/v2\/posts\/5935\/revisions"}],"predecessor-version":[{"id":5958,"href":"https:\/\/www.rengoenlanoticia.cl\/prensa\/wp-json\/wp\/v2\/posts\/5935\/revisions\/5958"}],"wp:featuredmedia":[{"embeddable":true,"href":"https:\/\/www.rengoenlanoticia.cl\/prensa\/wp-json\/wp\/v2\/media\/5936"}],"wp:attachment":[{"href":"https:\/\/www.rengoenlanoticia.cl\/prensa\/wp-json\/wp\/v2\/media?parent=5935"}],"wp:term":[{"taxonomy":"category","embeddable":true,"href":"https:\/\/www.rengoenlanoticia.cl\/prensa\/wp-json\/wp\/v2\/categories?post=5935"},{"taxonomy":"post_tag","embeddable":true,"href":"https:\/\/www.rengoenlanoticia.cl\/prensa\/wp-json\/wp\/v2\/tags?post=5935"}],"curies":[{"name":"wp","href":"https:\/\/api.w.org\/{rel}","templated":true}]}}