{"id":5934,"date":"2025-09-13T00:28:41","date_gmt":"2025-09-13T00:28:41","guid":{"rendered":"https:\/\/www.rengoenlanoticia.cl\/prensa\/?p=5934"},"modified":"2025-09-13T00:43:18","modified_gmt":"2025-09-13T00:43:18","slug":"hospital-de-santa-cruz-realiza-curso-cudyr-para-fortalecer-gestion-y-atencion-clinica","status":"publish","type":"post","link":"https:\/\/www.rengoenlanoticia.cl\/prensa\/2025\/09\/13\/hospital-de-santa-cruz-realiza-curso-cudyr-para-fortalecer-gestion-y-atencion-clinica\/","title":{"rendered":"Hospital de Santa Cruz realiza curso CUDYR para fortalecer gesti\u00f3n y atenci\u00f3n cl\u00ednica"},"content":{"rendered":"\n<p>\u00a0La capacitaci\u00f3n anual, organizada por la Subdirecci\u00f3n de Gesti\u00f3n del Cuidado, permiti\u00f3 actualizar conocimientos sobre categorizaci\u00f3n de pacientes seg\u00fan riesgo y dependencia.<\/p>\n\n\n\n<p>El Hospital de Santa Cruz desarroll\u00f3 un curso enfocado en la\u00a0categorizaci\u00f3n de pacientes seg\u00fan riesgo y dependencia (CUDYR), herramienta clave que se aplica a pacientes con m\u00e1s de ocho horas de hospitalizaci\u00f3n y permite\u00a0gestionar recursos y optimizar la atenci\u00f3n en los servicios cl\u00ednicos.<\/p>\n\n\n\n<p>\u201cEl curso permite visibilizar el perfil de nuestros pacientes y, de esta manera, adecuar recursos para entregar una atenci\u00f3n de calidad y segura\u201d, destac\u00f3 el&nbsp;Dr. Sebasti\u00e1n Urz\u00faa, director del Hospital de Santa Cruz.<\/p>\n\n\n\n<p>La actividad fue organizada por la&nbsp;Subdirecci\u00f3n de Gesti\u00f3n del Cuidado, liderada por el&nbsp;enfermero Sergio Valenzuela, subdirector de la unidad, quien se\u00f1al\u00f3 que \u201cesta capacitaci\u00f3n anual ha logrado un impacto positivo en la mejora de las categorizaciones y constituye un pilar fundamental dentro de nuestro plan anual de trabajo\u201d.<\/p>\n\n\n\n<p>En la actividad, donde participaron enfermeros, matronas y t\u00e9cnicos en enfermer\u00eda de los hospitales de&nbsp;Santa Cruz, Pichilemu, Litueche y Marchig\u00fce, se cont\u00f3 con exposiciones de la abogada&nbsp;Loreto Vidal, los enfermeros&nbsp;P\u00eda Soto, Patricia Rom\u00e1n y Mario Silva, y el matr\u00f3n&nbsp;Piero V\u00e1squez, abordando temas como los&nbsp;aspectos \u00e9ticos y m\u00e9dico legales de los registros cl\u00ednicos, la difusi\u00f3n del protocolo CUDYR y la categorizaci\u00f3n de pacientes adultos, pedi\u00e1tricos y gineco-obst\u00e9tricos, adem\u00e1s de ejercicios pr\u00e1cticos.<\/p>\n\n\n\n<p>Durante el plenario final, se destac\u00f3 que este curso anual ha tenido un&nbsp;impacto positivo en la calidad de las categorizaciones, evidenciado en la comparaci\u00f3n entre evaluaciones de funcionarios cl\u00ednicos y auditor\u00edas.<\/p>\n\n\n\n<figure class=\"wp-block-image size-full\"><img loading=\"lazy\" decoding=\"async\" width=\"1024\" height=\"768\" src=\"https:\/\/www.rengoenlanoticia.cl\/prensa\/wp-content\/uploads\/2025\/09\/cudyr-2.jpg\" alt=\"\" class=\"wp-image-5938\" srcset=\"https:\/\/www.rengoenlanoticia.cl\/prensa\/wp-content\/uploads\/2025\/09\/cudyr-2.jpg 1024w, https:\/\/www.rengoenlanoticia.cl\/prensa\/wp-content\/uploads\/2025\/09\/cudyr-2-300x225.jpg 300w, https:\/\/www.rengoenlanoticia.cl\/prensa\/wp-content\/uploads\/2025\/09\/cudyr-2-768x576.jpg 768w, https:\/\/www.rengoenlanoticia.cl\/prensa\/wp-content\/uploads\/2025\/09\/cudyr-2-110x83.jpg 110w, https:\/\/www.rengoenlanoticia.cl\/prensa\/wp-content\/uploads\/2025\/09\/cudyr-2-200x150.jpg 200w, https:\/\/www.rengoenlanoticia.cl\/prensa\/wp-content\/uploads\/2025\/09\/cudyr-2-380x285.jpg 380w, https:\/\/www.rengoenlanoticia.cl\/prensa\/wp-content\/uploads\/2025\/09\/cudyr-2-255x191.jpg 255w, https:\/\/www.rengoenlanoticia.cl\/prensa\/wp-content\/uploads\/2025\/09\/cudyr-2-550x413.jpg 550w, https:\/\/www.rengoenlanoticia.cl\/prensa\/wp-content\/uploads\/2025\/09\/cudyr-2-800x600.jpg 800w\" sizes=\"auto, (max-width: 1024px) 100vw, 1024px\" \/><\/figure>\n\n\n\n<p>En los pr\u00f3ximos meses se realizar\u00e1n dos auditor\u00edas de CUDYR: una&nbsp;interservicios dentro del Hospital de Santa Cruz&nbsp;y otra&nbsp;cruzada entre hospitales de la red, las cuales permiten constatar que el perfil de pacientes en la regi\u00f3n de O\u2019Higgins corresponde mayoritariamente a&nbsp;cuidados medios, incluso en hospitales de base comunitaria.<\/p>\n","protected":false},"excerpt":{"rendered":"\u00a0La capacitaci\u00f3n anual, organizada por la Subdirecci\u00f3n de Gesti\u00f3n del Cuidado, permiti\u00f3 actualizar conocimientos sobre categorizaci\u00f3n de pacientes&hellip;\n","protected":false},"author":1,"featured_media":5937,"comment_status":"open","ping_status":"open","sticky":false,"template":"","format":"standard","meta":{"_monsterinsights_skip_tracking":false,"_monsterinsights_sitenote_active":false,"_monsterinsights_sitenote_note":"","_monsterinsights_sitenote_category":0,"footnotes":""},"categories":[8],"tags":[],"class_list":{"0":"post-5934","1":"post","2":"type-post","3":"status-publish","4":"format-standard","5":"has-post-thumbnail","7":"category-portada"},"aioseo_notices":[],"_links":{"self":[{"href":"https:\/\/www.rengoenlanoticia.cl\/prensa\/wp-json\/wp\/v2\/posts\/5934","targetHints":{"allow":["GET"]}}],"collection":[{"href":"https:\/\/www.rengoenlanoticia.cl\/prensa\/wp-json\/wp\/v2\/posts"}],"about":[{"href":"https:\/\/www.rengoenlanoticia.cl\/prensa\/wp-json\/wp\/v2\/types\/post"}],"author":[{"embeddable":true,"href":"https:\/\/www.rengoenlanoticia.cl\/prensa\/wp-json\/wp\/v2\/users\/1"}],"replies":[{"embeddable":true,"href":"https:\/\/www.rengoenlanoticia.cl\/prensa\/wp-json\/wp\/v2\/comments?post=5934"}],"version-history":[{"count":3,"href":"https:\/\/www.rengoenlanoticia.cl\/prensa\/wp-json\/wp\/v2\/posts\/5934\/revisions"}],"predecessor-version":[{"id":5950,"href":"https:\/\/www.rengoenlanoticia.cl\/prensa\/wp-json\/wp\/v2\/posts\/5934\/revisions\/5950"}],"wp:featuredmedia":[{"embeddable":true,"href":"https:\/\/www.rengoenlanoticia.cl\/prensa\/wp-json\/wp\/v2\/media\/5937"}],"wp:attachment":[{"href":"https:\/\/www.rengoenlanoticia.cl\/prensa\/wp-json\/wp\/v2\/media?parent=5934"}],"wp:term":[{"taxonomy":"category","embeddable":true,"href":"https:\/\/www.rengoenlanoticia.cl\/prensa\/wp-json\/wp\/v2\/categories?post=5934"},{"taxonomy":"post_tag","embeddable":true,"href":"https:\/\/www.rengoenlanoticia.cl\/prensa\/wp-json\/wp\/v2\/tags?post=5934"}],"curies":[{"name":"wp","href":"https:\/\/api.w.org\/{rel}","templated":true}]}}