{"id":5922,"date":"2025-09-12T23:50:40","date_gmt":"2025-09-12T23:50:40","guid":{"rendered":"https:\/\/www.rengoenlanoticia.cl\/prensa\/?p=5922"},"modified":"2025-09-13T00:17:33","modified_gmt":"2025-09-13T00:17:33","slug":"los-empresarios-mipymes-del-pais-acordaron-rechazar-proyecto-de-negociacion-colectiva-ramal","status":"publish","type":"post","link":"https:\/\/www.rengoenlanoticia.cl\/prensa\/2025\/09\/12\/los-empresarios-mipymes-del-pais-acordaron-rechazar-proyecto-de-negociacion-colectiva-ramal\/","title":{"rendered":"LOS EMPRESARIOS MIPYMES DEL PA\u00cdS ACORDARON RECHAZAR PROYECTO DE NEGOCIACI\u00d3N COLECTIVA RAMAL"},"content":{"rendered":"\n<p><\/p>\n\n\n\n<p>En la \u00faltima reuni\u00f3n del Directorio de la Confederaci\u00f3n Nacional de la Micro, Peque\u00f1a y Mediana Empresa de Chile (CONAPYME), se acord\u00f3 rechazar el proyecto de Negociaci\u00f3n Colectiva Ramal, cuya presentaci\u00f3n para su tr\u00e1mite constitucional, fue anunciado para el pr\u00f3ximo mes de Octubre por parte de las autoridades del Gobierno.<\/p>\n\n\n\n<p>Seg\u00fan lo manifestado por la m\u00e1xima entidad de los empresarios mipymes, se trata de una iniciativa que fue acordada solo con la Central Unitaria de Trabajadores, que no representa a todos los trabajadores del pa\u00eds y que no va en la direcci\u00f3n correcta en el sentido de constituirse en un apoyo a este importante sector de la econom\u00eda nacional.<\/p>\n\n\n\n<p>Una vez m\u00e1s se equivoca el Ejecutivo al poner en marcha proyectos que en vez de favorecer a las empresas de menor tama\u00f1o, las va a perjudicar considerablemente en su normal desenvolvimiento. No se puede comparar la situaci\u00f3n de las peque\u00f1as empresas con las grandes por cuanto viven una realidad muy diferente.<\/p>\n\n\n\n<p>La organizaci\u00f3n gremial agrego que hay que tener presente que en su \u00faltimo Informe de Pol\u00edtica Monetaria, el Banco Central de Chile advirti\u00f3 que proyectos como el aumento del salario m\u00ednimo y la disminuci\u00f3n del horario de trabajo han provocado un impacto negativo en el empleo. Se espera que el Ejecutivo comprenda esta situaci\u00f3n y no insista en la negociaci\u00f3n colectiva ramal que traer\u00eda graves consecuencias para las mipymes.<\/p>\n\n\n\n<p>Los dirigentes de las ramas que integran la CONAPYME acordaron movilizarse una vez que la citada iniciativa sea presentada al Congreso Nacional, de manera de tomar contacto directo con todas las bancadas parlamentarias para darles a conocer la posici\u00f3n de los peque\u00f1os empresarios sobre dicho proyecto.<\/p>\n\n\n\n<p><\/p>\n\n\n\n<p><\/p>\n","protected":false},"excerpt":{"rendered":"En la \u00faltima reuni\u00f3n del Directorio de la Confederaci\u00f3n Nacional de la Micro, Peque\u00f1a y Mediana Empresa de&hellip;\n","protected":false},"author":1,"featured_media":5925,"comment_status":"open","ping_status":"open","sticky":false,"template":"","format":"standard","meta":{"_monsterinsights_skip_tracking":false,"_monsterinsights_sitenote_active":false,"_monsterinsights_sitenote_note":"","_monsterinsights_sitenote_category":0,"footnotes":""},"categories":[8],"tags":[],"class_list":{"0":"post-5922","1":"post","2":"type-post","3":"status-publish","4":"format-standard","5":"has-post-thumbnail","7":"category-portada"},"aioseo_notices":[],"_links":{"self":[{"href":"https:\/\/www.rengoenlanoticia.cl\/prensa\/wp-json\/wp\/v2\/posts\/5922","targetHints":{"allow":["GET"]}}],"collection":[{"href":"https:\/\/www.rengoenlanoticia.cl\/prensa\/wp-json\/wp\/v2\/posts"}],"about":[{"href":"https:\/\/www.rengoenlanoticia.cl\/prensa\/wp-json\/wp\/v2\/types\/post"}],"author":[{"embeddable":true,"href":"https:\/\/www.rengoenlanoticia.cl\/prensa\/wp-json\/wp\/v2\/users\/1"}],"replies":[{"embeddable":true,"href":"https:\/\/www.rengoenlanoticia.cl\/prensa\/wp-json\/wp\/v2\/comments?post=5922"}],"version-history":[{"count":3,"href":"https:\/\/www.rengoenlanoticia.cl\/prensa\/wp-json\/wp\/v2\/posts\/5922\/revisions"}],"predecessor-version":[{"id":5928,"href":"https:\/\/www.rengoenlanoticia.cl\/prensa\/wp-json\/wp\/v2\/posts\/5922\/revisions\/5928"}],"wp:featuredmedia":[{"embeddable":true,"href":"https:\/\/www.rengoenlanoticia.cl\/prensa\/wp-json\/wp\/v2\/media\/5925"}],"wp:attachment":[{"href":"https:\/\/www.rengoenlanoticia.cl\/prensa\/wp-json\/wp\/v2\/media?parent=5922"}],"wp:term":[{"taxonomy":"category","embeddable":true,"href":"https:\/\/www.rengoenlanoticia.cl\/prensa\/wp-json\/wp\/v2\/categories?post=5922"},{"taxonomy":"post_tag","embeddable":true,"href":"https:\/\/www.rengoenlanoticia.cl\/prensa\/wp-json\/wp\/v2\/tags?post=5922"}],"curies":[{"name":"wp","href":"https:\/\/api.w.org\/{rel}","templated":true}]}}