{"id":5914,"date":"2025-09-12T23:32:51","date_gmt":"2025-09-12T23:32:51","guid":{"rendered":"https:\/\/www.rengoenlanoticia.cl\/prensa\/?p=5914"},"modified":"2025-09-13T00:21:44","modified_gmt":"2025-09-13T00:21:44","slug":"como-acompanar-a-ninas-y-ninos-en-bailes-y-actuaciones-en-fiestas-patrias-incluyamos-una-mirada-sensible-en-estas-fechas","status":"publish","type":"post","link":"https:\/\/www.rengoenlanoticia.cl\/prensa\/2025\/09\/12\/como-acompanar-a-ninas-y-ninos-en-bailes-y-actuaciones-en-fiestas-patrias-incluyamos-una-mirada-sensible-en-estas-fechas\/","title":{"rendered":"\u00bfC\u00f3mo acompa\u00f1ar a ni\u00f1as y ni\u00f1os en bailes y actuaciones en fiestas patrias? Incluyamos una mirada sensible en estas fechas"},"content":{"rendered":"\n<p>En nuestro pa\u00eds, las <strong>Fiestas Patrias<\/strong> son de las celebraciones m\u00e1s esperadas. Generalmente tenemos varios d\u00edas libres, se organizan paseos, juntas familiares, grandes comidas, y entre todo eso es com\u00fan que, tanto en jardines infantiles como en colegios, se organicen eventos donde las <strong>ni\u00f1as y ni\u00f1os son las figuras principales<\/strong>.<\/p>\n\n\n\n<p>Empiezan los <strong>ensayos de sus bailes<\/strong>, las familias comienzan a buscar el traje con el que deben presentarse e incluso, en ocasiones, se invita a parte de la familia ampliada a ver el espect\u00e1culo y es as\u00ed como generalmente llegan al establecimiento educativo para disfrutar, y sacar fotos y videos de las actuaciones de ni\u00f1as y ni\u00f1os.<\/p>\n\n\n\n<p>Pero, <strong>\u00bfqu\u00e9 pasa si una ni\u00f1a o ni\u00f1o no quiere participar?<\/strong>.<\/p>\n\n\n\n<p>Si bien hay ni\u00f1as y ni\u00f1os que se entusiasman y desean participar, la realidad es que tambi\u00e9n podr\u00edan existir ni\u00f1as y ni\u00f1os a quienes <strong>no les guste ser parte de estas instancias<\/strong>.<\/p>\n\n\n\n<p>Dichas actividades podr\u00edan generar altas expectativas en las adultas y adultos que acompa\u00f1en a las ni\u00f1as y ni\u00f1os (equipos educativos, profesores\/as y familia), incluso, muchas veces, hay una <strong>inversi\u00f3n de dinero en trajes y accesorios<\/strong>. Todo esto suele ser percibido y vivenciado por las ni\u00f1as y ni\u00f1os, quienes, en ocasiones<strong>, podr\u00edan sentir una gran presi\u00f3n <\/strong>si <strong>no pueden cumplir<\/strong> con lo que se espera de ellas y ellos.<\/p>\n\n\n\n<p>Participar en estos hitos les exigen <strong>exponerse ante otros<\/strong>, lo que podr\u00eda causar distintas emociones y vivencias que <strong>podr\u00edan generar malestar<\/strong>, ansiedad o <strong>incluso rechazo a participar<\/strong>. Algunos podr\u00edan <strong>sentir que no tienen las habilidades<\/strong> para dar un buen espect\u00e1culo, otros temor y\/o verg\u00fcenza al tener que hacerlo frente al p\u00fablico, como tambi\u00e9n podr\u00eda no agradarles ese tipo de actividad.<\/p>\n\n\n\n<p>Es en ese momento donde necesitan de nuestra comprensi\u00f3n, acompa\u00f1amiento y que, como adultas y adultos, <strong>podamos manejar las expectativas<\/strong> que nos hab\u00edamos hecho, sin poner presi\u00f3n adicional.<\/p>\n\n\n\n<p>Quiz\u00e1s, es importante reflexionar sobre qu\u00e9 gana la ni\u00f1a o ni\u00f1o si participa obligada\/o y tambi\u00e9n qu\u00e9 mensaje le estoy transmitiendo con esto. Si bien, las y los adultos sentimos que \u201cdebemos inculcar\u201d la responsabilidad, a veces <strong>olvidamos que hay emociones y vivencias <\/strong>muy potentes que pueden afectarles y que, al ser forzados, se pueden sentir poco escuchados y por, sobre todo, poco respetadas\/os, lo que puede ir afectando la imagen que van construyendo de s\u00ed mismas\/os y su autoestima.<\/p>\n\n\n\n<p>Ser\u00eda beneficioso que <strong>podamos darnos un espacio de conversaci\u00f3n<\/strong> respecto a c\u00f3mo se sienten al tener que participar en estas actividades. Si desde un principio manifiestan malestar o incomodidad, ser\u00eda recomendable hablarlo con la educadora y\/o profesor\/a, de tal manera que estas actividades puedan ser presentadas como <strong>una invitaci\u00f3n a participar<\/strong>, y donde las y los adultos podamos ser conscientes de no ejercer presi\u00f3n y estr\u00e9s, incluso si esto tuviese una nota asociada. Recordemos que una mala nota es menos nociva que el efecto que podr\u00eda tener experimentar que lo que sienten y piensan no es importante.<\/p>\n\n\n\n<p>Tambi\u00e9n podr\u00eda pasar que la ni\u00f1a o el ni\u00f1o haya mostrado inter\u00e9s, se vista con su traje para el baile o presentaci\u00f3n, pero al momento de tener que salir a escena <strong>manifieste que no quiere<\/strong>. En una situaci\u00f3n as\u00ed podemos preguntar <strong>qu\u00e9 es lo que siente<\/strong>, si hay alguna manera en que podamos ayudarla\/o a sentirse m\u00e1s segura\/o. Si la negativa persiste, es fundamental <strong>respetar, acoger y por sobre todo no retar ni juzgar<\/strong>.<\/p>\n\n\n\n<p>Es importante tener presente que toda actividad de educativa tiene por objetivo <strong>posibilitar una experiencia de aprendizaje<\/strong> que requiere ser una vivencia positiva y motivadora en contextos de cuidado y respeto, considerando sus intereses.<\/p>\n\n\n\n<p>Recordemos que estas celebraciones de <strong>Fiestas Patrias<\/strong> deben ser agradables para todas y todos, donde <strong>ni\u00f1as y ni\u00f1os no deben cumplir con nuestras expectativas<\/strong>. Por el contrario, nosotros somos los que debemos estar a la altura de las circunstancias. \u00a1As\u00ed que les invitamos a celebrar, disfrutar y festejar <strong>como cada uno se sienta m\u00e1s c\u00f3modo y seguro<\/strong>!<\/p>\n\n\n\n<p>Si las familias tienen dudas respecto a este tema o a alg\u00fan otro relacionado con la crianza o el bienestar de ni\u00f1as y ni\u00f1os, pueden contactarse con <strong>Fonoinfancia<\/strong> de lunes a viernes, de 8:30 a 19:00 horas, llamando de <strong>forma gratuita<\/strong> al tel\u00e9fono <strong>800 200 818<\/strong> o ingresando al chat disponible en el sitio web <a href=\"http:\/\/www.fonoinfancia.cl\">fonoinfancia.cl<\/a>. Un equipo de psic\u00f3logas y psic\u00f3logos expertos en crianza, ni\u00f1ez y familias est\u00e1 disponible para acompa\u00f1ar.<\/p>\n\n\n\n<p><strong>Carolina Rivera Serey, psic\u00f3loga,<\/strong><\/p>\n\n\n\n<p><strong>profesional de atenci\u00f3n no presencial de Fonoinfancia,<\/strong><\/p>\n\n\n\n<p><strong>de Fundaci\u00f3n Integra<\/strong><\/p>\n","protected":false},"excerpt":{"rendered":"En nuestro pa\u00eds, las Fiestas Patrias son de las celebraciones m\u00e1s esperadas. Generalmente tenemos varios d\u00edas libres, se&hellip;\n","protected":false},"author":1,"featured_media":5919,"comment_status":"open","ping_status":"open","sticky":false,"template":"","format":"standard","meta":{"_monsterinsights_skip_tracking":false,"_monsterinsights_sitenote_active":false,"_monsterinsights_sitenote_note":"","_monsterinsights_sitenote_category":0,"footnotes":""},"categories":[8],"tags":[],"class_list":{"0":"post-5914","1":"post","2":"type-post","3":"status-publish","4":"format-standard","5":"has-post-thumbnail","7":"category-portada"},"aioseo_notices":[],"_links":{"self":[{"href":"https:\/\/www.rengoenlanoticia.cl\/prensa\/wp-json\/wp\/v2\/posts\/5914","targetHints":{"allow":["GET"]}}],"collection":[{"href":"https:\/\/www.rengoenlanoticia.cl\/prensa\/wp-json\/wp\/v2\/posts"}],"about":[{"href":"https:\/\/www.rengoenlanoticia.cl\/prensa\/wp-json\/wp\/v2\/types\/post"}],"author":[{"embeddable":true,"href":"https:\/\/www.rengoenlanoticia.cl\/prensa\/wp-json\/wp\/v2\/users\/1"}],"replies":[{"embeddable":true,"href":"https:\/\/www.rengoenlanoticia.cl\/prensa\/wp-json\/wp\/v2\/comments?post=5914"}],"version-history":[{"count":2,"href":"https:\/\/www.rengoenlanoticia.cl\/prensa\/wp-json\/wp\/v2\/posts\/5914\/revisions"}],"predecessor-version":[{"id":5931,"href":"https:\/\/www.rengoenlanoticia.cl\/prensa\/wp-json\/wp\/v2\/posts\/5914\/revisions\/5931"}],"wp:featuredmedia":[{"embeddable":true,"href":"https:\/\/www.rengoenlanoticia.cl\/prensa\/wp-json\/wp\/v2\/media\/5919"}],"wp:attachment":[{"href":"https:\/\/www.rengoenlanoticia.cl\/prensa\/wp-json\/wp\/v2\/media?parent=5914"}],"wp:term":[{"taxonomy":"category","embeddable":true,"href":"https:\/\/www.rengoenlanoticia.cl\/prensa\/wp-json\/wp\/v2\/categories?post=5914"},{"taxonomy":"post_tag","embeddable":true,"href":"https:\/\/www.rengoenlanoticia.cl\/prensa\/wp-json\/wp\/v2\/tags?post=5914"}],"curies":[{"name":"wp","href":"https:\/\/api.w.org\/{rel}","templated":true}]}}