{"id":5913,"date":"2025-09-13T00:19:34","date_gmt":"2025-09-13T00:19:34","guid":{"rendered":"https:\/\/www.rengoenlanoticia.cl\/prensa\/?p=5913"},"modified":"2025-09-13T00:19:40","modified_gmt":"2025-09-13T00:19:40","slug":"autoridades-entregan-recomendaciones-por-consumo-de-alcohol-y-drogas-en-fiestas-patrias","status":"publish","type":"post","link":"https:\/\/www.rengoenlanoticia.cl\/prensa\/2025\/09\/13\/autoridades-entregan-recomendaciones-por-consumo-de-alcohol-y-drogas-en-fiestas-patrias\/","title":{"rendered":"Autoridades entregan recomendaciones por consumo de alcohol y drogas en Fiestas Patrias"},"content":{"rendered":"\n<p>En el marco de las celebraciones de Fiestas Patrias, la Seremi de Salud de la Regi\u00f3n de O\u2019Higgins, Dra. Carolina Torres, junto al director regional de Senda, Carlos Leyton, realizaron un llamado a la ciudadan\u00eda a celebrar con responsabilidad, destacando los riesgos del consumo de alcohol y drogas. La actividad se desarroll\u00f3 en Rancagua e incluy\u00f3 una fiscalizaci\u00f3n en una distribuidora de licores, donde se revis\u00f3 el cumplimiento de la normativa vigente sobre etiquetado de bebidas alcoh\u00f3licas.<\/p>\n\n\n\n<p>Desde el 7 de julio de 2024, se encuentra en plena vigencia la Ley 21.363, que exige a fabricantes e importadores de bebidas alcoh\u00f3licas rotular sus productos con advertencias sanitarias, informaci\u00f3n cal\u00f3rica y restricciones publicitarias. Esta ley aplica a todas las bebidas con una graduaci\u00f3n alcoh\u00f3lica superior al 0,5\u202f%. En la regi\u00f3n ya se han efectuado 70 fiscalizaciones sobre la materia principalmente a fabricantes, donde se han realizado 17 sumarios sanitarios.<\/p>\n\n\n\n<p>Durante la fiscalizaci\u00f3n, la autoridad sanitaria verific\u00f3 que los envases incluyeran los tres sellos obligatorios: \u201cNo beber al conducir\u201d, \u201cRiesgo para tu beb\u00e9\u201d y \u201cNo beber menores de 18 a\u00f1os\u201d. Adem\u00e1s, los productos deben exhibir de forma visible la frase \u201cADVERTENCIA. El consumo nocivo de alcohol da\u00f1a tu salud\u201d, junto al contenido cal\u00f3rico por porci\u00f3n. El Ministerio de Salud, a trav\u00e9s de las Seremis, es el encargado de fiscalizar el cumplimiento de esta normativa. Las denuncias se pueden realizar en el sitio web oirs.minsal.cl o en las oficinas de la Seremi de Salud.<\/p>\n\n\n\n<figure class=\"wp-block-image size-large\"><img loading=\"lazy\" decoding=\"async\" width=\"1024\" height=\"768\" src=\"https:\/\/www.rengoenlanoticia.cl\/prensa\/wp-content\/uploads\/2025\/09\/Autoridades-entregan-recomendaciones-por-consumo-de-alcohol-y-drogas-en-Fiestas-Patrias-2-1024x768.jpg\" alt=\"\" class=\"wp-image-5915\" srcset=\"https:\/\/www.rengoenlanoticia.cl\/prensa\/wp-content\/uploads\/2025\/09\/Autoridades-entregan-recomendaciones-por-consumo-de-alcohol-y-drogas-en-Fiestas-Patrias-2-1024x768.jpg 1024w, https:\/\/www.rengoenlanoticia.cl\/prensa\/wp-content\/uploads\/2025\/09\/Autoridades-entregan-recomendaciones-por-consumo-de-alcohol-y-drogas-en-Fiestas-Patrias-2-300x225.jpg 300w, https:\/\/www.rengoenlanoticia.cl\/prensa\/wp-content\/uploads\/2025\/09\/Autoridades-entregan-recomendaciones-por-consumo-de-alcohol-y-drogas-en-Fiestas-Patrias-2-768x576.jpg 768w, https:\/\/www.rengoenlanoticia.cl\/prensa\/wp-content\/uploads\/2025\/09\/Autoridades-entregan-recomendaciones-por-consumo-de-alcohol-y-drogas-en-Fiestas-Patrias-2-110x83.jpg 110w, https:\/\/www.rengoenlanoticia.cl\/prensa\/wp-content\/uploads\/2025\/09\/Autoridades-entregan-recomendaciones-por-consumo-de-alcohol-y-drogas-en-Fiestas-Patrias-2-200x150.jpg 200w, https:\/\/www.rengoenlanoticia.cl\/prensa\/wp-content\/uploads\/2025\/09\/Autoridades-entregan-recomendaciones-por-consumo-de-alcohol-y-drogas-en-Fiestas-Patrias-2-380x285.jpg 380w, https:\/\/www.rengoenlanoticia.cl\/prensa\/wp-content\/uploads\/2025\/09\/Autoridades-entregan-recomendaciones-por-consumo-de-alcohol-y-drogas-en-Fiestas-Patrias-2-255x191.jpg 255w, https:\/\/www.rengoenlanoticia.cl\/prensa\/wp-content\/uploads\/2025\/09\/Autoridades-entregan-recomendaciones-por-consumo-de-alcohol-y-drogas-en-Fiestas-Patrias-2-550x413.jpg 550w, https:\/\/www.rengoenlanoticia.cl\/prensa\/wp-content\/uploads\/2025\/09\/Autoridades-entregan-recomendaciones-por-consumo-de-alcohol-y-drogas-en-Fiestas-Patrias-2-800x600.jpg 800w, https:\/\/www.rengoenlanoticia.cl\/prensa\/wp-content\/uploads\/2025\/09\/Autoridades-entregan-recomendaciones-por-consumo-de-alcohol-y-drogas-en-Fiestas-Patrias-2-1160x870.jpg 1160w, https:\/\/www.rengoenlanoticia.cl\/prensa\/wp-content\/uploads\/2025\/09\/Autoridades-entregan-recomendaciones-por-consumo-de-alcohol-y-drogas-en-Fiestas-Patrias-2.jpg 1280w\" sizes=\"auto, (max-width: 1024px) 100vw, 1024px\" \/><\/figure>\n\n\n\n<p>En la ocasi\u00f3n, la Seremi de Salud, Dra. Carolina Torres, se\u00f1al\u00f3: \u201cEn el contexto de Fiestas Patrias nos encontramos hoy con Senda haciendo un llamado a la ciudadan\u00eda para unas fiestas seguras. Nosotros estamos fiscalizando el cumplimiento de la Ley 21.363 relacionado al etiquetado de alcoholes y tambi\u00e9n desde el \u00e1mbito de Salud P\u00fablica estamos haciendo difusi\u00f3n respecto de la importancia de no consumir drogas y alcohol, ya que esto afecta en la salud y conducta de las personas e incrementa riesgos para la salud. Hacemos el llamado a la responsabilidad y que pasemos unas fiestas tranquilas\u201d. Por su parte, el director regional de Senda, Carlos Leyton, enfatiz\u00f3 la importancia del autocuidado comentando que \u201cla invitaci\u00f3n es a tener una celebraci\u00f3n en familia, principalmente considerando tres cosas: si va a conducir un veh\u00edculo pase las llaves, no conduzca; si va a beber h\u00e1galo con moderaci\u00f3n y no olvidemos que somos ejemplos para ni\u00f1os, ni\u00f1as y adolescentes que pueden estar a nuestro alrededor. Y lo tercero es que, si una persona tiene alg\u00fan problema asociado al consumo de drogas y alcohol, a la hora que sea hay un tel\u00e9fono disponible donde puede recibir ayuda y orientaci\u00f3n en el Fono 1412\u201d.<\/p>\n","protected":false},"excerpt":{"rendered":"En el marco de las celebraciones de Fiestas Patrias, la Seremi de Salud de la Regi\u00f3n de O\u2019Higgins,&hellip;\n","protected":false},"author":1,"featured_media":5916,"comment_status":"open","ping_status":"open","sticky":false,"template":"","format":"standard","meta":{"_monsterinsights_skip_tracking":false,"_monsterinsights_sitenote_active":false,"_monsterinsights_sitenote_note":"","_monsterinsights_sitenote_category":0,"footnotes":""},"categories":[8],"tags":[],"class_list":{"0":"post-5913","1":"post","2":"type-post","3":"status-publish","4":"format-standard","5":"has-post-thumbnail","7":"category-portada"},"aioseo_notices":[],"_links":{"self":[{"href":"https:\/\/www.rengoenlanoticia.cl\/prensa\/wp-json\/wp\/v2\/posts\/5913","targetHints":{"allow":["GET"]}}],"collection":[{"href":"https:\/\/www.rengoenlanoticia.cl\/prensa\/wp-json\/wp\/v2\/posts"}],"about":[{"href":"https:\/\/www.rengoenlanoticia.cl\/prensa\/wp-json\/wp\/v2\/types\/post"}],"author":[{"embeddable":true,"href":"https:\/\/www.rengoenlanoticia.cl\/prensa\/wp-json\/wp\/v2\/users\/1"}],"replies":[{"embeddable":true,"href":"https:\/\/www.rengoenlanoticia.cl\/prensa\/wp-json\/wp\/v2\/comments?post=5913"}],"version-history":[{"count":3,"href":"https:\/\/www.rengoenlanoticia.cl\/prensa\/wp-json\/wp\/v2\/posts\/5913\/revisions"}],"predecessor-version":[{"id":5930,"href":"https:\/\/www.rengoenlanoticia.cl\/prensa\/wp-json\/wp\/v2\/posts\/5913\/revisions\/5930"}],"wp:featuredmedia":[{"embeddable":true,"href":"https:\/\/www.rengoenlanoticia.cl\/prensa\/wp-json\/wp\/v2\/media\/5916"}],"wp:attachment":[{"href":"https:\/\/www.rengoenlanoticia.cl\/prensa\/wp-json\/wp\/v2\/media?parent=5913"}],"wp:term":[{"taxonomy":"category","embeddable":true,"href":"https:\/\/www.rengoenlanoticia.cl\/prensa\/wp-json\/wp\/v2\/categories?post=5913"},{"taxonomy":"post_tag","embeddable":true,"href":"https:\/\/www.rengoenlanoticia.cl\/prensa\/wp-json\/wp\/v2\/tags?post=5913"}],"curies":[{"name":"wp","href":"https:\/\/api.w.org\/{rel}","templated":true}]}}