{"id":5906,"date":"2025-09-12T03:14:00","date_gmt":"2025-09-12T03:14:00","guid":{"rendered":"https:\/\/www.rengoenlanoticia.cl\/prensa\/?p=5906"},"modified":"2025-09-12T03:14:07","modified_gmt":"2025-09-12T03:14:07","slug":"se-declara-alerta-temprana-preventiva-para-la-region-de-ohiggins-por-evento-masivo","status":"publish","type":"post","link":"https:\/\/www.rengoenlanoticia.cl\/prensa\/2025\/09\/12\/se-declara-alerta-temprana-preventiva-para-la-region-de-ohiggins-por-evento-masivo\/","title":{"rendered":"Se declara Alerta Temprana Preventiva para la Regi\u00f3n de O&#8217;Higgins por evento masivo"},"content":{"rendered":"\n<p><strong>De acuerdo con la informaci\u00f3n proporcionada por la Direcci\u00f3n Regional del SENAPRED O\u2019Higgins,<\/strong>&nbsp;se prev\u00e9 un aumento masivo de personas en las distintas actividades programadas en la Regi\u00f3n de O\u2019Higgins. Este escenario, marcado por la concentraci\u00f3n y el desplazamiento de personas en el territorio regional, conlleva un aumento en la exposici\u00f3n a diversos riesgos, tanto de origen natural como antr\u00f3pico.<\/p>\n\n\n\n<p>En consideraci\u00f3n a estos antecedentes, que suponen un aumento del riesgo asociado a dicha variable, y en coordinaci\u00f3n con la Delegaci\u00f3n Presidencial Regional de O\u2019Higgins, la Direcci\u00f3n Regional del SENAPRED&nbsp;<strong>declara Alerta Temprana Preventiva Regional por evento masivo<\/strong>, vigente desde hoy y hasta que las condiciones as\u00ed lo ameriten.<\/p>\n\n\n\n<p>La declaraci\u00f3n de esta alerta se constituye como un estado de reforzamiento de la vigilancia, mediante el monitoreo preciso y riguroso de las condiciones de riesgo y las respectivas vulnerabilidades asociadas a la amenaza, coordinando y activando al Sistema Nacional de Prevenci\u00f3n y Respuesta ante Desastres (SINAPRED) con el fin de actuar oportunamente frente a eventuales situaciones de emergencia.<\/p>\n\n\n\n<p><em><strong>SENAPRED&nbsp;<\/strong>recomienda a la poblaci\u00f3n identificar las v\u00edas de evacuaci\u00f3n y coordinar un punto de encuentro con los que te acompa\u00f1an. En caso de una emergencia mant\u00e9n la calma, coopera con encargados de seguridad, al\u00e9jate de lugares que representen un peligro evidente y, en caso de ser posible, presta tu ayuda a ni\u00f1os, ancianos y mujeres embarazadas.<\/em><\/p>\n","protected":false},"excerpt":{"rendered":"De acuerdo con la informaci\u00f3n proporcionada por la Direcci\u00f3n Regional del SENAPRED O\u2019Higgins,&nbsp;se prev\u00e9 un aumento masivo de&hellip;\n","protected":false},"author":1,"featured_media":5907,"comment_status":"open","ping_status":"open","sticky":false,"template":"","format":"standard","meta":{"_monsterinsights_skip_tracking":false,"_monsterinsights_sitenote_active":false,"_monsterinsights_sitenote_note":"","_monsterinsights_sitenote_category":0,"footnotes":""},"categories":[8],"tags":[],"class_list":{"0":"post-5906","1":"post","2":"type-post","3":"status-publish","4":"format-standard","5":"has-post-thumbnail","7":"category-portada"},"aioseo_notices":[],"_links":{"self":[{"href":"https:\/\/www.rengoenlanoticia.cl\/prensa\/wp-json\/wp\/v2\/posts\/5906","targetHints":{"allow":["GET"]}}],"collection":[{"href":"https:\/\/www.rengoenlanoticia.cl\/prensa\/wp-json\/wp\/v2\/posts"}],"about":[{"href":"https:\/\/www.rengoenlanoticia.cl\/prensa\/wp-json\/wp\/v2\/types\/post"}],"author":[{"embeddable":true,"href":"https:\/\/www.rengoenlanoticia.cl\/prensa\/wp-json\/wp\/v2\/users\/1"}],"replies":[{"embeddable":true,"href":"https:\/\/www.rengoenlanoticia.cl\/prensa\/wp-json\/wp\/v2\/comments?post=5906"}],"version-history":[{"count":3,"href":"https:\/\/www.rengoenlanoticia.cl\/prensa\/wp-json\/wp\/v2\/posts\/5906\/revisions"}],"predecessor-version":[{"id":5910,"href":"https:\/\/www.rengoenlanoticia.cl\/prensa\/wp-json\/wp\/v2\/posts\/5906\/revisions\/5910"}],"wp:featuredmedia":[{"embeddable":true,"href":"https:\/\/www.rengoenlanoticia.cl\/prensa\/wp-json\/wp\/v2\/media\/5907"}],"wp:attachment":[{"href":"https:\/\/www.rengoenlanoticia.cl\/prensa\/wp-json\/wp\/v2\/media?parent=5906"}],"wp:term":[{"taxonomy":"category","embeddable":true,"href":"https:\/\/www.rengoenlanoticia.cl\/prensa\/wp-json\/wp\/v2\/categories?post=5906"},{"taxonomy":"post_tag","embeddable":true,"href":"https:\/\/www.rengoenlanoticia.cl\/prensa\/wp-json\/wp\/v2\/tags?post=5906"}],"curies":[{"name":"wp","href":"https:\/\/api.w.org\/{rel}","templated":true}]}}