{"id":5896,"date":"2025-09-11T00:17:50","date_gmt":"2025-09-11T00:17:50","guid":{"rendered":"https:\/\/www.rengoenlanoticia.cl\/prensa\/?p=5896"},"modified":"2025-09-11T00:18:13","modified_gmt":"2025-09-11T00:18:13","slug":"medios-de-provincia-de-cachapoal-reciben-recursos-del-fondo-de-medios-de-seremi-de-gobierno","status":"publish","type":"post","link":"https:\/\/www.rengoenlanoticia.cl\/prensa\/2025\/09\/11\/medios-de-provincia-de-cachapoal-reciben-recursos-del-fondo-de-medios-de-seremi-de-gobierno\/","title":{"rendered":"Medios de Provincia de Cachapoal reciben recursos del Fondo de Medios de Seremi de Gobierno"},"content":{"rendered":"\n<p><em>Diario El Rancag\u00fcino, siete radios y 5 sitios webs obtuvieron financiamiento para proyectos que promueven contenidos de inter\u00e9s social, cultural, educativo y de relevancia local.<\/em><\/p>\n\n\n\n<p>Proyectos sobre \u00e1reas tan diversas como la ciencia, el emprendimiento, el rescate de nuestras tradiciones y tem\u00e1ticas medioambientales, entre otros, siendo en muchos de ellos protagonistas las mujeres, se adjudicaron en la Provincia de Cachapoal elFondo de Medios 2025, programa gestionado por el Ministerio Secretar\u00eda General de Gobierno y que tiene como objetivo principal apoyar a los medios de comunicaci\u00f3n locales y comunitarios.<\/p>\n\n\n\n<p>En la Casa de la Cultura de Rancagua, el seremi de Gobierno Carlos Carrasco se reuni\u00f3 con representantes de los medios de Cachapoal que se adjudicaron recursos, tal como ya lo hab\u00eda hecho en d\u00edas anteriores con la prensa de Colchagua y Cardenal Caro.<\/p>\n\n\n\n<p>Son $54 millones los recursos adjudicados en la provincia para un total de 13 medios, mientras que a nivel regional son $132 millones para 31 proyectos. En este contexto, el seremi de Gobierno, CarlosCarrasco, se manifest\u00f3&nbsp;<strong>\u201cc<\/strong>ontento de ver la diversidad de medios que postularon y obtuvieron los fondos este a\u00f1o, programa de nuestro ministerio que sirve b\u00e1sicamente para poder mantener lo que es la diversidad informativa, que es el origen y la esencia de los fondos de medios de comunicaci\u00f3n. Esto genera un debate period\u00edstico m\u00e1s cr\u00edtico, una diversidad con distintas voces que est\u00e9n interviniendo en el escenario de la formaci\u00f3n de la agenda p\u00fablica todos los d\u00edas, que es lo queremos como gobierno del Presidente Gabriel Boric, porque al tener una diversidad informativa tenemos una mayor cantidad de voces y una democracia mucho m\u00e1s sana y participativa\u201d, dijo el seremi.<\/p>\n\n\n\n<p>Uno de los proyectos que se adjudic\u00f3 recursos fue el diario el Rancag\u00fcino, con \u201cEmprendiendo con nombre de mujer\u201d, que pretende dar a conocer emprendimientos que no necesariamente fueron exitosos, pero que dejen una ense\u00f1anza. Sobre esta iniciativa, su subdirector, Luis Fernando Gonz\u00e1lez, se\u00f1al\u00f3 que se trata de \u201ccasos de mujeres que han emprendido y logrado a trav\u00e9s de diversos negocios, crecer y poder llegar m\u00e1s all\u00e1 de ser microemprendedora, sino que incluso llegando m\u00e1s all\u00e1, a una formalizaci\u00f3n, mostrando adem\u00e1s no solo el caso sino que el camino que recorrieron, para que pueda servir para que otros puedan seguir la misma senda, porque muchas veces cuando se habla de emprendimiento se muestra el producto final, pero no se ense\u00f1a c\u00f3mo se llega a este camino que a lo mejor muchas personas puedan querer llevar adelante\u201d.<\/p>\n\n\n\n<p>Otra de las iniciativas reconocidas fue el proyecto \u201cMujeres L\u00edderes en Ciencia Regi\u00f3n de O\u2019Higgins\u201d del sitio web&nbsp;<a href=\"http:\/\/cdivulga.cl\/\" target=\"_blank\" rel=\"noreferrer noopener\">cdivulga.cl<\/a>. Sobre este proyecto, la periodista Natalia Salazar indic\u00f3 que \u201cquiere destacar el liderazgo femenino en la investigaci\u00f3n cient\u00edfica regional y por eso vamos a relevar a mujeres de la regi\u00f3n que dirigen proyectos de investigaci\u00f3n cient\u00edfica de distintas instituciones, como la Universidad de O\u2019Higgins, el Gobierno Regional, el Centro de Estudios Avanzados en Fruticultura (CEAF). Vamos invitar a distintos centros de investigaci\u00f3n, todo esto gracias al financiamiento del Fondo de Medios\u201d, agradeci\u00f3 la profesional de las comunicaciones.<\/p>\n\n\n\n<p>Por otro lado, Javier Mu\u00f1oz de Radio Rancagua, emisora que obtuvo recursos con \u201cMujeres que inspiran, historias de vida y pasi\u00f3n\u201d, reflexion\u00f3 sobre la importancia de este programa estatal. \u201cCuando la sociedad est\u00e1 llena de fake news, cuando hay una gran brecha entre los medios de Santiago y los medios locales, que se entreguen estos fondos es de suma importancia ya que nos permite poner en el tapete contenidos locales, cultura, tradici\u00f3n, diversidad, todo lo que nace de una regi\u00f3n y que muchas veces no es visibilizado a nivel pa\u00eds\u201d, declar\u00f3.<\/p>\n","protected":false},"excerpt":{"rendered":"Diario El Rancag\u00fcino, siete radios y 5 sitios webs obtuvieron financiamiento para proyectos que promueven contenidos de inter\u00e9s&hellip;\n","protected":false},"author":1,"featured_media":5897,"comment_status":"open","ping_status":"open","sticky":false,"template":"","format":"standard","meta":{"_monsterinsights_skip_tracking":false,"_monsterinsights_sitenote_active":false,"_monsterinsights_sitenote_note":"","_monsterinsights_sitenote_category":0,"footnotes":""},"categories":[8],"tags":[],"class_list":{"0":"post-5896","1":"post","2":"type-post","3":"status-publish","4":"format-standard","5":"has-post-thumbnail","7":"category-portada"},"aioseo_notices":[],"_links":{"self":[{"href":"https:\/\/www.rengoenlanoticia.cl\/prensa\/wp-json\/wp\/v2\/posts\/5896","targetHints":{"allow":["GET"]}}],"collection":[{"href":"https:\/\/www.rengoenlanoticia.cl\/prensa\/wp-json\/wp\/v2\/posts"}],"about":[{"href":"https:\/\/www.rengoenlanoticia.cl\/prensa\/wp-json\/wp\/v2\/types\/post"}],"author":[{"embeddable":true,"href":"https:\/\/www.rengoenlanoticia.cl\/prensa\/wp-json\/wp\/v2\/users\/1"}],"replies":[{"embeddable":true,"href":"https:\/\/www.rengoenlanoticia.cl\/prensa\/wp-json\/wp\/v2\/comments?post=5896"}],"version-history":[{"count":2,"href":"https:\/\/www.rengoenlanoticia.cl\/prensa\/wp-json\/wp\/v2\/posts\/5896\/revisions"}],"predecessor-version":[{"id":5899,"href":"https:\/\/www.rengoenlanoticia.cl\/prensa\/wp-json\/wp\/v2\/posts\/5896\/revisions\/5899"}],"wp:featuredmedia":[{"embeddable":true,"href":"https:\/\/www.rengoenlanoticia.cl\/prensa\/wp-json\/wp\/v2\/media\/5897"}],"wp:attachment":[{"href":"https:\/\/www.rengoenlanoticia.cl\/prensa\/wp-json\/wp\/v2\/media?parent=5896"}],"wp:term":[{"taxonomy":"category","embeddable":true,"href":"https:\/\/www.rengoenlanoticia.cl\/prensa\/wp-json\/wp\/v2\/categories?post=5896"},{"taxonomy":"post_tag","embeddable":true,"href":"https:\/\/www.rengoenlanoticia.cl\/prensa\/wp-json\/wp\/v2\/tags?post=5896"}],"curies":[{"name":"wp","href":"https:\/\/api.w.org\/{rel}","templated":true}]}}