{"id":5892,"date":"2025-09-11T00:08:13","date_gmt":"2025-09-11T00:08:13","guid":{"rendered":"https:\/\/www.rengoenlanoticia.cl\/prensa\/?p=5892"},"modified":"2025-09-11T00:08:59","modified_gmt":"2025-09-11T00:08:59","slug":"el-influencer-de-dios-carlo-acutis-primer-santo-millennial","status":"publish","type":"post","link":"https:\/\/www.rengoenlanoticia.cl\/prensa\/2025\/09\/11\/el-influencer-de-dios-carlo-acutis-primer-santo-millennial\/","title":{"rendered":"El \u201cinfluencer de Dios\u201d: Carlo Acutis primer santo millennial"},"content":{"rendered":"\n<p><em>Canonizado el 7 de septiembre en Roma, Carlo Acutis se convierte en el primer santo millennial. Su vida, uniendo fe, tecnolog\u00eda y sencillez juvenil, ofrece hoy a los j\u00f3venes un modelo cercano de santidad en tiempos digitales<\/em><\/p>\n\n\n\n<p>El pasado 7 de septiembre de 2025, la Iglesia Cat\u00f3lica proclam\u00f3 santo a Carlo Acutis, un joven italiano fallecido a los 15 a\u00f1os, reconocido como el&nbsp;primer santo de la generaci\u00f3n millennial. La ceremonia fue presidida por el Papa Le\u00f3n XIV en la Plaza de San Pedro, en Roma, donde miles de fieles, especialmente j\u00f3venes, se reunieron para celebrar la canonizaci\u00f3n de quien ya es llamado \u201cel influencer de Dios\u201d.<\/p>\n\n\n\n<p>\u201cLa canonizaci\u00f3n de dos j\u00f3venes, Pier Giorgio Frassati y Carlo Acutis, celebrada ayer domingo, es una hermosa noticia para la Iglesia y para el mundo. El legado que estos nuevos santos ofrecen a los j\u00f3venes de hoy es su propio testimonio de vida, se puede vivir la juventud con intensidad y aspirar a la santidad. Vivir la vida cristiana, a pesar de la edad, amar profundamente al Se\u00f1or y ofrecer todos sus talentos al servicio de la fe y la caridad\u201d, explic\u00f3 Monse\u00f1or Bernardo \u00c1lvarez, Obispo Auxiliar de Concepci\u00f3n y Vice Gran Canciller de la Universidad Cat\u00f3lica de la Sant\u00edsima Concepci\u00f3n (UCSC).<\/p>\n\n\n\n<p>Carlo naci\u00f3 en 1991 en Londres y creci\u00f3 en Mil\u00e1n. Desde peque\u00f1o mostr\u00f3 una profunda fe y un amor especial por la Eucarist\u00eda, al punto que tras su Primera Comuni\u00f3n afirm\u00f3 \u201cestar siempre unido a Jes\u00fas, ese es mi plan de vida\u201d. Su pasi\u00f3n por la inform\u00e1tica lo llev\u00f3 a crear, con apenas 11 a\u00f1os, un sitio web en el que recopil\u00f3 m\u00e1s de un centenar de milagros eucar\u00edsticos alrededor del mundo, adelant\u00e1ndose a su tiempo al utilizar internet como herramienta de evangelizaci\u00f3n. Al mismo tiempo llevaba la vida com\u00fan de un adolescente, disfrutaba de videojuegos y f\u00fatbol, pero tambi\u00e9n, dedicaba tiempo a ayudar a personas en situaci\u00f3n de calle, defender a compa\u00f1eros v\u00edctimas de bullying y ense\u00f1ar catequesis.<\/p>\n\n\n\n<p>El Director de la Pastoral UCSC, Pbro. V\u00edctor \u00c1lvarez, subray\u00f3 que \u201cCarlo hablaba un lenguaje que los j\u00f3venes comprenden; mostr\u00f3 que se puede ser plenamente joven y plenamente santo. Nos recuerda que&nbsp;la santidad no pertenece \u00fanicamente al pasado, sino que puede vivirse con alegr\u00eda en medio del mundo digital\u201d.<\/p>\n\n\n\n<p><strong>Referente para las nuevas generaciones<\/strong><\/p>\n\n\n\n<p>En 2006, a los 15 a\u00f1os, fue diagnosticado con leucemia fulminante y falleci\u00f3 pocos d\u00edas despu\u00e9s, ofreciendo sus sufrimientos por la Iglesia y por el Papa. Sus restos reposan en As\u00eds, donde su tumba se ha convertido en un lugar de peregrinaci\u00f3n, especialmente para los j\u00f3venes que se sienten identificados con \u00e9l.<\/p>\n\n\n\n<p>El camino a la santificaci\u00f3n estuvo marcado&nbsp;por dos milagros atribuidos a su intercesi\u00f3n, la curaci\u00f3n de un ni\u00f1o brasile\u00f1o con una grave malformaci\u00f3n pancre\u00e1tica y la recuperaci\u00f3n sorprendente de una joven costarricense tras un traumatismo craneal. Estos hechos permitieron su beatificaci\u00f3n en 2020 y finalmente su canonizaci\u00f3n en 2025.<\/p>\n\n\n\n<p>Carlo Acutis es considerado un referente para las nuevas generaciones, pues supo mostrar que la santidad tambi\u00e9n es posible en medio del mundo digital. Integr\u00f3 su fe con su pasi\u00f3n por la tecnolog\u00eda y dej\u00f3 como mensaje que lo extraordinario est\u00e1 en vivir con amor lo cotidiano. \u201cCarlo vivi\u00f3 una profunda amistad con Jes\u00fas en la Eucarist\u00eda; como joven millenial, promov\u00eda la adoraci\u00f3n al Sant\u00edsimo Sacramento y difund\u00eda los milagros eucar\u00edsticos en medio de las comunidades\u201d, destac\u00f3 el Vice Gran Canciller de la UCSC.<\/p>\n\n\n\n<p>Para la pastoral universitaria, su testimonio abre un horizonte concreto, pues \u201csu vida nos invita a poner a Cristo en el centro y a ser disc\u00edpulos misioneros en la Universidad, en la cultura digital y en la vida de todos los d\u00edas; la fe no es un a\u00f1adido, sino una fuerza que da sentido a estudios, proyectos y relaciones\u201d, concluy\u00f3 el Director de Pastoral UCSC.<\/p>\n\n\n\n<p><strong>El hombre de las Bienaventuranzas<\/strong><\/p>\n\n\n\n<p>Pier Giorgio Frassati, canonizado en la misma ceremonia, naci\u00f3 en Tur\u00edn en 1901 y falleci\u00f3 a los 24 a\u00f1os a causa de una poliomielitis fulminante. Proveniente de una familia adinerada, eligi\u00f3 un camino marcado por la oraci\u00f3n, la caridad y el compromiso social, al punto de ser llamado por San Juan Pablo II \u201cel hombre de las Bienaventuranzas\u201d por su labor ejemplar de brindar consuelo y felicidad a los pobres, sufrientes y necesitados.<\/p>\n\n\n\n<p>Escalador, estudiante y activo en la pol\u00edtica, vivi\u00f3 con intensidad la fe en medio de la vida laical, entregando su tiempo a los m\u00e1s pobres y marginados. Aunque lo separan casi 90 a\u00f1os de Carlo Acutis, ambos comparten el testimonio de una juventud vivida plenamente desde el Evangelio, mostrando que la santidad puede inspirar a distintas generaciones.<\/p>\n","protected":false},"excerpt":{"rendered":"Canonizado el 7 de septiembre en Roma, Carlo Acutis se convierte en el primer santo millennial. Su vida,&hellip;\n","protected":false},"author":1,"featured_media":5893,"comment_status":"open","ping_status":"open","sticky":false,"template":"","format":"standard","meta":{"_monsterinsights_skip_tracking":false,"_monsterinsights_sitenote_active":false,"_monsterinsights_sitenote_note":"","_monsterinsights_sitenote_category":0,"footnotes":""},"categories":[8],"tags":[],"class_list":{"0":"post-5892","1":"post","2":"type-post","3":"status-publish","4":"format-standard","5":"has-post-thumbnail","7":"category-portada"},"aioseo_notices":[],"_links":{"self":[{"href":"https:\/\/www.rengoenlanoticia.cl\/prensa\/wp-json\/wp\/v2\/posts\/5892","targetHints":{"allow":["GET"]}}],"collection":[{"href":"https:\/\/www.rengoenlanoticia.cl\/prensa\/wp-json\/wp\/v2\/posts"}],"about":[{"href":"https:\/\/www.rengoenlanoticia.cl\/prensa\/wp-json\/wp\/v2\/types\/post"}],"author":[{"embeddable":true,"href":"https:\/\/www.rengoenlanoticia.cl\/prensa\/wp-json\/wp\/v2\/users\/1"}],"replies":[{"embeddable":true,"href":"https:\/\/www.rengoenlanoticia.cl\/prensa\/wp-json\/wp\/v2\/comments?post=5892"}],"version-history":[{"count":2,"href":"https:\/\/www.rengoenlanoticia.cl\/prensa\/wp-json\/wp\/v2\/posts\/5892\/revisions"}],"predecessor-version":[{"id":5895,"href":"https:\/\/www.rengoenlanoticia.cl\/prensa\/wp-json\/wp\/v2\/posts\/5892\/revisions\/5895"}],"wp:featuredmedia":[{"embeddable":true,"href":"https:\/\/www.rengoenlanoticia.cl\/prensa\/wp-json\/wp\/v2\/media\/5893"}],"wp:attachment":[{"href":"https:\/\/www.rengoenlanoticia.cl\/prensa\/wp-json\/wp\/v2\/media?parent=5892"}],"wp:term":[{"taxonomy":"category","embeddable":true,"href":"https:\/\/www.rengoenlanoticia.cl\/prensa\/wp-json\/wp\/v2\/categories?post=5892"},{"taxonomy":"post_tag","embeddable":true,"href":"https:\/\/www.rengoenlanoticia.cl\/prensa\/wp-json\/wp\/v2\/tags?post=5892"}],"curies":[{"name":"wp","href":"https:\/\/api.w.org\/{rel}","templated":true}]}}