{"id":5879,"date":"2025-09-10T19:36:13","date_gmt":"2025-09-10T19:36:13","guid":{"rendered":"https:\/\/www.rengoenlanoticia.cl\/prensa\/?p=5879"},"modified":"2025-09-10T19:35:48","modified_gmt":"2025-09-10T19:35:48","slug":"operativo-fortaleza-segundo-operativo-conjunto-nacional-entre-carabineros-y-pdi-logra-mas-de-250-detenciones-en-la-region-de-ohiggins","status":"publish","type":"post","link":"https:\/\/www.rengoenlanoticia.cl\/prensa\/2025\/09\/10\/operativo-fortaleza-segundo-operativo-conjunto-nacional-entre-carabineros-y-pdi-logra-mas-de-250-detenciones-en-la-region-de-ohiggins\/","title":{"rendered":"Operativo Fortaleza: Segundo operativo conjunto nacional entre Carabineros y PDI logra m\u00e1s de 250 detenciones en la Regi\u00f3n de O\u2019Higgins"},"content":{"rendered":"\n<p>Los operativos policiales conjuntos buscan potenciar las capacidades de ambas polic\u00edas y aumentar la cobertura territorial, para entregar mayor seguridad a la comunidad.&nbsp;<\/p>\n\n\n\n<p>M\u00e1s de 250 detenidos fue el resultado de la Ronda Masiva Nacional Operaci\u00f3n Fortaleza en la Regi\u00f3n de O\u00b4Higgins, desarrollada los d\u00edas 8, 9 y 10 de septiembre, de forma conjunta por Carabineros de Chile y Polic\u00eda de Investigaciones. Operaciones policiales conjuntas que fueron destacadas por el Delegado Presidencial O\u2019Higgins, Fabio L\u00f3pez Aguilera y el Seremi de Seguridad P\u00fablica, Rodolfo N\u00fa\u00f1ez Bustamante.<\/p>\n\n\n\n<p>Este segundo operativo conjunto busca enfrentar y combatir de manera m\u00e1s efectiva la delincuencia y el crimen organizado, potenciando las capacidades de ambas instituciones, as\u00ed como optimizar los recursos y aumentar la cobertura territorial; y, refleja el compromiso permanente de las polic\u00edas con la protecci\u00f3n de la comunidad.<\/p>\n\n\n\n<p>Al respecto, el Delegado Presidencial, Fabio L\u00f3pez Aguilera, tal como se hizo el pasado 8 de agosto, donde por primera vez y de forma in\u00e9dita nuestras polic\u00edas trabajaron en conjunto a trav\u00e9s del operativo denominado Fortaleza. Hoy, nuevamente estamos entregando un balance respecto al trabajo que se realiz\u00f3 en nuestra Regi\u00f3n y fortalece el trabajo conjunto y potenciando las habilidades de cada una de las polic\u00edas. Un trabajo&nbsp; que arroj\u00f3 muy buenos resultados\u201d&nbsp;<\/p>\n\n\n\n<figure class=\"wp-block-image size-large\"><img loading=\"lazy\" decoding=\"async\" width=\"1024\" height=\"768\" src=\"https:\/\/www.rengoenlanoticia.cl\/prensa\/wp-content\/uploads\/2025\/09\/WhatsApp-Image-2025-09-10-at-15.45.51-1024x768.jpeg\" alt=\"\" class=\"wp-image-5883\" srcset=\"https:\/\/www.rengoenlanoticia.cl\/prensa\/wp-content\/uploads\/2025\/09\/WhatsApp-Image-2025-09-10-at-15.45.51-1024x768.jpeg 1024w, https:\/\/www.rengoenlanoticia.cl\/prensa\/wp-content\/uploads\/2025\/09\/WhatsApp-Image-2025-09-10-at-15.45.51-300x225.jpeg 300w, https:\/\/www.rengoenlanoticia.cl\/prensa\/wp-content\/uploads\/2025\/09\/WhatsApp-Image-2025-09-10-at-15.45.51-768x576.jpeg 768w, https:\/\/www.rengoenlanoticia.cl\/prensa\/wp-content\/uploads\/2025\/09\/WhatsApp-Image-2025-09-10-at-15.45.51-1536x1153.jpeg 1536w, https:\/\/www.rengoenlanoticia.cl\/prensa\/wp-content\/uploads\/2025\/09\/WhatsApp-Image-2025-09-10-at-15.45.51-110x83.jpeg 110w, https:\/\/www.rengoenlanoticia.cl\/prensa\/wp-content\/uploads\/2025\/09\/WhatsApp-Image-2025-09-10-at-15.45.51-200x150.jpeg 200w, https:\/\/www.rengoenlanoticia.cl\/prensa\/wp-content\/uploads\/2025\/09\/WhatsApp-Image-2025-09-10-at-15.45.51-380x285.jpeg 380w, https:\/\/www.rengoenlanoticia.cl\/prensa\/wp-content\/uploads\/2025\/09\/WhatsApp-Image-2025-09-10-at-15.45.51-255x191.jpeg 255w, https:\/\/www.rengoenlanoticia.cl\/prensa\/wp-content\/uploads\/2025\/09\/WhatsApp-Image-2025-09-10-at-15.45.51-550x413.jpeg 550w, https:\/\/www.rengoenlanoticia.cl\/prensa\/wp-content\/uploads\/2025\/09\/WhatsApp-Image-2025-09-10-at-15.45.51-800x600.jpeg 800w, https:\/\/www.rengoenlanoticia.cl\/prensa\/wp-content\/uploads\/2025\/09\/WhatsApp-Image-2025-09-10-at-15.45.51-1160x871.jpeg 1160w, https:\/\/www.rengoenlanoticia.cl\/prensa\/wp-content\/uploads\/2025\/09\/WhatsApp-Image-2025-09-10-at-15.45.51.jpeg 1599w\" sizes=\"auto, (max-width: 1024px) 100vw, 1024px\" \/><\/figure>\n\n\n\n<p>Seremi de Seguridad P\u00fablica, Rodolfo N\u00fa\u00f1ez Bustamante, \u201ceste trabajo coordinado denominado Operaci\u00f3n Fortaleza, tiene tres lineamientos, buscar pr\u00f3fugos de la justicia, controles migratorios y focos investigativos. Hoy, m\u00e1s que los resultados, estamos dando cuenta a la ciudadan\u00eda que Chile tiene dos polic\u00edas altamente capacitadas para perseguir el delito y generar investigaciones exitosas\u201d.<\/p>\n\n\n\n<p>Jefe Zona O\u2019Higgins, General Max Jim\u00e9nez Fleming, destac\u00f3 la planificaci\u00f3n y coordinaci\u00f3n previa con la Polic\u00eda de Investigaciones para desarrollar el despliegue de operaciones policiales conjuntas, a trav\u00e9s de la Operaci\u00f3n Fortaleza, para potenciar nuestras capacidades y presencia en el territorio. \u201cEn esta oportunidad, damos cuenta de m\u00e1s de 185 detenidos en las 33 comunas, donde 122 fueron detenidos en flagrancia y 62 por \u00f3rdenes vigentes. Adem\u00e1s, Carabineros realiz\u00f3 6.564 controles preventivos, de identidad y vehiculares, m\u00e1s de 120 fiscalizaciones, m\u00e1s de mil infracciones\u201d. Agreg\u00f3 que \u201cseguiremos trabajando en conjunto a Polic\u00eda Investigaciones para dar seguridad a toda la ciudadan\u00eda\u201d, asever\u00f3.&nbsp;<\/p>\n\n\n\n<p>Jefe Regional PDI, Prefecto Inspector Julio Caro Barrera, \u201ceste trabajo conjunto con Carabineros permiti\u00f3 por parte de la Polic\u00eda de Investigaciones la detenci\u00f3n de 67 personas, todas con \u00f3rdenes de vigente por delitos diferentes delitos. Adem\u00e1s, junto a Carabineros, en diferentes sectores de Rancagua y Machal\u00ed se realizaron cerca de 100 fiscalizaciones a extranjeros, de los cuales 48 personas eran que hab\u00edan ingresado por pasos no habilitados por lo que se procedi\u00f3 a su denuncia. Este operativo tambi\u00e9n se realiz\u00f3 en Nancagua y San Fernando, en conjunto con Carabineros.&nbsp; Este trabajo conjunto nos permite fortalecer el trabajo entre ambas instituciones y trabajar por el bien de la sociedad\u201d.<\/p>\n","protected":false},"excerpt":{"rendered":"Los operativos policiales conjuntos buscan potenciar las capacidades de ambas polic\u00edas y aumentar la cobertura territorial, para entregar&hellip;\n","protected":false},"author":2,"featured_media":5884,"comment_status":"open","ping_status":"open","sticky":false,"template":"","format":"standard","meta":{"_monsterinsights_skip_tracking":false,"_monsterinsights_sitenote_active":false,"_monsterinsights_sitenote_note":"","_monsterinsights_sitenote_category":0,"footnotes":""},"categories":[5,8],"tags":[],"class_list":{"0":"post-5879","1":"post","2":"type-post","3":"status-publish","4":"format-standard","5":"has-post-thumbnail","7":"category-policial","8":"category-portada"},"aioseo_notices":[],"_links":{"self":[{"href":"https:\/\/www.rengoenlanoticia.cl\/prensa\/wp-json\/wp\/v2\/posts\/5879","targetHints":{"allow":["GET"]}}],"collection":[{"href":"https:\/\/www.rengoenlanoticia.cl\/prensa\/wp-json\/wp\/v2\/posts"}],"about":[{"href":"https:\/\/www.rengoenlanoticia.cl\/prensa\/wp-json\/wp\/v2\/types\/post"}],"author":[{"embeddable":true,"href":"https:\/\/www.rengoenlanoticia.cl\/prensa\/wp-json\/wp\/v2\/users\/2"}],"replies":[{"embeddable":true,"href":"https:\/\/www.rengoenlanoticia.cl\/prensa\/wp-json\/wp\/v2\/comments?post=5879"}],"version-history":[{"count":3,"href":"https:\/\/www.rengoenlanoticia.cl\/prensa\/wp-json\/wp\/v2\/posts\/5879\/revisions"}],"predecessor-version":[{"id":5890,"href":"https:\/\/www.rengoenlanoticia.cl\/prensa\/wp-json\/wp\/v2\/posts\/5879\/revisions\/5890"}],"wp:featuredmedia":[{"embeddable":true,"href":"https:\/\/www.rengoenlanoticia.cl\/prensa\/wp-json\/wp\/v2\/media\/5884"}],"wp:attachment":[{"href":"https:\/\/www.rengoenlanoticia.cl\/prensa\/wp-json\/wp\/v2\/media?parent=5879"}],"wp:term":[{"taxonomy":"category","embeddable":true,"href":"https:\/\/www.rengoenlanoticia.cl\/prensa\/wp-json\/wp\/v2\/categories?post=5879"},{"taxonomy":"post_tag","embeddable":true,"href":"https:\/\/www.rengoenlanoticia.cl\/prensa\/wp-json\/wp\/v2\/tags?post=5879"}],"curies":[{"name":"wp","href":"https:\/\/api.w.org\/{rel}","templated":true}]}}