{"id":5869,"date":"2025-09-10T05:44:09","date_gmt":"2025-09-10T05:44:09","guid":{"rendered":"https:\/\/www.rengoenlanoticia.cl\/prensa\/?p=5869"},"modified":"2025-09-10T05:44:11","modified_gmt":"2025-09-10T05:44:11","slug":"municipalidad-de-rengo-da-a-conocer-la-parrilla-programatica-de-la-fonda-oficial-2025","status":"publish","type":"post","link":"https:\/\/www.rengoenlanoticia.cl\/prensa\/2025\/09\/10\/municipalidad-de-rengo-da-a-conocer-la-parrilla-programatica-de-la-fonda-oficial-2025\/","title":{"rendered":"Municipalidad de Rengo da a conocer la parrilla program\u00e1tica de la Fonda Oficial 2025"},"content":{"rendered":"\n<p>La Municipalidad de Rengo ya palpita las Fiestas Patrias y este 2025 promete una celebraci\u00f3n inolvidable. a trav\u00e9s de sus redes sociales se dio a conocer la <strong>parrilla program\u00e1tica <\/strong>de la Fonda Oficial de Rengo 2025, un evento que reunir\u00e1 una gama de &nbsp;artistas, nacionales e internacionales y, agrupaciones folcl\u00f3ricas locales, gastronom\u00eda t\u00edpica y mucho m\u00e1s, en un ambiente lleno de tradici\u00f3n, m\u00fasica y alegr\u00eda para toda la familia.<\/p>\n\n\n\n<p>La actividad se desarrollar\u00e1 en el Sector El Naranjal \/ Av. Bisquertt con Caletera 5 Sur, los d\u00edas 17, 18, 19, 20 y 21 de septiembre, desde las 12:00 hrs<\/p>\n\n\n\n<p><strong>Entrada gratuita<\/strong> durante todos los d\u00edas del evento.<\/p>\n\n\n\n<p>&nbsp;El alcalde Enrique del Barrio H, hizo un llamado a participar:<br><em>\u00abQueremos invitar a todas las familias de Rengo y sus alrededores a ser parte de estas fiestas, que hemos preparado con mucho cari\u00f1o para celebrar nuestras tradiciones y reencontrarnos en comunidad\u00bb.<\/em><\/p>\n\n\n\n<figure class=\"wp-block-image size-large\"><img loading=\"lazy\" decoding=\"async\" width=\"1024\" height=\"883\" src=\"https:\/\/www.rengoenlanoticia.cl\/prensa\/wp-content\/uploads\/2025\/09\/WhatsApp-Image-2025-09-10-at-01.08.39-1-1024x883.jpeg\" alt=\"\" class=\"wp-image-5871\" srcset=\"https:\/\/www.rengoenlanoticia.cl\/prensa\/wp-content\/uploads\/2025\/09\/WhatsApp-Image-2025-09-10-at-01.08.39-1-1024x883.jpeg 1024w, https:\/\/www.rengoenlanoticia.cl\/prensa\/wp-content\/uploads\/2025\/09\/WhatsApp-Image-2025-09-10-at-01.08.39-1-300x259.jpeg 300w, https:\/\/www.rengoenlanoticia.cl\/prensa\/wp-content\/uploads\/2025\/09\/WhatsApp-Image-2025-09-10-at-01.08.39-1-768x662.jpeg 768w, https:\/\/www.rengoenlanoticia.cl\/prensa\/wp-content\/uploads\/2025\/09\/WhatsApp-Image-2025-09-10-at-01.08.39-1-110x95.jpeg 110w, https:\/\/www.rengoenlanoticia.cl\/prensa\/wp-content\/uploads\/2025\/09\/WhatsApp-Image-2025-09-10-at-01.08.39-1-200x173.jpeg 200w, https:\/\/www.rengoenlanoticia.cl\/prensa\/wp-content\/uploads\/2025\/09\/WhatsApp-Image-2025-09-10-at-01.08.39-1-380x328.jpeg 380w, https:\/\/www.rengoenlanoticia.cl\/prensa\/wp-content\/uploads\/2025\/09\/WhatsApp-Image-2025-09-10-at-01.08.39-1-255x220.jpeg 255w, https:\/\/www.rengoenlanoticia.cl\/prensa\/wp-content\/uploads\/2025\/09\/WhatsApp-Image-2025-09-10-at-01.08.39-1-550x474.jpeg 550w, https:\/\/www.rengoenlanoticia.cl\/prensa\/wp-content\/uploads\/2025\/09\/WhatsApp-Image-2025-09-10-at-01.08.39-1-800x690.jpeg 800w, https:\/\/www.rengoenlanoticia.cl\/prensa\/wp-content\/uploads\/2025\/09\/WhatsApp-Image-2025-09-10-at-01.08.39-1-1160x1001.jpeg 1160w, https:\/\/www.rengoenlanoticia.cl\/prensa\/wp-content\/uploads\/2025\/09\/WhatsApp-Image-2025-09-10-at-01.08.39-1.jpeg 1200w\" sizes=\"auto, (max-width: 1024px) 100vw, 1024px\" \/><\/figure>\n","protected":false},"excerpt":{"rendered":"La Municipalidad de Rengo ya palpita las Fiestas Patrias y este 2025 promete una celebraci\u00f3n inolvidable. a trav\u00e9s&hellip;\n","protected":false},"author":1,"featured_media":5870,"comment_status":"open","ping_status":"open","sticky":false,"template":"","format":"standard","meta":{"_monsterinsights_skip_tracking":false,"_monsterinsights_sitenote_active":false,"_monsterinsights_sitenote_note":"","_monsterinsights_sitenote_category":0,"footnotes":""},"categories":[8],"tags":[],"class_list":{"0":"post-5869","1":"post","2":"type-post","3":"status-publish","4":"format-standard","5":"has-post-thumbnail","7":"category-portada"},"aioseo_notices":[],"_links":{"self":[{"href":"https:\/\/www.rengoenlanoticia.cl\/prensa\/wp-json\/wp\/v2\/posts\/5869","targetHints":{"allow":["GET"]}}],"collection":[{"href":"https:\/\/www.rengoenlanoticia.cl\/prensa\/wp-json\/wp\/v2\/posts"}],"about":[{"href":"https:\/\/www.rengoenlanoticia.cl\/prensa\/wp-json\/wp\/v2\/types\/post"}],"author":[{"embeddable":true,"href":"https:\/\/www.rengoenlanoticia.cl\/prensa\/wp-json\/wp\/v2\/users\/1"}],"replies":[{"embeddable":true,"href":"https:\/\/www.rengoenlanoticia.cl\/prensa\/wp-json\/wp\/v2\/comments?post=5869"}],"version-history":[{"count":3,"href":"https:\/\/www.rengoenlanoticia.cl\/prensa\/wp-json\/wp\/v2\/posts\/5869\/revisions"}],"predecessor-version":[{"id":5874,"href":"https:\/\/www.rengoenlanoticia.cl\/prensa\/wp-json\/wp\/v2\/posts\/5869\/revisions\/5874"}],"wp:featuredmedia":[{"embeddable":true,"href":"https:\/\/www.rengoenlanoticia.cl\/prensa\/wp-json\/wp\/v2\/media\/5870"}],"wp:attachment":[{"href":"https:\/\/www.rengoenlanoticia.cl\/prensa\/wp-json\/wp\/v2\/media?parent=5869"}],"wp:term":[{"taxonomy":"category","embeddable":true,"href":"https:\/\/www.rengoenlanoticia.cl\/prensa\/wp-json\/wp\/v2\/categories?post=5869"},{"taxonomy":"post_tag","embeddable":true,"href":"https:\/\/www.rengoenlanoticia.cl\/prensa\/wp-json\/wp\/v2\/tags?post=5869"}],"curies":[{"name":"wp","href":"https:\/\/api.w.org\/{rel}","templated":true}]}}