{"id":5792,"date":"2025-09-08T05:49:17","date_gmt":"2025-09-08T05:49:17","guid":{"rendered":"https:\/\/www.rengoenlanoticia.cl\/prensa\/?p=5792"},"modified":"2025-09-08T05:49:19","modified_gmt":"2025-09-08T05:49:19","slug":"servicio-de-salud-ohiggins-y-colegio-medico-realizan-operativo-medico-para-ninas-ninos-y-adolescentes-de-proteccion-especializada","status":"publish","type":"post","link":"https:\/\/www.rengoenlanoticia.cl\/prensa\/2025\/09\/08\/servicio-de-salud-ohiggins-y-colegio-medico-realizan-operativo-medico-para-ninas-ninos-y-adolescentes-de-proteccion-especializada\/","title":{"rendered":"Servicio de Salud O\u2019Higgins y Colegio M\u00e9dico realizan operativo m\u00e9dico para ni\u00f1as, ni\u00f1os y adolescentes de protecci\u00f3n especializada"},"content":{"rendered":"\n<p>\u00b7&nbsp;&nbsp;&nbsp;&nbsp;&nbsp;&nbsp;&nbsp;&nbsp;&nbsp;Jornada permiti\u00f3 m\u00e1s de 130 atenciones en especialidades cr\u00edticas, beneficiando a menores del Servicio de Protecci\u00f3n Especializada a la Ni\u00f1ez y Adolescencia y a usuarios del programa PRAIS.<\/p>\n\n\n\n<p><em>Rancagua, 07 de septiembre de 2025-.<\/em>&nbsp;Con un fuerte enfoque en la equidad y la ni\u00f1ez como prioridad, el Servicio de Salud O\u2019Higgins y el Colegio M\u00e9dico desarrollaron un operativo m\u00e9dico en dependencias de la Unidad Transversal T\u00e9cnica Oftalmol\u00f3gica (UTTO) en Rancagua. La jornada benefici\u00f3 a m\u00e1s de 80 ni\u00f1as, ni\u00f1os y adolescentes en protecci\u00f3n especializada, junto a usuarios del programa PRAIS, quienes accedieron a consultas de especialidad que hab\u00edan estado en lista de espera.<\/p>\n\n\n\n<p>En total se realizaron 100 atenciones en oftalmolog\u00eda, 15 en psiquiatr\u00eda infanto-juvenil, 12 en cirug\u00eda infantil y 6 en neurolog\u00eda infantil, con el apoyo de equipos cl\u00ednicos ad honorem convocados por el Colegio M\u00e9dico.<\/p>\n\n\n\n<p><strong>Un operativo con impacto regional<\/strong><\/p>\n\n\n\n<p>El despliegue contempl\u00f3 traslados para ni\u00f1os y adolescentes desde el Hospital de Santa Cruz, personal de apoyo administrativo y t\u00e9cnico, as\u00ed como la entrega posterior de lentes en cada UAPO seg\u00fan residencia.<\/p>\n\n\n\n<p>La estrategia de Equipos M\u00f3viles del Servicio de Salud O\u2019Higgins busca precisamente disminuir brechas en especialidades cr\u00edticas y asegurar acceso oportuno a quienes m\u00e1s lo necesitan.<\/p>\n\n\n\n<p><strong>Compromiso con la ni\u00f1ez y la equidad en salud<\/strong><\/p>\n\n\n\n<p>El director del Servicio de Protecci\u00f3n Especializada a la Ni\u00f1ez y Adolescencia, Claudio Castillo, valor\u00f3 el alcance de la actividad manifestando que \u201cesta es una actividad muy significativa porque prioriza el acceso a la salud de ni\u00f1os, ni\u00f1as y adolescentes que son parte del sistema de protecci\u00f3n especializada. La ley de garant\u00edas refuerza este deber y con este operativo damos una se\u00f1al clara de que la infancia vulnerada es prioridad\u201d.<\/p>\n\n\n\n<figure class=\"wp-block-image size-large\"><img loading=\"lazy\" decoding=\"async\" width=\"1024\" height=\"637\" src=\"https:\/\/www.rengoenlanoticia.cl\/prensa\/wp-content\/uploads\/2025\/09\/operativo-1-1024x637.jpg\" alt=\"\" class=\"wp-image-5793\" srcset=\"https:\/\/www.rengoenlanoticia.cl\/prensa\/wp-content\/uploads\/2025\/09\/operativo-1-1024x637.jpg 1024w, https:\/\/www.rengoenlanoticia.cl\/prensa\/wp-content\/uploads\/2025\/09\/operativo-1-300x187.jpg 300w, https:\/\/www.rengoenlanoticia.cl\/prensa\/wp-content\/uploads\/2025\/09\/operativo-1-768x478.jpg 768w, https:\/\/www.rengoenlanoticia.cl\/prensa\/wp-content\/uploads\/2025\/09\/operativo-1-1536x955.jpg 1536w, https:\/\/www.rengoenlanoticia.cl\/prensa\/wp-content\/uploads\/2025\/09\/operativo-1-2048x1274.jpg 2048w, https:\/\/www.rengoenlanoticia.cl\/prensa\/wp-content\/uploads\/2025\/09\/operativo-1-110x68.jpg 110w, https:\/\/www.rengoenlanoticia.cl\/prensa\/wp-content\/uploads\/2025\/09\/operativo-1-200x124.jpg 200w, https:\/\/www.rengoenlanoticia.cl\/prensa\/wp-content\/uploads\/2025\/09\/operativo-1-380x236.jpg 380w, https:\/\/www.rengoenlanoticia.cl\/prensa\/wp-content\/uploads\/2025\/09\/operativo-1-255x159.jpg 255w, https:\/\/www.rengoenlanoticia.cl\/prensa\/wp-content\/uploads\/2025\/09\/operativo-1-550x342.jpg 550w, https:\/\/www.rengoenlanoticia.cl\/prensa\/wp-content\/uploads\/2025\/09\/operativo-1-800x498.jpg 800w, https:\/\/www.rengoenlanoticia.cl\/prensa\/wp-content\/uploads\/2025\/09\/operativo-1-1160x721.jpg 1160w, https:\/\/www.rengoenlanoticia.cl\/prensa\/wp-content\/uploads\/2025\/09\/operativo-1-scaled.jpg 2560w\" sizes=\"auto, (max-width: 1024px) 100vw, 1024px\" \/><figcaption class=\"wp-element-caption\">Screenshot<\/figcaption><\/figure>\n\n\n\n<p>Por su parte, la presidenta nacional del Colegio M\u00e9dico<strong>,&nbsp;<\/strong>Dra. Anamar\u00eda Arriagada, destac\u00f3 que este es el segundo operativo realizado junto al Servicio de Salud O\u2019Higgins \u201ctodos los pacientes en lista de espera enfrentan una situaci\u00f3n dif\u00edcil, pero debemos priorizar. La ni\u00f1ez en riesgo o vulnerada en sus derechos merece atenci\u00f3n reforzada. Con este convenio hemos puesto la lupa en la infancia y hoy vemos c\u00f3mo se materializa\u201d.<\/p>\n\n\n\n<p>La Seremi de Salud, Dra. Carolina Torres, subray\u00f3 que esta iniciativa se enmarca en el sello del Gobierno de avanzar en equidad territorial \u201csabemos que la lista de espera es un dolor para la ciudadan\u00eda, por eso agradecemos este esfuerzo conjunto. Es parte del compromiso del Presidente Gabriel Boric poner en el centro a los grupos m\u00e1s vulnerados y avanzar en justicia social\u201d.<\/p>\n\n\n\n<p><strong>Trabajo en red para resolver la lista de espera<\/strong><\/p>\n\n\n\n<figure class=\"wp-block-image size-large\"><img loading=\"lazy\" decoding=\"async\" width=\"1024\" height=\"590\" src=\"https:\/\/www.rengoenlanoticia.cl\/prensa\/wp-content\/uploads\/2025\/09\/operativo-3-1024x590.jpg\" alt=\"\" class=\"wp-image-5794\" srcset=\"https:\/\/www.rengoenlanoticia.cl\/prensa\/wp-content\/uploads\/2025\/09\/operativo-3-1024x590.jpg 1024w, https:\/\/www.rengoenlanoticia.cl\/prensa\/wp-content\/uploads\/2025\/09\/operativo-3-300x173.jpg 300w, https:\/\/www.rengoenlanoticia.cl\/prensa\/wp-content\/uploads\/2025\/09\/operativo-3-768x443.jpg 768w, https:\/\/www.rengoenlanoticia.cl\/prensa\/wp-content\/uploads\/2025\/09\/operativo-3-1536x886.jpg 1536w, https:\/\/www.rengoenlanoticia.cl\/prensa\/wp-content\/uploads\/2025\/09\/operativo-3-2048x1181.jpg 2048w, https:\/\/www.rengoenlanoticia.cl\/prensa\/wp-content\/uploads\/2025\/09\/operativo-3-110x63.jpg 110w, https:\/\/www.rengoenlanoticia.cl\/prensa\/wp-content\/uploads\/2025\/09\/operativo-3-200x115.jpg 200w, https:\/\/www.rengoenlanoticia.cl\/prensa\/wp-content\/uploads\/2025\/09\/operativo-3-380x219.jpg 380w, https:\/\/www.rengoenlanoticia.cl\/prensa\/wp-content\/uploads\/2025\/09\/operativo-3-255x147.jpg 255w, https:\/\/www.rengoenlanoticia.cl\/prensa\/wp-content\/uploads\/2025\/09\/operativo-3-550x317.jpg 550w, https:\/\/www.rengoenlanoticia.cl\/prensa\/wp-content\/uploads\/2025\/09\/operativo-3-800x461.jpg 800w, https:\/\/www.rengoenlanoticia.cl\/prensa\/wp-content\/uploads\/2025\/09\/operativo-3-1160x669.jpg 1160w, https:\/\/www.rengoenlanoticia.cl\/prensa\/wp-content\/uploads\/2025\/09\/operativo-3-scaled.jpg 2560w\" sizes=\"auto, (max-width: 1024px) 100vw, 1024px\" \/><figcaption class=\"wp-element-caption\">Screenshot<\/figcaption><\/figure>\n\n\n\n<p>El subdirector de Gesti\u00f3n Asistencial del Servicio de Salud O\u2019Higgins, Dr. Lenin Espa\u00f1a, se\u00f1al\u00f3 que este operativo se suma a una estrategia regional que ya ha permitido egresar al 50% de los pacientes m\u00e1s antiguos en la lista de espera de consultas nuevas \u201cgracias a la colaboraci\u00f3n del Colegio M\u00e9dico y la Corporaci\u00f3n Municipal, seguimos avanzando en resolver los problemas de salud de la comunidad. Ver a los ni\u00f1os atendidos hoy nos motiva a seguir reforzando este trabajo\u201d.<\/p>\n\n\n\n<p>Desde la Divisi\u00f3n de Salud de la Corporaci\u00f3n Municipal de Rancagua, su director H\u00e9ctor Moraga, reafirm\u00f3 la disposici\u00f3n de la entidad para seguir colaborando, indicando que \u201ceste operativo demuestra lo que logramos cuando distintas instituciones trabajan unidas. Como Cormun seguiremos apoyando con instalaciones, personal y gesti\u00f3n para que estas jornadas se repitan\u201d.<\/p>\n","protected":false},"excerpt":{"rendered":"\u00b7&nbsp;&nbsp;&nbsp;&nbsp;&nbsp;&nbsp;&nbsp;&nbsp;&nbsp;Jornada permiti\u00f3 m\u00e1s de 130 atenciones en especialidades cr\u00edticas, beneficiando a menores del Servicio de Protecci\u00f3n Especializada a&hellip;\n","protected":false},"author":1,"featured_media":5795,"comment_status":"open","ping_status":"open","sticky":false,"template":"","format":"standard","meta":{"_monsterinsights_skip_tracking":false,"_monsterinsights_sitenote_active":false,"_monsterinsights_sitenote_note":"","_monsterinsights_sitenote_category":0,"footnotes":""},"categories":[8],"tags":[],"class_list":{"0":"post-5792","1":"post","2":"type-post","3":"status-publish","4":"format-standard","5":"has-post-thumbnail","7":"category-portada"},"aioseo_notices":[],"_links":{"self":[{"href":"https:\/\/www.rengoenlanoticia.cl\/prensa\/wp-json\/wp\/v2\/posts\/5792","targetHints":{"allow":["GET"]}}],"collection":[{"href":"https:\/\/www.rengoenlanoticia.cl\/prensa\/wp-json\/wp\/v2\/posts"}],"about":[{"href":"https:\/\/www.rengoenlanoticia.cl\/prensa\/wp-json\/wp\/v2\/types\/post"}],"author":[{"embeddable":true,"href":"https:\/\/www.rengoenlanoticia.cl\/prensa\/wp-json\/wp\/v2\/users\/1"}],"replies":[{"embeddable":true,"href":"https:\/\/www.rengoenlanoticia.cl\/prensa\/wp-json\/wp\/v2\/comments?post=5792"}],"version-history":[{"count":3,"href":"https:\/\/www.rengoenlanoticia.cl\/prensa\/wp-json\/wp\/v2\/posts\/5792\/revisions"}],"predecessor-version":[{"id":5799,"href":"https:\/\/www.rengoenlanoticia.cl\/prensa\/wp-json\/wp\/v2\/posts\/5792\/revisions\/5799"}],"wp:featuredmedia":[{"embeddable":true,"href":"https:\/\/www.rengoenlanoticia.cl\/prensa\/wp-json\/wp\/v2\/media\/5795"}],"wp:attachment":[{"href":"https:\/\/www.rengoenlanoticia.cl\/prensa\/wp-json\/wp\/v2\/media?parent=5792"}],"wp:term":[{"taxonomy":"category","embeddable":true,"href":"https:\/\/www.rengoenlanoticia.cl\/prensa\/wp-json\/wp\/v2\/categories?post=5792"},{"taxonomy":"post_tag","embeddable":true,"href":"https:\/\/www.rengoenlanoticia.cl\/prensa\/wp-json\/wp\/v2\/tags?post=5792"}],"curies":[{"name":"wp","href":"https:\/\/api.w.org\/{rel}","templated":true}]}}