{"id":5788,"date":"2025-09-08T05:51:48","date_gmt":"2025-09-08T05:51:48","guid":{"rendered":"https:\/\/www.rengoenlanoticia.cl\/prensa\/?p=5788"},"modified":"2025-09-08T05:51:50","modified_gmt":"2025-09-08T05:51:50","slug":"lanzan-convocatoria-del-16-festival-regional-de-microcortos-escolares-2025","status":"publish","type":"post","link":"https:\/\/www.rengoenlanoticia.cl\/prensa\/2025\/09\/08\/lanzan-convocatoria-del-16-festival-regional-de-microcortos-escolares-2025\/","title":{"rendered":"Lanzan convocatoria del 16\u00b0 Festival Regional de MicroCortos Escolares 2025"},"content":{"rendered":"\n<p>Fundaci\u00f3n Conecta Cultura y el Teatro Regional Lucho Gatica, en colaboraci\u00f3n con diversas instituciones, anuncian con entusiasmo la apertura de la convocatoria para el <strong>16\u00b0 Festival Regional de MicroCortos Escolares 2025<\/strong>. Este evento, que evoluciona del tradicional concurso de microcortos escolares, busca expandir su alcance y convertirse en una plataforma vital para el desarrollo creativo y cultural de la Regi\u00f3n de O\u2019Higgins. La iniciativa crece de una a tres categor\u00edas e invita a estudiantes de ense\u00f1anza b\u00e1sica y media, as\u00ed como a profesores, a mostrar su visi\u00f3n del mundo a trav\u00e9s del cine y el ensayo escrito.<strong><\/strong><\/p>\n\n\n\n<p>El festival cuenta con tres categor\u00edas competitivas dise\u00f1adas para fomentar la participaci\u00f3n desde distintas perspectivas. Las categor\u00edas de <strong>Ense\u00f1anza B\u00e1sica<\/strong> y <strong>Ense\u00f1anza Media<\/strong> invitan a los estudiantes a crear microcortos de m\u00e1ximo 5 minutos con cualquier dispositivo, abordando temas relevantes como la sociedad, la cultura, la historia y el medio ambiente. El jurado evaluar\u00e1 la <strong>creatividad, la claridad del mensaje, el trabajo en equipo y el esfuerzo<\/strong>, priorizando la narrativa y la imaginaci\u00f3n sobre los tecnicismos.<\/p>\n\n\n\n<figure class=\"wp-block-image size-large\"><img loading=\"lazy\" decoding=\"async\" width=\"1024\" height=\"683\" src=\"https:\/\/www.rengoenlanoticia.cl\/prensa\/wp-content\/uploads\/2025\/09\/Logo-04-1024x683.jpg\" alt=\"\" class=\"wp-image-5801\" srcset=\"https:\/\/www.rengoenlanoticia.cl\/prensa\/wp-content\/uploads\/2025\/09\/Logo-04-1024x683.jpg 1024w, https:\/\/www.rengoenlanoticia.cl\/prensa\/wp-content\/uploads\/2025\/09\/Logo-04-300x200.jpg 300w, https:\/\/www.rengoenlanoticia.cl\/prensa\/wp-content\/uploads\/2025\/09\/Logo-04-768x512.jpg 768w, https:\/\/www.rengoenlanoticia.cl\/prensa\/wp-content\/uploads\/2025\/09\/Logo-04-110x73.jpg 110w, https:\/\/www.rengoenlanoticia.cl\/prensa\/wp-content\/uploads\/2025\/09\/Logo-04-200x133.jpg 200w, https:\/\/www.rengoenlanoticia.cl\/prensa\/wp-content\/uploads\/2025\/09\/Logo-04-380x253.jpg 380w, https:\/\/www.rengoenlanoticia.cl\/prensa\/wp-content\/uploads\/2025\/09\/Logo-04-255x170.jpg 255w, https:\/\/www.rengoenlanoticia.cl\/prensa\/wp-content\/uploads\/2025\/09\/Logo-04-550x367.jpg 550w, https:\/\/www.rengoenlanoticia.cl\/prensa\/wp-content\/uploads\/2025\/09\/Logo-04-800x533.jpg 800w, https:\/\/www.rengoenlanoticia.cl\/prensa\/wp-content\/uploads\/2025\/09\/Logo-04-1160x773.jpg 1160w, https:\/\/www.rengoenlanoticia.cl\/prensa\/wp-content\/uploads\/2025\/09\/Logo-04.jpg 1440w\" sizes=\"auto, (max-width: 1024px) 100vw, 1024px\" \/><\/figure>\n\n\n\n<p>La categor\u00eda de <strong>Profesores Escolares<\/strong> es una oportunidad para que los educadores reflexionen sobre su rol en el aula. Los docentes pueden participar con un ensayo escrito sobre el tema \u00abEl cine como herramienta de inclusi\u00f3n y desarrollo de habilidades blandas en estudiantes escolares\u00bb. Este espacio busca reconocer y premiar la innovaci\u00f3n pedag\u00f3gica y la capacidad de los profesores para usar el cine como un recurso educativo transformador.<\/p>\n\n\n\n<p><strong>Premios y Plazos<\/strong><\/p>\n\n\n\n<p>La convocatoria estar\u00e1 abierta hasta el <strong>30 de septiembre de 2025<\/strong>. Los trabajos deben ser postulados exclusivamente a trav\u00e9s del sitio web oficial del festival. Los ganadores de cada categor\u00eda ser\u00e1n anunciados y premiados en una ceremonia especial el <strong>13 de octubre de 2025<\/strong> en el Teatro Regional Lucho Gatica.<\/p>\n\n\n\n<figure class=\"wp-block-image size-large\"><img loading=\"lazy\" decoding=\"async\" width=\"1024\" height=\"683\" src=\"https:\/\/www.rengoenlanoticia.cl\/prensa\/wp-content\/uploads\/2025\/09\/Logo-03-1024x683.jpg\" alt=\"\" class=\"wp-image-5802\" srcset=\"https:\/\/www.rengoenlanoticia.cl\/prensa\/wp-content\/uploads\/2025\/09\/Logo-03-1024x683.jpg 1024w, https:\/\/www.rengoenlanoticia.cl\/prensa\/wp-content\/uploads\/2025\/09\/Logo-03-300x200.jpg 300w, https:\/\/www.rengoenlanoticia.cl\/prensa\/wp-content\/uploads\/2025\/09\/Logo-03-768x512.jpg 768w, https:\/\/www.rengoenlanoticia.cl\/prensa\/wp-content\/uploads\/2025\/09\/Logo-03-110x73.jpg 110w, https:\/\/www.rengoenlanoticia.cl\/prensa\/wp-content\/uploads\/2025\/09\/Logo-03-200x133.jpg 200w, https:\/\/www.rengoenlanoticia.cl\/prensa\/wp-content\/uploads\/2025\/09\/Logo-03-380x253.jpg 380w, https:\/\/www.rengoenlanoticia.cl\/prensa\/wp-content\/uploads\/2025\/09\/Logo-03-255x170.jpg 255w, https:\/\/www.rengoenlanoticia.cl\/prensa\/wp-content\/uploads\/2025\/09\/Logo-03-550x367.jpg 550w, https:\/\/www.rengoenlanoticia.cl\/prensa\/wp-content\/uploads\/2025\/09\/Logo-03-800x533.jpg 800w, https:\/\/www.rengoenlanoticia.cl\/prensa\/wp-content\/uploads\/2025\/09\/Logo-03-1160x773.jpg 1160w, https:\/\/www.rengoenlanoticia.cl\/prensa\/wp-content\/uploads\/2025\/09\/Logo-03.jpg 1440w\" sizes=\"auto, (max-width: 1024px) 100vw, 1024px\" \/><\/figure>\n\n\n\n<p>Los premios para los primeros lugares de cada categor\u00eda incluyen una estatuilla conmemorativa, <strong>$100.000 pesos<\/strong>, un libro de cine y una polera oficial del festival. Adem\u00e1s, se entregar\u00e1n diplomas y medallas a los cinco primeros lugares, y todos los seleccionados recibir\u00e1n un diploma de participaci\u00f3n. Los postulantes pueden encontrar m\u00e1s informaci\u00f3n y las bases completas en <strong>www.microcortosescolares.cl<\/strong> y realizar consultas al correo <strong>produccion@microcortosescolares.cl<\/strong> o al tel\u00e9fono +56 9 30735939.<\/p>\n\n\n\n<figure class=\"wp-block-image size-large\"><img loading=\"lazy\" decoding=\"async\" width=\"1024\" height=\"683\" src=\"https:\/\/www.rengoenlanoticia.cl\/prensa\/wp-content\/uploads\/2025\/09\/05-1024x683.jpg\" alt=\"\" class=\"wp-image-5803\" srcset=\"https:\/\/www.rengoenlanoticia.cl\/prensa\/wp-content\/uploads\/2025\/09\/05-1024x683.jpg 1024w, https:\/\/www.rengoenlanoticia.cl\/prensa\/wp-content\/uploads\/2025\/09\/05-300x200.jpg 300w, https:\/\/www.rengoenlanoticia.cl\/prensa\/wp-content\/uploads\/2025\/09\/05-768x512.jpg 768w, https:\/\/www.rengoenlanoticia.cl\/prensa\/wp-content\/uploads\/2025\/09\/05-110x73.jpg 110w, https:\/\/www.rengoenlanoticia.cl\/prensa\/wp-content\/uploads\/2025\/09\/05-200x133.jpg 200w, https:\/\/www.rengoenlanoticia.cl\/prensa\/wp-content\/uploads\/2025\/09\/05-380x253.jpg 380w, https:\/\/www.rengoenlanoticia.cl\/prensa\/wp-content\/uploads\/2025\/09\/05-255x170.jpg 255w, https:\/\/www.rengoenlanoticia.cl\/prensa\/wp-content\/uploads\/2025\/09\/05-550x367.jpg 550w, https:\/\/www.rengoenlanoticia.cl\/prensa\/wp-content\/uploads\/2025\/09\/05-800x533.jpg 800w, https:\/\/www.rengoenlanoticia.cl\/prensa\/wp-content\/uploads\/2025\/09\/05-1160x773.jpg 1160w, https:\/\/www.rengoenlanoticia.cl\/prensa\/wp-content\/uploads\/2025\/09\/05.jpg 1440w\" sizes=\"auto, (max-width: 1024px) 100vw, 1024px\" \/><\/figure>\n\n\n\n<p>El jurado, compuesto por cinco profesionales de reconocida trayectoria en el cine, la cultura y la educaci\u00f3n, tendr\u00e1 la misi\u00f3n de seleccionar las obras y ensayos ganadores. Este evento se posiciona como una vitrina para el talento regional, ofreciendo a los j\u00f3venes y a sus profesores una plataforma para contar sus propias historias y dejar una marca en la cultura de O\u2019Higgins.<\/p>\n","protected":false},"excerpt":{"rendered":"Fundaci\u00f3n Conecta Cultura y el Teatro Regional Lucho Gatica, en colaboraci\u00f3n con diversas instituciones, anuncian con entusiasmo la&hellip;\n","protected":false},"author":2,"featured_media":5800,"comment_status":"open","ping_status":"open","sticky":false,"template":"","format":"standard","meta":{"_monsterinsights_skip_tracking":false,"_monsterinsights_sitenote_active":false,"_monsterinsights_sitenote_note":"","_monsterinsights_sitenote_category":0,"footnotes":""},"categories":[8],"tags":[],"class_list":{"0":"post-5788","1":"post","2":"type-post","3":"status-publish","4":"format-standard","5":"has-post-thumbnail","7":"category-portada"},"aioseo_notices":[],"_links":{"self":[{"href":"https:\/\/www.rengoenlanoticia.cl\/prensa\/wp-json\/wp\/v2\/posts\/5788","targetHints":{"allow":["GET"]}}],"collection":[{"href":"https:\/\/www.rengoenlanoticia.cl\/prensa\/wp-json\/wp\/v2\/posts"}],"about":[{"href":"https:\/\/www.rengoenlanoticia.cl\/prensa\/wp-json\/wp\/v2\/types\/post"}],"author":[{"embeddable":true,"href":"https:\/\/www.rengoenlanoticia.cl\/prensa\/wp-json\/wp\/v2\/users\/2"}],"replies":[{"embeddable":true,"href":"https:\/\/www.rengoenlanoticia.cl\/prensa\/wp-json\/wp\/v2\/comments?post=5788"}],"version-history":[{"count":3,"href":"https:\/\/www.rengoenlanoticia.cl\/prensa\/wp-json\/wp\/v2\/posts\/5788\/revisions"}],"predecessor-version":[{"id":5805,"href":"https:\/\/www.rengoenlanoticia.cl\/prensa\/wp-json\/wp\/v2\/posts\/5788\/revisions\/5805"}],"wp:featuredmedia":[{"embeddable":true,"href":"https:\/\/www.rengoenlanoticia.cl\/prensa\/wp-json\/wp\/v2\/media\/5800"}],"wp:attachment":[{"href":"https:\/\/www.rengoenlanoticia.cl\/prensa\/wp-json\/wp\/v2\/media?parent=5788"}],"wp:term":[{"taxonomy":"category","embeddable":true,"href":"https:\/\/www.rengoenlanoticia.cl\/prensa\/wp-json\/wp\/v2\/categories?post=5788"},{"taxonomy":"post_tag","embeddable":true,"href":"https:\/\/www.rengoenlanoticia.cl\/prensa\/wp-json\/wp\/v2\/tags?post=5788"}],"curies":[{"name":"wp","href":"https:\/\/api.w.org\/{rel}","templated":true}]}}