{"id":5760,"date":"2025-09-06T19:06:52","date_gmt":"2025-09-06T19:06:52","guid":{"rendered":"https:\/\/www.rengoenlanoticia.cl\/prensa\/?p=5760"},"modified":"2025-09-06T19:06:54","modified_gmt":"2025-09-06T19:06:54","slug":"senador-juan-luis-castro-y-vecinos-de-pelequen-exigen-cierre-definitivo-de-planta-contaminante","status":"publish","type":"post","link":"https:\/\/www.rengoenlanoticia.cl\/prensa\/2025\/09\/06\/senador-juan-luis-castro-y-vecinos-de-pelequen-exigen-cierre-definitivo-de-planta-contaminante\/","title":{"rendered":"Senador Juan Luis Castro y vecinos de Pelequ\u00e9n exigen cierre definitivo de planta contaminante"},"content":{"rendered":"\n<p><em>Denuncian que Colhue\/WTE ha provocado por m\u00e1s de 13 a\u00f1os graves da\u00f1os ambientales, sanitarios y legales en Malloa, afectando directamente a miles de familias.<\/em><\/p>\n\n\n\n<p>La ma\u00f1ana de este viernes, hasta la Superintendencia de Medio Ambiente de la regi\u00f3n de O\u2019Higgins, llegaron el senador Juan Luis Castro, junto a vecinos y dirigentes de la Agrupaci\u00f3n de Desarrollo, Progreso y Medio Ambiente de Pelequ\u00e9n, para plantear una denuncia contra la empresa Colhue\/WTE, responsable de operar un vertedero que, por m\u00e1s de una d\u00e9cada, ha generado graves problemas sanitarios, ambientales y legales en la localidad, seg\u00fan denuncian los afectados.<\/p>\n\n\n\n<p>Sobre esta situaci\u00f3n y al t\u00e9rmino de la reuni\u00f3n, el senador enfatiz\u00f3 que la comunidad ha debido soportar por m\u00e1s de 13 a\u00f1os la contaminaci\u00f3n por olores y la proliferaci\u00f3n de vectores. En esa l\u00ednea, se\u00f1al\u00f3:&nbsp;\u201cHemos venido a plantear un grave problema ocasionado con la empresa Colhue, actualmente propietaria del terreno, donde otra empresa, a la cual le arriendan, est\u00e1 haciendo contaminaci\u00f3n por olores, provocando un da\u00f1o medioambiental cr\u00f3nico. Esto viene desde hace a\u00f1os atr\u00e1s, y aqu\u00ed &nbsp;con los vecinos, organizadamente, hemos planteado primero una denuncia, que ya fue procesada, fiscalizada, y est\u00e1 en manos de la Superintendencia Nacional para los cargos\u201d.<\/p>\n\n\n\n<p>Agreg\u00f3 que este problema persiste pese al cambio de raz\u00f3n social de la empresa. \u201cEsto no resiste m\u00e1s, y por eso vamos a apoyar intensamente a la comunidad para que recurra a Contralor\u00eda en aquellos fallos del municipio que han sido equivocados, que han permitido el funcionamiento de esta empresa con todos los da\u00f1os colaterales que implica. Vamos a pedir a la Seremi de Salud que haga una nueva fiscalizaci\u00f3n sobre los problemas de los vectores, las moscas y los olores. Y no descartamos otras acciones legales que sean pertinentes porque la ciudadan\u00eda est\u00e1 cansada\u201d.<\/p>\n\n\n\n<figure class=\"wp-block-image size-large\"><img loading=\"lazy\" decoding=\"async\" width=\"1024\" height=\"768\" src=\"https:\/\/www.rengoenlanoticia.cl\/prensa\/wp-content\/uploads\/2025\/09\/Imagen-de-WhatsApp-2025-09-05-a-las-14.24.31_1e51fac7-1-1024x768.jpg\" alt=\"\" class=\"wp-image-5776\" srcset=\"https:\/\/www.rengoenlanoticia.cl\/prensa\/wp-content\/uploads\/2025\/09\/Imagen-de-WhatsApp-2025-09-05-a-las-14.24.31_1e51fac7-1-1024x768.jpg 1024w, https:\/\/www.rengoenlanoticia.cl\/prensa\/wp-content\/uploads\/2025\/09\/Imagen-de-WhatsApp-2025-09-05-a-las-14.24.31_1e51fac7-1-300x225.jpg 300w, https:\/\/www.rengoenlanoticia.cl\/prensa\/wp-content\/uploads\/2025\/09\/Imagen-de-WhatsApp-2025-09-05-a-las-14.24.31_1e51fac7-1-768x576.jpg 768w, https:\/\/www.rengoenlanoticia.cl\/prensa\/wp-content\/uploads\/2025\/09\/Imagen-de-WhatsApp-2025-09-05-a-las-14.24.31_1e51fac7-1-1536x1152.jpg 1536w, https:\/\/www.rengoenlanoticia.cl\/prensa\/wp-content\/uploads\/2025\/09\/Imagen-de-WhatsApp-2025-09-05-a-las-14.24.31_1e51fac7-1-110x83.jpg 110w, https:\/\/www.rengoenlanoticia.cl\/prensa\/wp-content\/uploads\/2025\/09\/Imagen-de-WhatsApp-2025-09-05-a-las-14.24.31_1e51fac7-1-200x150.jpg 200w, https:\/\/www.rengoenlanoticia.cl\/prensa\/wp-content\/uploads\/2025\/09\/Imagen-de-WhatsApp-2025-09-05-a-las-14.24.31_1e51fac7-1-380x285.jpg 380w, https:\/\/www.rengoenlanoticia.cl\/prensa\/wp-content\/uploads\/2025\/09\/Imagen-de-WhatsApp-2025-09-05-a-las-14.24.31_1e51fac7-1-255x191.jpg 255w, https:\/\/www.rengoenlanoticia.cl\/prensa\/wp-content\/uploads\/2025\/09\/Imagen-de-WhatsApp-2025-09-05-a-las-14.24.31_1e51fac7-1-550x413.jpg 550w, https:\/\/www.rengoenlanoticia.cl\/prensa\/wp-content\/uploads\/2025\/09\/Imagen-de-WhatsApp-2025-09-05-a-las-14.24.31_1e51fac7-1-800x600.jpg 800w, https:\/\/www.rengoenlanoticia.cl\/prensa\/wp-content\/uploads\/2025\/09\/Imagen-de-WhatsApp-2025-09-05-a-las-14.24.31_1e51fac7-1-1160x870.jpg 1160w, https:\/\/www.rengoenlanoticia.cl\/prensa\/wp-content\/uploads\/2025\/09\/Imagen-de-WhatsApp-2025-09-05-a-las-14.24.31_1e51fac7-1.jpg 1600w\" sizes=\"auto, (max-width: 1024px) 100vw, 1024px\" \/><\/figure>\n\n\n\n<p>Los dirigentes de Pelequ\u00e9n coincidieron en que la situaci\u00f3n es insostenible. El presidente de la agrupaci\u00f3n,&nbsp; Juan Maga\u00f1a Rubio, sostuvo: \u201cAgradecemos el apoyo que nos est\u00e1 entregando el senador, por los malestares y los pesares que los vecinos de Pelequ\u00e9n -alrededor de cuatro mil personas-&nbsp; hemos padecido ya por casi 15 a\u00f1os\u201d.<\/p>\n\n\n\n<p>Denunci\u00f3 que la empresa Colhue, conocida ahora como WTE, \u201cha da\u00f1ado el medio ambiente, la salud, tanto f\u00edsica como mental de los vecinos, y hoy pretenden volver con su relleno, que le causa un gran dolor y pesar a los ciudadanos de nuestro Pelequ\u00e9n. Lo que queremos nosotros es que esa empresa se cierre y nunca m\u00e1s funcione un vertedero en la localidad de Pelequ\u00e9n ni en Malloa\u201d.<\/p>\n\n\n\n<p>Por su parte, V\u00edctor Hugo Mu\u00f1oz, integrante de la agrupaci\u00f3n, advirti\u00f3 sobre serias irregularidades municipales. \u201cNosotros, dentro de la investigaci\u00f3n que hemos hecho, hemos visto una serie de anomal\u00edas que ha provocado el municipio en el otorgamiento de patentes municipales, que se arrastra desde el a\u00f1o 2008 en adelante, cuando empez\u00f3 esto. Despu\u00e9s hubo una clausura, pero siguen vigentes las patentes municipales de Colhue, y a la vez le dan una patente nueva al arrendatario WTE. Lo m\u00e1s extra\u00f1o es que en la primera patente la municipalidad se demor\u00f3 un d\u00eda en revisar todos los antecedentes\u201d.<\/p>\n\n\n\n<p>Ante esta situaci\u00f3n, el senador Castro reafirm\u00f3 su compromiso de respaldar todas las acciones de fiscalizaci\u00f3n que corresponden a los organismos competentes, y de acompa\u00f1ar a la comunidad en sus gestiones ante Contralor\u00eda, la seremi de Salud y la Superintendencia de Medio Ambiente.<\/p>\n\n\n\n<p>\u201cEste esfuerzo conjunto busca que se respeten las normativas vigentes, se proteja la salud de las familias y se garantice el derecho de los vecinos de Pelequ\u00e9n a vivir en un entorno libre de contaminaci\u00f3n\u201d, manifest\u00f3.<\/p>\n","protected":false},"excerpt":{"rendered":"Denuncian que Colhue\/WTE ha provocado por m\u00e1s de 13 a\u00f1os graves da\u00f1os ambientales, sanitarios y legales en Malloa,&hellip;\n","protected":false},"author":1,"featured_media":5775,"comment_status":"open","ping_status":"open","sticky":false,"template":"","format":"standard","meta":{"_monsterinsights_skip_tracking":false,"_monsterinsights_sitenote_active":false,"_monsterinsights_sitenote_note":"","_monsterinsights_sitenote_category":0,"footnotes":""},"categories":[11,8],"tags":[],"class_list":{"0":"post-5760","1":"post","2":"type-post","3":"status-publish","4":"format-standard","5":"has-post-thumbnail","7":"category-politica","8":"category-portada"},"aioseo_notices":[],"_links":{"self":[{"href":"https:\/\/www.rengoenlanoticia.cl\/prensa\/wp-json\/wp\/v2\/posts\/5760","targetHints":{"allow":["GET"]}}],"collection":[{"href":"https:\/\/www.rengoenlanoticia.cl\/prensa\/wp-json\/wp\/v2\/posts"}],"about":[{"href":"https:\/\/www.rengoenlanoticia.cl\/prensa\/wp-json\/wp\/v2\/types\/post"}],"author":[{"embeddable":true,"href":"https:\/\/www.rengoenlanoticia.cl\/prensa\/wp-json\/wp\/v2\/users\/1"}],"replies":[{"embeddable":true,"href":"https:\/\/www.rengoenlanoticia.cl\/prensa\/wp-json\/wp\/v2\/comments?post=5760"}],"version-history":[{"count":3,"href":"https:\/\/www.rengoenlanoticia.cl\/prensa\/wp-json\/wp\/v2\/posts\/5760\/revisions"}],"predecessor-version":[{"id":5786,"href":"https:\/\/www.rengoenlanoticia.cl\/prensa\/wp-json\/wp\/v2\/posts\/5760\/revisions\/5786"}],"wp:featuredmedia":[{"embeddable":true,"href":"https:\/\/www.rengoenlanoticia.cl\/prensa\/wp-json\/wp\/v2\/media\/5775"}],"wp:attachment":[{"href":"https:\/\/www.rengoenlanoticia.cl\/prensa\/wp-json\/wp\/v2\/media?parent=5760"}],"wp:term":[{"taxonomy":"category","embeddable":true,"href":"https:\/\/www.rengoenlanoticia.cl\/prensa\/wp-json\/wp\/v2\/categories?post=5760"},{"taxonomy":"post_tag","embeddable":true,"href":"https:\/\/www.rengoenlanoticia.cl\/prensa\/wp-json\/wp\/v2\/tags?post=5760"}],"curies":[{"name":"wp","href":"https:\/\/api.w.org\/{rel}","templated":true}]}}