{"id":5759,"date":"2025-09-06T19:03:27","date_gmt":"2025-09-06T19:03:27","guid":{"rendered":"https:\/\/www.rengoenlanoticia.cl\/prensa\/?p=5759"},"modified":"2025-09-06T19:03:28","modified_gmt":"2025-09-06T19:03:28","slug":"pro-ohiggins-y-sus-empresas-socias-sodexo-agrosuper-y-essbio-destacan-experiencias-de-inclusion-laboral-en-encuentro-empresarial-en-las-cabras","status":"publish","type":"post","link":"https:\/\/www.rengoenlanoticia.cl\/prensa\/2025\/09\/06\/pro-ohiggins-y-sus-empresas-socias-sodexo-agrosuper-y-essbio-destacan-experiencias-de-inclusion-laboral-en-encuentro-empresarial-en-las-cabras\/","title":{"rendered":"Pro O\u2019Higgins y sus empresas socias Sodexo, Agrosuper y Essbio destacan experiencias de inclusi\u00f3n laboral en encuentro empresarial en Las Cabras"},"content":{"rendered":"\n<p>En la comuna de Las Cabras se realiz\u00f3 el encuentro empresarial \u201cAvanzando hacia la inclusi\u00f3n laboral\u201d, organizado por la Mesa de Inclusi\u00f3n Laboral, liderada por Senadis y la Red Territorial Cachapoal III, integrada por las OMIL de Las Cabras, Peumo, Pichidegua, San Vicente, Coltauco y Malloa.<\/p>\n\n\n\n<p>La Corporaci\u00f3n Pro O\u2019Higgins particip\u00f3 activamente de esta instancia por su inter\u00e9s en promover las buenas pr\u00e1cticas empresariales y en su rol de embajadora territorial de la Red de Empresas Inclusivas (ReIN) de Sofofa. En esta oportunidad, impuls\u00f3 la participaci\u00f3n de tres de sus empresas socias \u2013Agrosuper, Sodexo y Essbio\u2013 que compartieron sus experiencias exitosas, modelos de gesti\u00f3n y aprendizajes en materia de inclusi\u00f3n laboral de personas con discapacidad.<\/p>\n\n\n\n<p>Aracelly Tapia, representante de Corporaci\u00f3n Pro O\u2019Higgins, agradeci\u00f3 el espacio como una valiosa instancia de di\u00e1logo y acci\u00f3n conjunta: \u201cen Pro O\u2019Higgins estamos convencidos que trabajando juntos podremos abrir m\u00e1s puertas y crear entornos laborales donde todas las personas tengan la posibilidad de crecer y aportar con su talento. Es este el testimonio que hoy comparten tres de nuestras empresas socias, a quienes agradecemos su disposici\u00f3n para entregar una mirada de c\u00f3mo lo han hecho y los desaf\u00edos que enfrentan\u201d.<\/p>\n\n\n\n<p>Desde Senadis, el director regional Luis Guerrero Jorquera valor\u00f3 el aporte de las empresas y la colaboraci\u00f3n en la mesa: \u201ceste a\u00f1o desde Senadis tomamos la decisi\u00f3n de convocar a actores relevantes relacionados con este tema y conformar la Mesa de Inclusi\u00f3n Laboral. Agradecemos a Corporaci\u00f3n Pro O\u2019Higgins por acompa\u00f1arnos hoy d\u00eda con tres profesionales de sus empresas socias. Hay que entender que el acceso al trabajo es un derecho humano, m\u00e1s que cumplir con la ley lo importante es que las empresas y el Estado se vayan sumando a m\u00e1s espacios de inclusi\u00f3n laboral\u201d.<\/p>\n\n\n\n<p><strong>Las empresas socias de Pro O\u2019Higgins compartieron su visi\u00f3n y aprendizajes<\/strong><\/p>\n\n\n\n<figure class=\"wp-block-image size-large\"><img loading=\"lazy\" decoding=\"async\" width=\"1024\" height=\"461\" src=\"https:\/\/www.rengoenlanoticia.cl\/prensa\/wp-content\/uploads\/2025\/09\/Inclusion-1024x461.jpeg\" alt=\"\" class=\"wp-image-5771\" srcset=\"https:\/\/www.rengoenlanoticia.cl\/prensa\/wp-content\/uploads\/2025\/09\/Inclusion-1024x461.jpeg 1024w, https:\/\/www.rengoenlanoticia.cl\/prensa\/wp-content\/uploads\/2025\/09\/Inclusion-300x135.jpeg 300w, https:\/\/www.rengoenlanoticia.cl\/prensa\/wp-content\/uploads\/2025\/09\/Inclusion-768x346.jpeg 768w, https:\/\/www.rengoenlanoticia.cl\/prensa\/wp-content\/uploads\/2025\/09\/Inclusion-110x50.jpeg 110w, https:\/\/www.rengoenlanoticia.cl\/prensa\/wp-content\/uploads\/2025\/09\/Inclusion-200x90.jpeg 200w, https:\/\/www.rengoenlanoticia.cl\/prensa\/wp-content\/uploads\/2025\/09\/Inclusion-380x171.jpeg 380w, https:\/\/www.rengoenlanoticia.cl\/prensa\/wp-content\/uploads\/2025\/09\/Inclusion-255x115.jpeg 255w, https:\/\/www.rengoenlanoticia.cl\/prensa\/wp-content\/uploads\/2025\/09\/Inclusion-550x248.jpeg 550w, https:\/\/www.rengoenlanoticia.cl\/prensa\/wp-content\/uploads\/2025\/09\/Inclusion-800x360.jpeg 800w, https:\/\/www.rengoenlanoticia.cl\/prensa\/wp-content\/uploads\/2025\/09\/Inclusion-1160x522.jpeg 1160w, https:\/\/www.rengoenlanoticia.cl\/prensa\/wp-content\/uploads\/2025\/09\/Inclusion.jpeg 1280w\" sizes=\"auto, (max-width: 1024px) 100vw, 1024px\" \/><\/figure>\n\n\n\n<p>Claudia Acu\u00f1a, jefa de cultura, pertenencia y calidad de vida de Sodexo:<\/p>\n\n\n\n<p>\u201cCreemos que es vital participar de estas instancias donde compartimos las buenas pr\u00e1cticas, porque independiente que las organizaciones tengamos niveles de madurez distintos, en esta materia siempre aparece algo novedoso porque no existe una receta. El estar presente es constructivo; nosotros podemos recibir y podemos compartir para acompa\u00f1arse en estos procesos\u201d.<\/p>\n\n\n\n<ul class=\"wp-block-list\">\n<li>Claudia Corral, jefa corporativa de gesti\u00f3n social de Agrosuper:<\/li>\n<\/ul>\n\n\n\n<p>\u201cVimos la importancia de compartir&nbsp;nuestras buenas pr\u00e1cticas&nbsp;en Agrosuper ya que sabemos la importancia de avanzar como regi\u00f3n y como pa\u00eds en seguir incorporando a m\u00e1s personas en situaci\u00f3n de&nbsp;discapacidad en las&nbsp;organizaciones. Lo anterior, no&nbsp;s\u00f3lo por cumplir con&nbsp;la cuota que se nos exige por ley sino m\u00e1s bien, por la contribuci\u00f3n&nbsp;de estas personas a las compa\u00f1\u00edas\u201d.<\/p>\n\n\n\n<ul class=\"wp-block-list\">\n<li>Claudio Toloza, jefe de la unidad de equidad de g\u00e9nero, diversidad y calidad de vida de Essbio:<\/li>\n<\/ul>\n\n\n\n<p>\u201cEs muy importante compartir las buenas pr\u00e1cticas laborales con distintas organizaciones p\u00fablicas y privadas porque nos permite conocer otras experiencias de inclusi\u00f3n y contar lo que estamos haciendo. Lo importante es apuntar a que las organizaciones tengan culturas inclusivas que permitan la igualdad de oportunidades para todas las personas y en este caso, con discapacidad\u201d.<\/p>\n\n\n\n<p>Con esta participaci\u00f3n, Pro O\u2019Higgins y su comunidad de empresas socias refuerzan el compromiso de avanzar en conjunto hacia una cultura empresarial m\u00e1s inclusiva, equitativa y respetuosa de la diversidad.<\/p>\n","protected":false},"excerpt":{"rendered":"En la comuna de Las Cabras se realiz\u00f3 el encuentro empresarial \u201cAvanzando hacia la inclusi\u00f3n laboral\u201d, organizado por&hellip;\n","protected":false},"author":1,"featured_media":5770,"comment_status":"open","ping_status":"open","sticky":false,"template":"","format":"standard","meta":{"_monsterinsights_skip_tracking":false,"_monsterinsights_sitenote_active":false,"_monsterinsights_sitenote_note":"","_monsterinsights_sitenote_category":0,"footnotes":""},"categories":[8],"tags":[],"class_list":{"0":"post-5759","1":"post","2":"type-post","3":"status-publish","4":"format-standard","5":"has-post-thumbnail","7":"category-portada"},"aioseo_notices":[],"_links":{"self":[{"href":"https:\/\/www.rengoenlanoticia.cl\/prensa\/wp-json\/wp\/v2\/posts\/5759","targetHints":{"allow":["GET"]}}],"collection":[{"href":"https:\/\/www.rengoenlanoticia.cl\/prensa\/wp-json\/wp\/v2\/posts"}],"about":[{"href":"https:\/\/www.rengoenlanoticia.cl\/prensa\/wp-json\/wp\/v2\/types\/post"}],"author":[{"embeddable":true,"href":"https:\/\/www.rengoenlanoticia.cl\/prensa\/wp-json\/wp\/v2\/users\/1"}],"replies":[{"embeddable":true,"href":"https:\/\/www.rengoenlanoticia.cl\/prensa\/wp-json\/wp\/v2\/comments?post=5759"}],"version-history":[{"count":3,"href":"https:\/\/www.rengoenlanoticia.cl\/prensa\/wp-json\/wp\/v2\/posts\/5759\/revisions"}],"predecessor-version":[{"id":5784,"href":"https:\/\/www.rengoenlanoticia.cl\/prensa\/wp-json\/wp\/v2\/posts\/5759\/revisions\/5784"}],"wp:featuredmedia":[{"embeddable":true,"href":"https:\/\/www.rengoenlanoticia.cl\/prensa\/wp-json\/wp\/v2\/media\/5770"}],"wp:attachment":[{"href":"https:\/\/www.rengoenlanoticia.cl\/prensa\/wp-json\/wp\/v2\/media?parent=5759"}],"wp:term":[{"taxonomy":"category","embeddable":true,"href":"https:\/\/www.rengoenlanoticia.cl\/prensa\/wp-json\/wp\/v2\/categories?post=5759"},{"taxonomy":"post_tag","embeddable":true,"href":"https:\/\/www.rengoenlanoticia.cl\/prensa\/wp-json\/wp\/v2\/tags?post=5759"}],"curies":[{"name":"wp","href":"https:\/\/api.w.org\/{rel}","templated":true}]}}