{"id":5758,"date":"2025-09-06T18:50:45","date_gmt":"2025-09-06T18:50:45","guid":{"rendered":"https:\/\/www.rengoenlanoticia.cl\/prensa\/?p=5758"},"modified":"2025-09-06T19:01:37","modified_gmt":"2025-09-06T19:01:37","slug":"crea-turismo-2025-dos-dias-para-potenciar-el-turismo-creativo-y-la-identidad-territorial-en-ohiggins","status":"publish","type":"post","link":"https:\/\/www.rengoenlanoticia.cl\/prensa\/2025\/09\/06\/crea-turismo-2025-dos-dias-para-potenciar-el-turismo-creativo-y-la-identidad-territorial-en-ohiggins\/","title":{"rendered":"+CREA Turismo 2025: Dos d\u00edas para potenciar el turismo creativo y la identidad territorial en O\u2019Higgins"},"content":{"rendered":"\n<p><em>Este 9 y 10 de septiembre se realizar\u00e1 en el Hotel Santa Cruz +CREA Turismo 2025, un encuentro gratuito que reunir\u00e1 a emprendedores, gestores culturales, representantes de la industria creativa, autoridades y comunidades locales para fortalecer el turismo con identidad en la Regi\u00f3n de O\u2019Higgins.<\/em><\/p>\n\n\n\n<p>Durante dos jornadas intensas, el evento buscar\u00e1 conectar la riqueza cultural del territorio con estrategias innovadoras de promoci\u00f3n tur\u00edstica, apostando por la creatividad como motor de desarrollo. Cofinanciado por Corfo O\u2019Higgins y ejecutado por Gedes, con el apoyo de Sernatur, la Seremi de las Culturas, este espacio se consolida como una plataforma clave para visibilizar y articular proyectos que integren cultura, patrimonio y emprendimiento.<\/p>\n\n\n\n<p>El gerente general de Gedes, Roberto Cervela, se\u00f1al\u00f3 que \u201ccon +CREA Turismo buscamos abrir un espacio que conecte identidad, cultura y creatividad con el turismo regional. Es un encuentro que invita a mirarnos desde nuestras ra\u00edces y a proyectarnos hacia el futuro, poniendo en valor el patrimonio, la innovaci\u00f3n y las oportunidades que surgen cuando el desarrollo territorial se construye en conjunto. Desde Gedes asumimos con orgullo este rol articulador, convencidos de que los territorios crecen cuando su gente es protagonista\u201d.<\/p>\n\n\n\n<p>Desde Corfo, a trav\u00e9s de este evento que involucra el turismo y la industria creativa, buscamos valorizar nuestro patrimonio, costumbres, la m\u00fasica, la gastronom\u00eda y cultura. Creemos que la regi\u00f3n tiene identidad y potencial de manifestaciones locales importantes, comunidades muy involucradas y queremos en este espacio propiciar el di\u00e1logo, establecer vinculaciones y potenciar un c\u00edrculo virtuoso en un territorio que para nosotros es muy importante por sus destacadas condiciones naturales\u201d, dijo \u00d3scar \u00c1vila, director regional de Corfo O\u2019Higgins.<\/p>\n\n\n\n<p><strong>D\u00eda 1: Identidad, creatividad y territorio<\/strong><strong><\/strong><\/p>\n\n\n\n<p>El martes 9 de septiembre la jornada comenzar\u00e1 con un esquinazo de bienvenida, seguido de charlas inspiradoras de expertos como Orlando Araque (Venezuela), especialista en patrimonio y turismo sostenible, y Bernardo Mu\u00f1oz, antrop\u00f3logo chileno. Adem\u00e1s, se presentar\u00e1n casos exitosos como Cumpeo y Condorito y se realizar\u00e1 un conversatorio sobre construcci\u00f3n de marca regional.<br>Por la tarde, workshops colaborativos reunir\u00e1n a l\u00edderes locales, autoridades y emprendedores para dise\u00f1ar relatos de identidad territorial y propuestas tur\u00edsticas basadas en el patrimonio y la creatividad.<\/p>\n\n\n\n<figure class=\"wp-block-image size-large\"><img loading=\"lazy\" decoding=\"async\" width=\"1024\" height=\"1024\" src=\"https:\/\/www.rengoenlanoticia.cl\/prensa\/wp-content\/uploads\/2025\/09\/afiche-difusion-crea-turismo-1024x1024.jpg\" alt=\"\" class=\"wp-image-5766\" srcset=\"https:\/\/www.rengoenlanoticia.cl\/prensa\/wp-content\/uploads\/2025\/09\/afiche-difusion-crea-turismo-1024x1024.jpg 1024w, https:\/\/www.rengoenlanoticia.cl\/prensa\/wp-content\/uploads\/2025\/09\/afiche-difusion-crea-turismo-300x300.jpg 300w, https:\/\/www.rengoenlanoticia.cl\/prensa\/wp-content\/uploads\/2025\/09\/afiche-difusion-crea-turismo-150x150.jpg 150w, https:\/\/www.rengoenlanoticia.cl\/prensa\/wp-content\/uploads\/2025\/09\/afiche-difusion-crea-turismo-768x768.jpg 768w, https:\/\/www.rengoenlanoticia.cl\/prensa\/wp-content\/uploads\/2025\/09\/afiche-difusion-crea-turismo-80x80.jpg 80w, https:\/\/www.rengoenlanoticia.cl\/prensa\/wp-content\/uploads\/2025\/09\/afiche-difusion-crea-turismo-110x110.jpg 110w, https:\/\/www.rengoenlanoticia.cl\/prensa\/wp-content\/uploads\/2025\/09\/afiche-difusion-crea-turismo-200x200.jpg 200w, https:\/\/www.rengoenlanoticia.cl\/prensa\/wp-content\/uploads\/2025\/09\/afiche-difusion-crea-turismo-380x380.jpg 380w, https:\/\/www.rengoenlanoticia.cl\/prensa\/wp-content\/uploads\/2025\/09\/afiche-difusion-crea-turismo-255x255.jpg 255w, https:\/\/www.rengoenlanoticia.cl\/prensa\/wp-content\/uploads\/2025\/09\/afiche-difusion-crea-turismo-550x550.jpg 550w, https:\/\/www.rengoenlanoticia.cl\/prensa\/wp-content\/uploads\/2025\/09\/afiche-difusion-crea-turismo-800x800.jpg 800w, https:\/\/www.rengoenlanoticia.cl\/prensa\/wp-content\/uploads\/2025\/09\/afiche-difusion-crea-turismo-1160x1160.jpg 1160w, https:\/\/www.rengoenlanoticia.cl\/prensa\/wp-content\/uploads\/2025\/09\/afiche-difusion-crea-turismo.jpg 1280w\" sizes=\"auto, (max-width: 1024px) 100vw, 1024px\" \/><\/figure>\n\n\n\n<p><strong>D\u00eda 2: Turismo audiovisual, gastronom\u00eda y proyecci\u00f3n internacional<\/strong><\/p>\n\n\n\n<p>El mi\u00e9rcoles 10 de septiembre el enfoque estar\u00e1 en el turismo audiovisual, la gastronom\u00eda y el desarrollo digital. Expositores internacionales como Pablo Ratto, Paulo Lucia y Oliver Knust compartir\u00e1n experiencias sobre cine, m\u00fasica y promoci\u00f3n internacional, mientras que paneles y documentales visibilizar\u00e1n oportunidades y desaf\u00edos para posicionar la regi\u00f3n como un destino creativo.<br>La jornada cerrar\u00e1 con talleres tem\u00e1ticos, presentaciones creativas y un reconocimiento especial a Las Colchag\u00fcinas, en un festival audiovisual que marcar\u00e1 el broche final del evento.<\/p>\n\n\n\n<p>S\u00ed est\u00e1n interesado\/a en participar a este evento gratuito te invitamos a inscribirte en el enlace que se encuentra en el Instagram de @corfoohiggins @Creaturismo o en el correo&nbsp;<a href=\"mailto:draniman@gedes.cl\" target=\"_blank\" rel=\"noreferrer noopener\">draniman@gedes.cl<\/a>&nbsp;donde podr\u00e1n participar de estos 2 d\u00edas potenciando el turismo y la industria creativa.<\/p>\n\n\n\n<p>+CREA Turismo 2025 busca convertirse en un hito para la Regi\u00f3n de O\u2019Higgins, al impulsar un modelo de turismo basado en la identidad cultural, la innovaci\u00f3n y el trabajo conjunto de las comunidades.<\/p>\n\n\n\n<figure class=\"wp-block-image size-large\"><img loading=\"lazy\" decoding=\"async\" width=\"728\" height=\"1024\" src=\"https:\/\/www.rengoenlanoticia.cl\/prensa\/wp-content\/uploads\/2025\/09\/difusion-afiche-728x1024.jpg\" alt=\"\" class=\"wp-image-5767\" srcset=\"https:\/\/www.rengoenlanoticia.cl\/prensa\/wp-content\/uploads\/2025\/09\/difusion-afiche-728x1024.jpg 728w, https:\/\/www.rengoenlanoticia.cl\/prensa\/wp-content\/uploads\/2025\/09\/difusion-afiche-213x300.jpg 213w, https:\/\/www.rengoenlanoticia.cl\/prensa\/wp-content\/uploads\/2025\/09\/difusion-afiche-768x1081.jpg 768w, https:\/\/www.rengoenlanoticia.cl\/prensa\/wp-content\/uploads\/2025\/09\/difusion-afiche-1092x1536.jpg 1092w, https:\/\/www.rengoenlanoticia.cl\/prensa\/wp-content\/uploads\/2025\/09\/difusion-afiche-110x155.jpg 110w, https:\/\/www.rengoenlanoticia.cl\/prensa\/wp-content\/uploads\/2025\/09\/difusion-afiche-200x281.jpg 200w, https:\/\/www.rengoenlanoticia.cl\/prensa\/wp-content\/uploads\/2025\/09\/difusion-afiche-380x535.jpg 380w, https:\/\/www.rengoenlanoticia.cl\/prensa\/wp-content\/uploads\/2025\/09\/difusion-afiche-255x359.jpg 255w, https:\/\/www.rengoenlanoticia.cl\/prensa\/wp-content\/uploads\/2025\/09\/difusion-afiche-300x422.jpg 300w, https:\/\/www.rengoenlanoticia.cl\/prensa\/wp-content\/uploads\/2025\/09\/difusion-afiche-550x774.jpg 550w, https:\/\/www.rengoenlanoticia.cl\/prensa\/wp-content\/uploads\/2025\/09\/difusion-afiche-800x1126.jpg 800w, https:\/\/www.rengoenlanoticia.cl\/prensa\/wp-content\/uploads\/2025\/09\/difusion-afiche.jpg 1152w\" sizes=\"auto, (max-width: 728px) 100vw, 728px\" \/><\/figure>\n","protected":false},"excerpt":{"rendered":"Este 9 y 10 de septiembre se realizar\u00e1 en el Hotel Santa Cruz +CREA Turismo 2025, un encuentro&hellip;\n","protected":false},"author":1,"featured_media":5766,"comment_status":"open","ping_status":"open","sticky":false,"template":"","format":"standard","meta":{"_monsterinsights_skip_tracking":false,"_monsterinsights_sitenote_active":false,"_monsterinsights_sitenote_note":"","_monsterinsights_sitenote_category":0,"footnotes":""},"categories":[8],"tags":[],"class_list":{"0":"post-5758","1":"post","2":"type-post","3":"status-publish","4":"format-standard","5":"has-post-thumbnail","7":"category-portada"},"aioseo_notices":[],"_links":{"self":[{"href":"https:\/\/www.rengoenlanoticia.cl\/prensa\/wp-json\/wp\/v2\/posts\/5758","targetHints":{"allow":["GET"]}}],"collection":[{"href":"https:\/\/www.rengoenlanoticia.cl\/prensa\/wp-json\/wp\/v2\/posts"}],"about":[{"href":"https:\/\/www.rengoenlanoticia.cl\/prensa\/wp-json\/wp\/v2\/types\/post"}],"author":[{"embeddable":true,"href":"https:\/\/www.rengoenlanoticia.cl\/prensa\/wp-json\/wp\/v2\/users\/1"}],"replies":[{"embeddable":true,"href":"https:\/\/www.rengoenlanoticia.cl\/prensa\/wp-json\/wp\/v2\/comments?post=5758"}],"version-history":[{"count":3,"href":"https:\/\/www.rengoenlanoticia.cl\/prensa\/wp-json\/wp\/v2\/posts\/5758\/revisions"}],"predecessor-version":[{"id":5782,"href":"https:\/\/www.rengoenlanoticia.cl\/prensa\/wp-json\/wp\/v2\/posts\/5758\/revisions\/5782"}],"wp:featuredmedia":[{"embeddable":true,"href":"https:\/\/www.rengoenlanoticia.cl\/prensa\/wp-json\/wp\/v2\/media\/5766"}],"wp:attachment":[{"href":"https:\/\/www.rengoenlanoticia.cl\/prensa\/wp-json\/wp\/v2\/media?parent=5758"}],"wp:term":[{"taxonomy":"category","embeddable":true,"href":"https:\/\/www.rengoenlanoticia.cl\/prensa\/wp-json\/wp\/v2\/categories?post=5758"},{"taxonomy":"post_tag","embeddable":true,"href":"https:\/\/www.rengoenlanoticia.cl\/prensa\/wp-json\/wp\/v2\/tags?post=5758"}],"curies":[{"name":"wp","href":"https:\/\/api.w.org\/{rel}","templated":true}]}}