{"id":5757,"date":"2025-09-06T18:46:14","date_gmt":"2025-09-06T18:46:14","guid":{"rendered":"https:\/\/www.rengoenlanoticia.cl\/prensa\/?p=5757"},"modified":"2025-09-06T18:59:46","modified_gmt":"2025-09-06T18:59:46","slug":"comunidad-y-hospital-de-graneros-se-reunen-para-trazar-el-futuro-de-la-salud-local","status":"publish","type":"post","link":"https:\/\/www.rengoenlanoticia.cl\/prensa\/2025\/09\/06\/comunidad-y-hospital-de-graneros-se-reunen-para-trazar-el-futuro-de-la-salud-local\/","title":{"rendered":"Comunidad y Hospital de Graneros se re\u00fanen para trazar el futuro de la salud local"},"content":{"rendered":"\n<p>\u00a0A trav\u00e9s de una jornada de diagn\u00f3stico participativo que reuni\u00f3 a usuarios, dirigentes vecinales y funcionarios, se compartieron miradas y propuestas para avanzar hacia un recinto m\u00e1s participativo, preparado y acogedor.<\/p>\n\n\n\n<p> Con una amplia convocatoria de dirigentes sociales, representantes comunitarios y funcionarios de salud, el Hospital de Graneros desarroll\u00f3 este viernes una Jornada de Diagn\u00f3stico Participativo, espacio orientado a recoger las percepciones, inquietudes y propuestas de la comunidad respecto al quehacer del establecimiento y sus desaf\u00edos de futuro.<\/p>\n\n\n\n<p>La actividad fue encabezada por la Dra. Josefina Zegers, quien, en representaci\u00f3n del equipo directivo del hospital, subray\u00f3 la importancia de abrir instancias de encuentro y di\u00e1logo con la poblaci\u00f3n usuaria. \u201cEl Diagn\u00f3stico Participativo es el primer eslab\u00f3n de un proceso mayor. Es el punto de partida para planificar y construir planes de salud que respondan a las necesidades reales de las personas. Diagnosticar no es solo levantar datos o cumplir con un procedimiento, sino reconocer una realidad concreta, con sus problemas y fortalezas, para proyectar caminos de mejora en conjunto\u201d, se\u00f1al\u00f3 la Dra. Zegers durante su intervenci\u00f3n.<\/p>\n\n\n\n<p><\/p>\n\n\n\n<figure class=\"wp-block-image size-large\"><img loading=\"lazy\" decoding=\"async\" width=\"1024\" height=\"768\" src=\"https:\/\/www.rengoenlanoticia.cl\/prensa\/wp-content\/uploads\/2025\/09\/diagnostico1-1024x768.jpeg\" alt=\"\" class=\"wp-image-5763\" srcset=\"https:\/\/www.rengoenlanoticia.cl\/prensa\/wp-content\/uploads\/2025\/09\/diagnostico1-1024x768.jpeg 1024w, https:\/\/www.rengoenlanoticia.cl\/prensa\/wp-content\/uploads\/2025\/09\/diagnostico1-300x225.jpeg 300w, https:\/\/www.rengoenlanoticia.cl\/prensa\/wp-content\/uploads\/2025\/09\/diagnostico1-768x576.jpeg 768w, https:\/\/www.rengoenlanoticia.cl\/prensa\/wp-content\/uploads\/2025\/09\/diagnostico1-1536x1152.jpeg 1536w, https:\/\/www.rengoenlanoticia.cl\/prensa\/wp-content\/uploads\/2025\/09\/diagnostico1-110x83.jpeg 110w, https:\/\/www.rengoenlanoticia.cl\/prensa\/wp-content\/uploads\/2025\/09\/diagnostico1-200x150.jpeg 200w, https:\/\/www.rengoenlanoticia.cl\/prensa\/wp-content\/uploads\/2025\/09\/diagnostico1-380x285.jpeg 380w, https:\/\/www.rengoenlanoticia.cl\/prensa\/wp-content\/uploads\/2025\/09\/diagnostico1-255x191.jpeg 255w, https:\/\/www.rengoenlanoticia.cl\/prensa\/wp-content\/uploads\/2025\/09\/diagnostico1-550x413.jpeg 550w, https:\/\/www.rengoenlanoticia.cl\/prensa\/wp-content\/uploads\/2025\/09\/diagnostico1-800x600.jpeg 800w, https:\/\/www.rengoenlanoticia.cl\/prensa\/wp-content\/uploads\/2025\/09\/diagnostico1-1160x870.jpeg 1160w, https:\/\/www.rengoenlanoticia.cl\/prensa\/wp-content\/uploads\/2025\/09\/diagnostico1.jpeg 1600w\" sizes=\"auto, (max-width: 1024px) 100vw, 1024px\" \/><\/figure>\n\n\n\n<p>Agreg\u00f3 la facultativa que \u201ceste Diagn\u00f3stico no es solo una actividad dentro de nuestra agenda, sino un verdadero espacio de encuentro. Aqu\u00ed tenemos la oportunidad de escucharnos, de dialogar y de compartir miradas sobre aquello que es com\u00fan y esencial para todos: la salud\u201d.<\/p>\n\n\n\n<p>Asimismo, la Dra. Zegers inform\u00f3 a los presentes sobre el inicio pr\u00f3ximo del proyecto de conservaci\u00f3n de infraestructura del hospital, que contempla la instalaci\u00f3n de m\u00f3dulos provisorios para asegurar la continuidad de las atenciones. \u201cSabemos que estos ajustes pueden generar algunos inconvenientes y nuevas formas de organizarnos, pero cada paso en este camino ser\u00e1 para mejorar, y al final de este proceso contaremos con un hospital m\u00e1s preparado y acogedor para todas y todos\u201d, enfatiz\u00f3.<\/p>\n\n\n\n<p>En la jornada, donde participaron profesionales de Participaci\u00f3n y del equipo de Rehabilitaci\u00f3n Rural M\u00f3vil del Servicio de Salud O\u2019Higgins (SSO), la Encargada de Participaci\u00f3n Ciudadana del Hospital de Graneros, Mary Valenzuela, destac\u00f3 que \u201ceste proceso nos permite fortalecer la relaci\u00f3n entre el hospital y nuestra comunidad, no solo recogiendo la voz de nuestros usuarios, sino tambi\u00e9n incorpor\u00e1ndola de manera efectiva en la gesti\u00f3n y en las decisiones que impactan en su atenci\u00f3n. Escuchar y trabajar junto a la comunidad es clave para construir un hospital m\u00e1s humano, cercano y con servicios de salud acordes a sus necesidades\u201d.<\/p>\n\n\n\n<figure class=\"wp-block-image size-large\"><img loading=\"lazy\" decoding=\"async\" width=\"1024\" height=\"768\" src=\"https:\/\/www.rengoenlanoticia.cl\/prensa\/wp-content\/uploads\/2025\/09\/diagnostico-2-1024x768.jpeg\" alt=\"\" class=\"wp-image-5761\" srcset=\"https:\/\/www.rengoenlanoticia.cl\/prensa\/wp-content\/uploads\/2025\/09\/diagnostico-2-1024x768.jpeg 1024w, https:\/\/www.rengoenlanoticia.cl\/prensa\/wp-content\/uploads\/2025\/09\/diagnostico-2-300x225.jpeg 300w, https:\/\/www.rengoenlanoticia.cl\/prensa\/wp-content\/uploads\/2025\/09\/diagnostico-2-768x576.jpeg 768w, https:\/\/www.rengoenlanoticia.cl\/prensa\/wp-content\/uploads\/2025\/09\/diagnostico-2-1536x1152.jpeg 1536w, https:\/\/www.rengoenlanoticia.cl\/prensa\/wp-content\/uploads\/2025\/09\/diagnostico-2-110x83.jpeg 110w, https:\/\/www.rengoenlanoticia.cl\/prensa\/wp-content\/uploads\/2025\/09\/diagnostico-2-200x150.jpeg 200w, https:\/\/www.rengoenlanoticia.cl\/prensa\/wp-content\/uploads\/2025\/09\/diagnostico-2-380x285.jpeg 380w, https:\/\/www.rengoenlanoticia.cl\/prensa\/wp-content\/uploads\/2025\/09\/diagnostico-2-255x191.jpeg 255w, https:\/\/www.rengoenlanoticia.cl\/prensa\/wp-content\/uploads\/2025\/09\/diagnostico-2-550x413.jpeg 550w, https:\/\/www.rengoenlanoticia.cl\/prensa\/wp-content\/uploads\/2025\/09\/diagnostico-2-800x600.jpeg 800w, https:\/\/www.rengoenlanoticia.cl\/prensa\/wp-content\/uploads\/2025\/09\/diagnostico-2-1160x870.jpeg 1160w, https:\/\/www.rengoenlanoticia.cl\/prensa\/wp-content\/uploads\/2025\/09\/diagnostico-2.jpeg 1600w\" sizes=\"auto, (max-width: 1024px) 100vw, 1024px\" \/><\/figure>\n\n\n\n<p>Finalmente, la jornada concluy\u00f3 con actividades l\u00fadicas y mesas de trabajo colaborativo, donde el equipo de Rehabilitaci\u00f3n Rural M\u00f3vil del SSO junto al Comit\u00e9 de Hospital Amigo, Satisfacci\u00f3n Usuaria y Participaci\u00f3n del hospital, lideraron la instancia, que contribuy\u00f3 a que dirigentes y equipos de salud compartieran diagn\u00f3sticos y propuestas para avanzar en un modelo de atenci\u00f3n m\u00e1s participativo y centrado en las personas.<\/p>\n","protected":false},"excerpt":{"rendered":"\u00a0A trav\u00e9s de una jornada de diagn\u00f3stico participativo que reuni\u00f3 a usuarios, dirigentes vecinales y funcionarios, se compartieron&hellip;\n","protected":false},"author":1,"featured_media":5762,"comment_status":"open","ping_status":"open","sticky":false,"template":"","format":"standard","meta":{"_monsterinsights_skip_tracking":false,"_monsterinsights_sitenote_active":false,"_monsterinsights_sitenote_note":"","_monsterinsights_sitenote_category":0,"footnotes":""},"categories":[8,1],"tags":[],"class_list":{"0":"post-5757","1":"post","2":"type-post","3":"status-publish","4":"format-standard","5":"has-post-thumbnail","7":"category-portada","8":"category-uncategorized"},"aioseo_notices":[],"_links":{"self":[{"href":"https:\/\/www.rengoenlanoticia.cl\/prensa\/wp-json\/wp\/v2\/posts\/5757","targetHints":{"allow":["GET"]}}],"collection":[{"href":"https:\/\/www.rengoenlanoticia.cl\/prensa\/wp-json\/wp\/v2\/posts"}],"about":[{"href":"https:\/\/www.rengoenlanoticia.cl\/prensa\/wp-json\/wp\/v2\/types\/post"}],"author":[{"embeddable":true,"href":"https:\/\/www.rengoenlanoticia.cl\/prensa\/wp-json\/wp\/v2\/users\/1"}],"replies":[{"embeddable":true,"href":"https:\/\/www.rengoenlanoticia.cl\/prensa\/wp-json\/wp\/v2\/comments?post=5757"}],"version-history":[{"count":3,"href":"https:\/\/www.rengoenlanoticia.cl\/prensa\/wp-json\/wp\/v2\/posts\/5757\/revisions"}],"predecessor-version":[{"id":5780,"href":"https:\/\/www.rengoenlanoticia.cl\/prensa\/wp-json\/wp\/v2\/posts\/5757\/revisions\/5780"}],"wp:featuredmedia":[{"embeddable":true,"href":"https:\/\/www.rengoenlanoticia.cl\/prensa\/wp-json\/wp\/v2\/media\/5762"}],"wp:attachment":[{"href":"https:\/\/www.rengoenlanoticia.cl\/prensa\/wp-json\/wp\/v2\/media?parent=5757"}],"wp:term":[{"taxonomy":"category","embeddable":true,"href":"https:\/\/www.rengoenlanoticia.cl\/prensa\/wp-json\/wp\/v2\/categories?post=5757"},{"taxonomy":"post_tag","embeddable":true,"href":"https:\/\/www.rengoenlanoticia.cl\/prensa\/wp-json\/wp\/v2\/tags?post=5757"}],"curies":[{"name":"wp","href":"https:\/\/api.w.org\/{rel}","templated":true}]}}