{"id":5739,"date":"2025-09-04T01:03:59","date_gmt":"2025-09-04T01:03:59","guid":{"rendered":"https:\/\/www.rengoenlanoticia.cl\/prensa\/?p=5739"},"modified":"2025-09-04T01:04:19","modified_gmt":"2025-09-04T01:04:19","slug":"carabineros-detiene-a-dos-sujetos-en-rengo","status":"publish","type":"post","link":"https:\/\/www.rengoenlanoticia.cl\/prensa\/2025\/09\/04\/carabineros-detiene-a-dos-sujetos-en-rengo\/","title":{"rendered":"Carabineros detiene a dos sujetos en Rengo"},"content":{"rendered":"\n<p>Durante la tarde de hoy, personal motorizado de la Cuarta Comisar\u00eda de Carabineros de Rengo procedi\u00f3 a la <strong>detenci\u00f3n de dos sujetos<\/strong> que manten\u00edan <strong>\u00f3rdenes de detenci\u00f3n pendientes<\/strong>.<\/p>\n\n\n\n<p>El procedimiento se llev\u00f3 a cabo en el marco de los patrullajes preventivos que realiza Carabineros en distintos sectores de la comuna, con el objetivo de reforzar la seguridad y dar cumplimiento a los requerimientos judiciales vigentes.<\/p>\n\n\n\n<p>Ambos detenidos fueron puestos a disposici\u00f3n del tribunal correspondiente para continuar con el proceso legal que enfrenta cada uno.<\/p>\n\n\n\n<p>Uno de los sujetos fue identificado con &nbsp;las iniciales, C.A.C.H de 35 a\u00f1os de edad de nacionalidad Chilena, quien manten\u00eda orden de detenci\u00f3n vigente del juzgado de garant\u00eda de Rengo por el delito de hurto falta y el segundo de ellos de nacionalidad colombiana, 22 a\u00f1os de edad, quien manten\u00eda tres \u00f3rdenes de detenci\u00f3n vigentes por el delito de robo en lugar no habitado del s\u00e9ptimo y octavo juzgado de garant\u00eda de Santiago.<\/p>\n\n\n\n<p>Carabineros reiter\u00f3 su compromiso con la seguridad de la comunidad y el cumplimiento de la ley.<\/p>\n","protected":false},"excerpt":{"rendered":"Durante la tarde de hoy, personal motorizado de la Cuarta Comisar\u00eda de Carabineros de Rengo procedi\u00f3 a la&hellip;\n","protected":false},"author":1,"featured_media":5748,"comment_status":"open","ping_status":"open","sticky":false,"template":"","format":"standard","meta":{"_monsterinsights_skip_tracking":false,"_monsterinsights_sitenote_active":false,"_monsterinsights_sitenote_note":"","_monsterinsights_sitenote_category":0,"footnotes":""},"categories":[5,8],"tags":[],"class_list":{"0":"post-5739","1":"post","2":"type-post","3":"status-publish","4":"format-standard","5":"has-post-thumbnail","7":"category-policial","8":"category-portada"},"aioseo_notices":[],"_links":{"self":[{"href":"https:\/\/www.rengoenlanoticia.cl\/prensa\/wp-json\/wp\/v2\/posts\/5739","targetHints":{"allow":["GET"]}}],"collection":[{"href":"https:\/\/www.rengoenlanoticia.cl\/prensa\/wp-json\/wp\/v2\/posts"}],"about":[{"href":"https:\/\/www.rengoenlanoticia.cl\/prensa\/wp-json\/wp\/v2\/types\/post"}],"author":[{"embeddable":true,"href":"https:\/\/www.rengoenlanoticia.cl\/prensa\/wp-json\/wp\/v2\/users\/1"}],"replies":[{"embeddable":true,"href":"https:\/\/www.rengoenlanoticia.cl\/prensa\/wp-json\/wp\/v2\/comments?post=5739"}],"version-history":[{"count":2,"href":"https:\/\/www.rengoenlanoticia.cl\/prensa\/wp-json\/wp\/v2\/posts\/5739\/revisions"}],"predecessor-version":[{"id":5754,"href":"https:\/\/www.rengoenlanoticia.cl\/prensa\/wp-json\/wp\/v2\/posts\/5739\/revisions\/5754"}],"wp:featuredmedia":[{"embeddable":true,"href":"https:\/\/www.rengoenlanoticia.cl\/prensa\/wp-json\/wp\/v2\/media\/5748"}],"wp:attachment":[{"href":"https:\/\/www.rengoenlanoticia.cl\/prensa\/wp-json\/wp\/v2\/media?parent=5739"}],"wp:term":[{"taxonomy":"category","embeddable":true,"href":"https:\/\/www.rengoenlanoticia.cl\/prensa\/wp-json\/wp\/v2\/categories?post=5739"},{"taxonomy":"post_tag","embeddable":true,"href":"https:\/\/www.rengoenlanoticia.cl\/prensa\/wp-json\/wp\/v2\/tags?post=5739"}],"curies":[{"name":"wp","href":"https:\/\/api.w.org\/{rel}","templated":true}]}}