{"id":5735,"date":"2025-09-04T01:01:36","date_gmt":"2025-09-04T01:01:36","guid":{"rendered":"https:\/\/www.rengoenlanoticia.cl\/prensa\/?p=5735"},"modified":"2025-09-04T01:01:56","modified_gmt":"2025-09-04T01:01:56","slug":"con-manos-que-sostienen-paz-en-casa-hospital-de-rengo-humaniza-la-salud","status":"publish","type":"post","link":"https:\/\/www.rengoenlanoticia.cl\/prensa\/2025\/09\/04\/con-manos-que-sostienen-paz-en-casa-hospital-de-rengo-humaniza-la-salud\/","title":{"rendered":"Con \u00abManos que Sostienen: Paz en Casa\u00bb\u00a0Hospital de Rengo humaniza la salud"},"content":{"rendered":"\n<p>\u00b7&nbsp;&nbsp;&nbsp;&nbsp;&nbsp;&nbsp;&nbsp;&nbsp;&nbsp;La iniciativa forma parte de la estrategia de humanizaci\u00f3n de la atenci\u00f3n impulsada por la Oficina de Gesti\u00f3n de la Satisfacci\u00f3n Usuaria, la Unidad de Cuidados Paliativos, la Unidad de Acompa\u00f1amiento Espiritual y el Consejo de Desarrollo del hospital.<\/p>\n\n\n\n<p><em>Rengo, 3 de septiembre de 2025.-<\/em>&nbsp;\u201cSent\u00ed una felicidad enorme y me siento muy honrado de que me hayan elegido para visitarme en mi hogar. Pas\u00e9 un momento muy agradable y ojal\u00e1 se repita. Me encanta conversar, hacer re\u00edr y compartir una tarde grata\u201d. Con estas palabras, Juan Alegre Toro, paciente de la Unidad de Cuidados Paliativos del Hospital Ricardo Valenzuela S\u00e1ez de Rengo, expres\u00f3 la emoci\u00f3n de recibir la primera visita del programa \u201cManos que Sostienen: Paz en Casa\u201d, una iniciativa que busca entregar acompa\u00f1amiento y contenci\u00f3n a pacientes y sus familias en los momentos m\u00e1s complejos de la enfermedad.<\/p>\n\n\n\n<p>El programa tiene como prop\u00f3sito fortalecer el v\u00ednculo con los usuarios desde una mirada emp\u00e1tica, c\u00e1lida y respetuosa de la dignidad humana. Para ello, un equipo interdisciplinario visita a pacientes en cuidados paliativos, compartiendo instancias de conversaci\u00f3n, escucha activa y apoyo espiritual.<\/p>\n\n\n\n<p>Al respecto, la directora del Hospital Ricardo Valenzuela S\u00e1ez de Rengo, Margarita Yercic Bravo valor\u00f3 el programa indicando que \u201ces una bella iniciativa que va en total sinton\u00eda con uno de los principales lineamientos de nuestra gesti\u00f3n: humanizar la salud. Brindar una palabra de aliento, ofrecer una compa\u00f1\u00eda grata y sincera a nuestros pacientes en momentos dif\u00edciles es fundamental. Escucharlos, estar presentes, es parte esencial de nuestro compromiso. Felicito a cada uno de los gestores de esta iniciativa, que refleja plenamente nuestros principios de humanizaci\u00f3n del cuidado\u201d.<\/p>\n\n\n\n<p>En tanto, la encargada de la Oficina Gesti\u00f3n de la Satisfacci\u00f3n Usuaria, Margarita Correa Avenda\u00f1o, destac\u00f3 que \u201cfue una experiencia muy linda, porque nos permiti\u00f3 brindar acompa\u00f1amiento, con un enfoque cercano, humano y espiritual. Compartimos una tarde significativa que incluy\u00f3 conversaci\u00f3n, escucha activa, momentos de alegr\u00eda y el valioso testimonio de un paciente con una enfermedad complicada, pero con muchas ganas de vivir. Su nombre, Juan Alegre, refleja perfectamente su actitud ante la vida. Fue un aprendizaje mutuo: \u00e9l nos ense\u00f1\u00f3 que, a pesar de las dificultades, la vida contin\u00faa y hay que seguir adelante con esperanza y alegr\u00eda\u201d.<\/p>\n\n\n\n<p>&nbsp;\u201cFue una experiencia muy emocionante y conmovedora. Uno piensa que en una visita as\u00ed, se encontrar\u00e1 con un paciente deca\u00eddo, pero nos encontramos con un ser humano positivo, encantador, con muchas ganas de vivir. Alegre, como su nombre lo indica, su actitud llam\u00f3 profundamente la atenci\u00f3n de todos. Nos hizo enfrentarnos a la realidad de que s\u00ed existen personas que, a\u00fan con una enfermedad complicada, eligen vivir con alegr\u00eda y enfrentan la muerte con una disposici\u00f3n admirable\u201d, enfatiz\u00f3 Paula Zawadzki, presidenta del Consejo de Desarrollo del Hospital Ricardo Valenzuela S\u00e1ez de Rengo.<\/p>\n\n\n\n<p>De esta primera visita participaron la Dra. Camila Olivares, la enfermera Loreto Gonz\u00e1lez y la Dra. Valentina Almarza de la Unidad de Cuidados Paliativos; Marilyn Campos y Jorge Campos de la Unidad de Acompa\u00f1amiento Espiritual; adem\u00e1s de Paula Zawadzki, presidenta del Consejo de Desarrollo, y Margarita Correa, encargada de la Oficina de Gesti\u00f3n de la Satisfacci\u00f3n Usuaria.<\/p>\n\n\n\n<p>Con \u201cManos que Sostienen: Paz en Casa\u201d, el Hospital de Rengo reafirma que la salud tambi\u00e9n se construye con cercan\u00eda, respeto y humanidad.<\/p>\n","protected":false},"excerpt":{"rendered":"\u00b7&nbsp;&nbsp;&nbsp;&nbsp;&nbsp;&nbsp;&nbsp;&nbsp;&nbsp;La iniciativa forma parte de la estrategia de humanizaci\u00f3n de la atenci\u00f3n impulsada por la Oficina de Gesti\u00f3n&hellip;\n","protected":false},"author":1,"featured_media":5747,"comment_status":"open","ping_status":"open","sticky":false,"template":"","format":"standard","meta":{"_monsterinsights_skip_tracking":false,"_monsterinsights_sitenote_active":false,"_monsterinsights_sitenote_note":"","_monsterinsights_sitenote_category":0,"footnotes":""},"categories":[8],"tags":[],"class_list":{"0":"post-5735","1":"post","2":"type-post","3":"status-publish","4":"format-standard","5":"has-post-thumbnail","7":"category-portada"},"aioseo_notices":[],"_links":{"self":[{"href":"https:\/\/www.rengoenlanoticia.cl\/prensa\/wp-json\/wp\/v2\/posts\/5735","targetHints":{"allow":["GET"]}}],"collection":[{"href":"https:\/\/www.rengoenlanoticia.cl\/prensa\/wp-json\/wp\/v2\/posts"}],"about":[{"href":"https:\/\/www.rengoenlanoticia.cl\/prensa\/wp-json\/wp\/v2\/types\/post"}],"author":[{"embeddable":true,"href":"https:\/\/www.rengoenlanoticia.cl\/prensa\/wp-json\/wp\/v2\/users\/1"}],"replies":[{"embeddable":true,"href":"https:\/\/www.rengoenlanoticia.cl\/prensa\/wp-json\/wp\/v2\/comments?post=5735"}],"version-history":[{"count":2,"href":"https:\/\/www.rengoenlanoticia.cl\/prensa\/wp-json\/wp\/v2\/posts\/5735\/revisions"}],"predecessor-version":[{"id":5752,"href":"https:\/\/www.rengoenlanoticia.cl\/prensa\/wp-json\/wp\/v2\/posts\/5735\/revisions\/5752"}],"wp:featuredmedia":[{"embeddable":true,"href":"https:\/\/www.rengoenlanoticia.cl\/prensa\/wp-json\/wp\/v2\/media\/5747"}],"wp:attachment":[{"href":"https:\/\/www.rengoenlanoticia.cl\/prensa\/wp-json\/wp\/v2\/media?parent=5735"}],"wp:term":[{"taxonomy":"category","embeddable":true,"href":"https:\/\/www.rengoenlanoticia.cl\/prensa\/wp-json\/wp\/v2\/categories?post=5735"},{"taxonomy":"post_tag","embeddable":true,"href":"https:\/\/www.rengoenlanoticia.cl\/prensa\/wp-json\/wp\/v2\/tags?post=5735"}],"curies":[{"name":"wp","href":"https:\/\/api.w.org\/{rel}","templated":true}]}}