{"id":5713,"date":"2025-09-04T00:31:49","date_gmt":"2025-09-04T00:31:49","guid":{"rendered":"https:\/\/www.rengoenlanoticia.cl\/prensa\/?p=5713"},"modified":"2025-09-04T00:39:14","modified_gmt":"2025-09-04T00:39:14","slug":"el-programa-raices-del-poblado-de-conaf-planto-peumos-en-la-escuela-el-rosario-de-peumo","status":"publish","type":"post","link":"https:\/\/www.rengoenlanoticia.cl\/prensa\/2025\/09\/04\/el-programa-raices-del-poblado-de-conaf-planto-peumos-en-la-escuela-el-rosario-de-peumo\/","title":{"rendered":"El Programa Ra\u00edces del Poblado de CONAF plant\u00f3 peumos en la Escuela El Rosario de Peumo"},"content":{"rendered":"\n<p>En la oportunidad se entreg\u00f3 un reconocimiento al club de los \u201cForjadores Ambientales\u201d, cuyos integrantes son los encargados de sensibilizar a la comunidad educativa en el cuidado de la naturaleza.\u00a0<\/p>\n\n\n\n<p>Hasta la comuna de Peumo lleg\u00f3 el director regional de CONAF, Oscar Galdames Flores, para liderar la plantaci\u00f3n de peumos a trav\u00e9s del programa Ra\u00edces del Poblado, que busca plantar \u00e1rboles nativos cuyo nombre coincida con el nombre del sector o comuna. El lugar escogido fue la Escuela El Rosario de Codao, cuya comunidad escolar tambi\u00e9n recibi\u00f3 \u00e1rboles de la misma especie, para plantar en sus hogares.<\/p>\n\n\n\n<p>Oscar Galdames explic\u00f3 que el programa \u201cRa\u00edces del Poblado\u201d tiene como objetivo mejorar la calidad de vida en distintos sectores a trav\u00e9s de la arborizaci\u00f3n con especies nativas y la creaci\u00f3n de espacios verdes en \u00e1reas p\u00fablicas y comunes, promoviendo la corresponsabilidad ciudadana en el cuidado del entorno.&nbsp;Esta instancia adem\u00e1s, forma parte del Proyecto de Arborizaci\u00f3n Urbana de CONAF, que tiene el prop\u00f3sito de fortalecer la identidad &nbsp;de las comunidades con la plantaci\u00f3n de arboledas.<\/p>\n\n\n\n<p>El alcalde de Peumo, Ferm\u00edn Carre\u00f1o Carre\u00f1o, coment\u00f3 que \u201cprimero quiero agradecerle a CONAF, al director regional, por traer a nuestra comuna el programa Ra\u00edces del Poblado, donde hoy d\u00eda hemos plantado simb\u00f3licamente varios \u00e1rboles que llevan por nombre, el de nuestra querida comuna. As\u00ed es que quiero agradecerles de verdad a toda CONAF, a sus trabajadores tambi\u00e9n, por llevar e implementar estas lindas acciones\u201d.<\/p>\n\n\n\n<figure class=\"wp-block-image size-large\"><img loading=\"lazy\" decoding=\"async\" width=\"1024\" height=\"768\" src=\"https:\/\/www.rengoenlanoticia.cl\/prensa\/wp-content\/uploads\/2025\/09\/Raices-del-Poblado-Peumo-4-1024x768.jpeg\" alt=\"\" class=\"wp-image-5720\" srcset=\"https:\/\/www.rengoenlanoticia.cl\/prensa\/wp-content\/uploads\/2025\/09\/Raices-del-Poblado-Peumo-4-1024x768.jpeg 1024w, https:\/\/www.rengoenlanoticia.cl\/prensa\/wp-content\/uploads\/2025\/09\/Raices-del-Poblado-Peumo-4-300x225.jpeg 300w, https:\/\/www.rengoenlanoticia.cl\/prensa\/wp-content\/uploads\/2025\/09\/Raices-del-Poblado-Peumo-4-768x576.jpeg 768w, https:\/\/www.rengoenlanoticia.cl\/prensa\/wp-content\/uploads\/2025\/09\/Raices-del-Poblado-Peumo-4-1536x1152.jpeg 1536w, https:\/\/www.rengoenlanoticia.cl\/prensa\/wp-content\/uploads\/2025\/09\/Raices-del-Poblado-Peumo-4-110x83.jpeg 110w, https:\/\/www.rengoenlanoticia.cl\/prensa\/wp-content\/uploads\/2025\/09\/Raices-del-Poblado-Peumo-4-200x150.jpeg 200w, https:\/\/www.rengoenlanoticia.cl\/prensa\/wp-content\/uploads\/2025\/09\/Raices-del-Poblado-Peumo-4-380x285.jpeg 380w, https:\/\/www.rengoenlanoticia.cl\/prensa\/wp-content\/uploads\/2025\/09\/Raices-del-Poblado-Peumo-4-255x191.jpeg 255w, https:\/\/www.rengoenlanoticia.cl\/prensa\/wp-content\/uploads\/2025\/09\/Raices-del-Poblado-Peumo-4-550x413.jpeg 550w, https:\/\/www.rengoenlanoticia.cl\/prensa\/wp-content\/uploads\/2025\/09\/Raices-del-Poblado-Peumo-4-800x600.jpeg 800w, https:\/\/www.rengoenlanoticia.cl\/prensa\/wp-content\/uploads\/2025\/09\/Raices-del-Poblado-Peumo-4-1160x870.jpeg 1160w, https:\/\/www.rengoenlanoticia.cl\/prensa\/wp-content\/uploads\/2025\/09\/Raices-del-Poblado-Peumo-4.jpeg 1600w\" sizes=\"auto, (max-width: 1024px) 100vw, 1024px\" \/><\/figure>\n\n\n\n<p>Mat\u00edas, de sexto b\u00e1sico, se\u00f1al\u00f3 estar contento porque \u201cnos van a dar unos arbolitos para plantarlos, para que crezcan y den sombra, con el compromiso de parte nuestra de protegerlos\u201d. Su compa\u00f1ero Tom\u00e1s agreg\u00f3 que \u201chace bien que planten \u00e1rboles, porque hace que nosotros los cuidemos y que den sombra y ox\u00edgeno tambi\u00e9n\u201d.<\/p>\n\n\n\n<p>Oscar Galdames destac\u00f3 que \u201cel objetivo fundamental es, primero, llegar a la comunidad y mejorar la calidad de vida de los habitantes, con peque\u00f1os gestos, como lo es la plantaci\u00f3n de \u00e1rboles nativos, que permitir\u00e1n tambi\u00e9n, a su vez, establecer un compromiso con la comunidad, una corresponsabilidad, porque ellos son quienes continuar\u00e1n con el resguardo, el cuidado de estos \u00e1rboles\u201d.<\/p>\n\n\n\n<p>Durante la ceremonia que marc\u00f3 el hito de plantaci\u00f3n y la firma del compromiso de cuidado de los \u00e1rboles, fue reconocido el club de los \u201cForjadores Ambientales\u201d, integrado por estudiantes del establecimiento educacional quienes son los encargados de sensibilizar a la comunidad educativa sobre la importancia del cuidado del medio ambiente, valorando y amando la naturaleza.&nbsp;<\/p>\n","protected":false},"excerpt":{"rendered":"En la oportunidad se entreg\u00f3 un reconocimiento al club de los \u201cForjadores Ambientales\u201d, cuyos integrantes son los encargados&hellip;\n","protected":false},"author":1,"featured_media":5719,"comment_status":"open","ping_status":"open","sticky":false,"template":"","format":"standard","meta":{"_monsterinsights_skip_tracking":false,"_monsterinsights_sitenote_active":false,"_monsterinsights_sitenote_note":"","_monsterinsights_sitenote_category":0,"footnotes":""},"categories":[8],"tags":[],"class_list":{"0":"post-5713","1":"post","2":"type-post","3":"status-publish","4":"format-standard","5":"has-post-thumbnail","7":"category-portada"},"aioseo_notices":[],"_links":{"self":[{"href":"https:\/\/www.rengoenlanoticia.cl\/prensa\/wp-json\/wp\/v2\/posts\/5713","targetHints":{"allow":["GET"]}}],"collection":[{"href":"https:\/\/www.rengoenlanoticia.cl\/prensa\/wp-json\/wp\/v2\/posts"}],"about":[{"href":"https:\/\/www.rengoenlanoticia.cl\/prensa\/wp-json\/wp\/v2\/types\/post"}],"author":[{"embeddable":true,"href":"https:\/\/www.rengoenlanoticia.cl\/prensa\/wp-json\/wp\/v2\/users\/1"}],"replies":[{"embeddable":true,"href":"https:\/\/www.rengoenlanoticia.cl\/prensa\/wp-json\/wp\/v2\/comments?post=5713"}],"version-history":[{"count":3,"href":"https:\/\/www.rengoenlanoticia.cl\/prensa\/wp-json\/wp\/v2\/posts\/5713\/revisions"}],"predecessor-version":[{"id":5733,"href":"https:\/\/www.rengoenlanoticia.cl\/prensa\/wp-json\/wp\/v2\/posts\/5713\/revisions\/5733"}],"wp:featuredmedia":[{"embeddable":true,"href":"https:\/\/www.rengoenlanoticia.cl\/prensa\/wp-json\/wp\/v2\/media\/5719"}],"wp:attachment":[{"href":"https:\/\/www.rengoenlanoticia.cl\/prensa\/wp-json\/wp\/v2\/media?parent=5713"}],"wp:term":[{"taxonomy":"category","embeddable":true,"href":"https:\/\/www.rengoenlanoticia.cl\/prensa\/wp-json\/wp\/v2\/categories?post=5713"},{"taxonomy":"post_tag","embeddable":true,"href":"https:\/\/www.rengoenlanoticia.cl\/prensa\/wp-json\/wp\/v2\/tags?post=5713"}],"curies":[{"name":"wp","href":"https:\/\/api.w.org\/{rel}","templated":true}]}}