{"id":5703,"date":"2025-09-03T02:14:13","date_gmt":"2025-09-03T02:14:13","guid":{"rendered":"https:\/\/www.rengoenlanoticia.cl\/prensa\/?p=5703"},"modified":"2025-09-03T02:14:16","modified_gmt":"2025-09-03T02:14:16","slug":"impulsa-ohiggins-fortalece-cerro-con-exito-tres-encuentros-internacionales-que-potenciaron-el-turismo-la-agricultura-y-la-mineria-sostenible-en-la-region","status":"publish","type":"post","link":"https:\/\/www.rengoenlanoticia.cl\/prensa\/2025\/09\/03\/impulsa-ohiggins-fortalece-cerro-con-exito-tres-encuentros-internacionales-que-potenciaron-el-turismo-la-agricultura-y-la-mineria-sostenible-en-la-region\/","title":{"rendered":"Impulsa O\u2019Higgins Fortalece cerr\u00f3 con \u00e9xito tres encuentros internacionales que potenciaron el turismo, la agricultura y la miner\u00eda sostenible en la regi\u00f3n"},"content":{"rendered":"\n<p><strong>El programa ejecutado por la organizaci\u00f3n privada Corporaci\u00f3n Pro O\u2019Higgins, pertenece a la l\u00ednea Viraliza de Corfo, el cual reuni\u00f3 a m\u00e1s de 500 asistentes y 21 expositores nacionales e internacionales en tres encuentros que recorrieron las provincias de la regi\u00f3n, aportando tendencias, conocimientos y experiencias en sectores clave para el desarrollo productivo sostenible.<\/strong><\/p>\n\n\n\n<p>La regi\u00f3n de O\u2019Higgins vivi\u00f3 durante este a\u00f1o un recorrido de conversaciones, aprendizajes y v\u00ednculos gracias a una iniciativa apoyada por Corfo, a trav\u00e9s del Comit\u00e9 de Desarrollo Productivo Regional y ejecutado por el programa <strong>Impulsa O\u2019Higgins Fortalece<\/strong> implementado por <strong>Corporaci\u00f3n Pro O\u2019Higgins<\/strong>.<\/p>\n\n\n\n<p>El programa contempl\u00f3 <strong>tres eventos internacionales en las provincias de Cardenal Caro, Colchagua y Cachapoal<\/strong>, con el prop\u00f3sito de instalar nuevas miradas y oportunidades en torno a la <strong>vocaci\u00f3n productiva de cada territorio<\/strong>.<\/p>\n\n\n\n<p>En total, los encuentros congregaron a <strong>518 asistentes<\/strong> y a <strong>21 expositores nacionales e internacionales<\/strong>, quienes compartieron sus conocimientos en turismo naranja, agricultura inteligente y miner\u00eda de bajo impacto. La iniciativa fue posible gracias al trabajo colaborativo entre instituciones p\u00fablicas y privadas de la regi\u00f3n, y al esfuerzo conjunto de Corfo y Pro O\u2019Higgins por activar el ecosistema productivo regional.<\/p>\n\n\n\n<p><strong>Turismo Naranja e Industrias Creativas: O\u2019Higgins sin fronteras<\/strong><\/p>\n\n\n\n<figure class=\"wp-block-image size-full\"><img loading=\"lazy\" decoding=\"async\" width=\"1024\" height=\"683\" src=\"https:\/\/www.rengoenlanoticia.cl\/prensa\/wp-content\/uploads\/2025\/09\/Foto-1.jpg\" alt=\"\" class=\"wp-image-5704\" srcset=\"https:\/\/www.rengoenlanoticia.cl\/prensa\/wp-content\/uploads\/2025\/09\/Foto-1.jpg 1024w, https:\/\/www.rengoenlanoticia.cl\/prensa\/wp-content\/uploads\/2025\/09\/Foto-1-300x200.jpg 300w, https:\/\/www.rengoenlanoticia.cl\/prensa\/wp-content\/uploads\/2025\/09\/Foto-1-768x512.jpg 768w, https:\/\/www.rengoenlanoticia.cl\/prensa\/wp-content\/uploads\/2025\/09\/Foto-1-110x73.jpg 110w, https:\/\/www.rengoenlanoticia.cl\/prensa\/wp-content\/uploads\/2025\/09\/Foto-1-200x133.jpg 200w, https:\/\/www.rengoenlanoticia.cl\/prensa\/wp-content\/uploads\/2025\/09\/Foto-1-380x253.jpg 380w, https:\/\/www.rengoenlanoticia.cl\/prensa\/wp-content\/uploads\/2025\/09\/Foto-1-255x170.jpg 255w, https:\/\/www.rengoenlanoticia.cl\/prensa\/wp-content\/uploads\/2025\/09\/Foto-1-550x367.jpg 550w, https:\/\/www.rengoenlanoticia.cl\/prensa\/wp-content\/uploads\/2025\/09\/Foto-1-800x534.jpg 800w\" sizes=\"auto, (max-width: 1024px) 100vw, 1024px\" \/><\/figure>\n\n\n\n<p>El primer evento internacional del ciclo tuvo lugar en la comuna de <strong>Pichilemu, provincia de Cardenal Caro<\/strong>, bajo el lema <em>\u201cO\u2019Higgins sin Fronteras: creatividad, cultura y turismo\u201d<\/em>. All\u00ed se abri\u00f3 la conversaci\u00f3n en torno al turismo naranja, una tendencia que busca integrar la creatividad, la cultura y las tradiciones locales como motor de diferenciaci\u00f3n y atractivo para los visitantes.<\/p>\n\n\n\n<p>La jornada cont\u00f3 con la presencia de destacados expositores como: Mauricio Cifuentes, Gerente del Programa Chile Creativo de Corfo; Pamela Villagra, Directora de la Cooperativa Ruta de los Abastos; Alexandra Gar\u00edn, Gerente del Programa Estrat\u00e9gico Regional Valpara\u00edso Creativo de Corfo; Sergio Ossa, profesional de la Potenciadora de Negocios IncubatecUFRO y Paulo Carvajal, expositor internacional, Fundador y CDO de B\u00e1sica, socio de Corporaci\u00f3n Art Music y CoCreador de ConjugARTE, Colombia.<\/p>\n\n\n\n<p>El encuentro permiti\u00f3 a emprendedores del rubro tur\u00edstico de O\u2019Higgins descubrir nuevas formas de potenciar sus negocios a trav\u00e9s de la creatividad, fortaleciendo as\u00ed una oferta regional m\u00e1s diversa, aut\u00e9ntica y competitiva.<\/p>\n\n\n\n<p><strong>Agricultura Inteligente y Sostenible: herramientas para el agro del futuro<\/strong><\/p>\n\n\n\n<figure class=\"wp-block-image size-full\"><img loading=\"lazy\" decoding=\"async\" width=\"1024\" height=\"536\" src=\"https:\/\/www.rengoenlanoticia.cl\/prensa\/wp-content\/uploads\/2025\/09\/Foto-2.jpeg\" alt=\"\" class=\"wp-image-5705\" srcset=\"https:\/\/www.rengoenlanoticia.cl\/prensa\/wp-content\/uploads\/2025\/09\/Foto-2.jpeg 1024w, https:\/\/www.rengoenlanoticia.cl\/prensa\/wp-content\/uploads\/2025\/09\/Foto-2-300x157.jpeg 300w, https:\/\/www.rengoenlanoticia.cl\/prensa\/wp-content\/uploads\/2025\/09\/Foto-2-768x402.jpeg 768w, https:\/\/www.rengoenlanoticia.cl\/prensa\/wp-content\/uploads\/2025\/09\/Foto-2-110x58.jpeg 110w, https:\/\/www.rengoenlanoticia.cl\/prensa\/wp-content\/uploads\/2025\/09\/Foto-2-200x105.jpeg 200w, https:\/\/www.rengoenlanoticia.cl\/prensa\/wp-content\/uploads\/2025\/09\/Foto-2-380x199.jpeg 380w, https:\/\/www.rengoenlanoticia.cl\/prensa\/wp-content\/uploads\/2025\/09\/Foto-2-255x133.jpeg 255w, https:\/\/www.rengoenlanoticia.cl\/prensa\/wp-content\/uploads\/2025\/09\/Foto-2-550x288.jpeg 550w, https:\/\/www.rengoenlanoticia.cl\/prensa\/wp-content\/uploads\/2025\/09\/Foto-2-800x419.jpeg 800w\" sizes=\"auto, (max-width: 1024px) 100vw, 1024px\" \/><\/figure>\n\n\n\n<p>El segundo encuentro se realiz\u00f3 en la comuna de <strong>San Fernando, provincia de Colchagua<\/strong>, con el <strong>AGROEVENTO<\/strong> dedicado a la <strong>agricultura inteligente y sostenible<\/strong>. En un contexto donde la eficiencia h\u00eddrica, la innovaci\u00f3n tecnol\u00f3gica y la sostenibilidad son claves para la competitividad del sector, la jornada reuni\u00f3 a especialistas, productores y empresas ligadas al agro regional.<\/p>\n\n\n\n<p>Los expositores que participaron fueron: Mauricio Calder\u00f3n, Coordinador Agron\u00f3mico y de Desarrollo de Productos en Olivos Riego; Rodrigo Venegas, Subgerente T\u00e9cnico en Copeval; Rodrigo Barr\u00eda, Gerente Agr\u00edcola en Vi\u00f1a Montes; Claudia Stange, acad\u00e9mica de la Universidad de Chile y F\u00e9lix Tarrats, expositor internacional, Director del centro mexicano CEICKOR.<\/p>\n\n\n\n<p>El evento permiti\u00f3 viralizar informaci\u00f3n clave y entregar herramientas pr\u00e1cticas a agricultores, t\u00e9cnicos y empresas, marcando un punto de encuentro entre la tradici\u00f3n agr\u00edcola de O\u2019Higgins y las exigencias de un agro moderno y sostenible.<\/p>\n\n\n\n<p><strong>Miner\u00eda de Bajo Impacto: sostenibilidad y oportunidades para proveedores<\/strong><\/p>\n\n\n\n<figure class=\"wp-block-image size-full\"><img loading=\"lazy\" decoding=\"async\" width=\"1024\" height=\"682\" src=\"https:\/\/www.rengoenlanoticia.cl\/prensa\/wp-content\/uploads\/2025\/09\/Foto-3.jpg\" alt=\"\" class=\"wp-image-5706\" srcset=\"https:\/\/www.rengoenlanoticia.cl\/prensa\/wp-content\/uploads\/2025\/09\/Foto-3.jpg 1024w, https:\/\/www.rengoenlanoticia.cl\/prensa\/wp-content\/uploads\/2025\/09\/Foto-3-300x200.jpg 300w, https:\/\/www.rengoenlanoticia.cl\/prensa\/wp-content\/uploads\/2025\/09\/Foto-3-768x512.jpg 768w, https:\/\/www.rengoenlanoticia.cl\/prensa\/wp-content\/uploads\/2025\/09\/Foto-3-110x73.jpg 110w, https:\/\/www.rengoenlanoticia.cl\/prensa\/wp-content\/uploads\/2025\/09\/Foto-3-200x133.jpg 200w, https:\/\/www.rengoenlanoticia.cl\/prensa\/wp-content\/uploads\/2025\/09\/Foto-3-380x253.jpg 380w, https:\/\/www.rengoenlanoticia.cl\/prensa\/wp-content\/uploads\/2025\/09\/Foto-3-255x170.jpg 255w, https:\/\/www.rengoenlanoticia.cl\/prensa\/wp-content\/uploads\/2025\/09\/Foto-3-550x366.jpg 550w, https:\/\/www.rengoenlanoticia.cl\/prensa\/wp-content\/uploads\/2025\/09\/Foto-3-800x533.jpg 800w\" sizes=\"auto, (max-width: 1024px) 100vw, 1024px\" \/><\/figure>\n\n\n\n<p>El ciclo culmin\u00f3 en la comuna de <strong>Machal\u00ed, provincia de Cachapoal<\/strong>, con un encuentro enfocado en <strong>miner\u00eda de bajo impacto<\/strong> y el potencial de desarrollo de un ecosistema de proveedores sostenibles. El evento, que cont\u00f3 con el patrocinio de <strong>APRIMIN<\/strong>, busc\u00f3 abrir el di\u00e1logo sobre buenas pr\u00e1cticas que aborden brechas y desaf\u00edos en relaci\u00f3n con la eficiencia de los procesos, manejo de residuos, econom\u00eda circular y vinculaci\u00f3n territorial.<\/p>\n\n\n\n<p>Los expositores invitados fueron: V\u00edctor P\u00e9rez, Profesor de Miner\u00eda en la Facultad de Ingenier\u00eda y Ciencias de la Universidad Adolfo Ib\u00e1\u00f1ez; \u00c1ntiza Vladilo, L\u00edder de Desarrollo Local y Proveedores en Corporaci\u00f3n Alta Ley; Blas Sanhueza V\u00e1squez, Ingeniero de Proyectos e Innovaci\u00f3n Arrigoni Ambiental NFU; Stephanie S\u04e7ffge G\u00fcemes, Jefa de Administraci\u00f3n en CMF Ecomet; Jorge Bravo, Gerente de Estudios y Proyectos de APRIMIN; Dustin Angelo, expositor internacional, Presidente y Cofundador de Novamera Inc. (Canad\u00e1); adem\u00e1s participaron tres emprendedores sostenibles de la miner\u00eda: Tom\u00e1s Troncoso, de Geosupport S.A.; Javier Ruiz Abarca, de TwinViz y Sergio Arias, con la presentaci\u00f3n <em>KEPLER.<\/em><\/p>\n\n\n\n<p>El encuentro gener\u00f3 un espacio de reflexi\u00f3n sobre las oportunidades que este sector abre para emprendedores, pymes y proveedores regionales.<\/p>\n\n\n\n<p><strong>Braulio Guzm\u00e1n, gerente general de Corporaci\u00f3n Pro O\u2019Higgins, valor\u00f3 la experiencia y el trabajo colaborativo alcanzado: <\/strong><em>\u201cEstamos muy satisfechos de la manera en que concluimos esta serie de encuentros que nos permitieron visibilizar opciones, oportunidades y desaf\u00edos para los sectores productivos m\u00e1s relevantes de la regi\u00f3n de O\u2019Higgins. Partimos en Pichilemu, donde abrimos la puerta al turismo naranja; luego llegamos a San Fernando, conversando sobre agricultura inteligente y c\u00f3mo la incorporaci\u00f3n de tecnolog\u00edas permite ser m\u00e1s productivos; y cerramos con miner\u00eda de bajo impacto, que demuestra c\u00f3mo la sostenibilidad abre un abanico de oportunidades para proveedores y emprendedores innovadores. Todo esto ha sido posible gracias al esfuerzo conjunto entre el mundo p\u00fablico y privado, que nos permiti\u00f3 llevar a distintas comunas eventos de alto nivel y con gran capacidad de convocatoria, acercando tendencias y aprendizajes globales al desarrollo regional.\u201d<\/em><strong><\/strong><\/p>\n\n\n\n<p>Por su parte, <strong>\u00d3scar \u00c1vila, director regional de Corfo O\u2019Higgins<\/strong>, se\u00f1al\u00f3: <em>\u201c<\/em><em>el Comit\u00e9 de Desarrollo Productivo Regional de O\u2019Higgins, ha sido una instancia clave para fortalecer la descentralizaci\u00f3n, dinamizar la econom\u00eda y reducir brechas territoriales. En ese contexto y comprometidos con los ejes de desarrollo productivo de la regi\u00f3n, es que se pudieron realizar estos 3 eventos internacionales que hicimos con Pro O\u2019Higgins sobre turismo e industria creativa, agricultura inteligente y cerramos este ciclo con la posibilidad de activar nuestros ecosistemas con el sector de la miner\u00eda\u201d.<\/em><\/p>\n\n\n\n<p><strong>Un modelo de colaboraci\u00f3n regional<\/strong><\/p>\n\n\n\n<p>El programa cont\u00f3 con el apoyo de instituciones que se sumaron a las convocatorias y al trabajo colaborativo: Codelco Divisi\u00f3n El Teniente, MUNDO, Copeval, Olivos Riego, Horticrece, INIA Rayentu\u00e9, Vi\u00f1as de Colchagua, FIA, Kinsa Partner, Sim\u00f3n de Cirene, Centros de Desarrollo de Negocios de Rancagua, San Fernando y Santa Cruz, Wedo Cowork, En Modo Emprendedor, IncubatecUfro, adem\u00e1s de las municipalidades de Pichilemu y Navidad.<\/p>\n\n\n\n<p>Gracias a esta articulaci\u00f3n, el programa Impulsa O\u2019Higgins Fortalece no s\u00f3lo logr\u00f3 ejecutar tres encuentros internacionales de alto nivel, sino que tambi\u00e9n instal\u00f3 en la regi\u00f3n nuevas conversaciones sobre el futuro del turismo, la agricultura y la miner\u00eda.<\/p>\n\n\n\n<p>Con esta iniciativa, la regi\u00f3n de O\u2019Higgins avanza hacia un modelo de desarrollo m\u00e1s descentralizado, innovador y sostenible, donde la creatividad, la eficiencia tecnol\u00f3gica y la sustentabilidad se convierten en pilares para su crecimiento.<\/p>\n\n\n\n<p>M\u00e1s informaci\u00f3n en <a href=\"http:\/\/www.pro-ohiggins.cl\"><strong>www.pro-ohiggins.cl<\/strong><\/a><\/p>\n","protected":false},"excerpt":{"rendered":"El programa ejecutado por la organizaci\u00f3n privada Corporaci\u00f3n Pro O\u2019Higgins, pertenece a la l\u00ednea Viraliza de Corfo, el&hellip;\n","protected":false},"author":1,"featured_media":5704,"comment_status":"open","ping_status":"open","sticky":false,"template":"","format":"standard","meta":{"_monsterinsights_skip_tracking":false,"_monsterinsights_sitenote_active":false,"_monsterinsights_sitenote_note":"","_monsterinsights_sitenote_category":0,"footnotes":""},"categories":[8],"tags":[],"class_list":{"0":"post-5703","1":"post","2":"type-post","3":"status-publish","4":"format-standard","5":"has-post-thumbnail","7":"category-portada"},"aioseo_notices":[],"_links":{"self":[{"href":"https:\/\/www.rengoenlanoticia.cl\/prensa\/wp-json\/wp\/v2\/posts\/5703","targetHints":{"allow":["GET"]}}],"collection":[{"href":"https:\/\/www.rengoenlanoticia.cl\/prensa\/wp-json\/wp\/v2\/posts"}],"about":[{"href":"https:\/\/www.rengoenlanoticia.cl\/prensa\/wp-json\/wp\/v2\/types\/post"}],"author":[{"embeddable":true,"href":"https:\/\/www.rengoenlanoticia.cl\/prensa\/wp-json\/wp\/v2\/users\/1"}],"replies":[{"embeddable":true,"href":"https:\/\/www.rengoenlanoticia.cl\/prensa\/wp-json\/wp\/v2\/comments?post=5703"}],"version-history":[{"count":3,"href":"https:\/\/www.rengoenlanoticia.cl\/prensa\/wp-json\/wp\/v2\/posts\/5703\/revisions"}],"predecessor-version":[{"id":5710,"href":"https:\/\/www.rengoenlanoticia.cl\/prensa\/wp-json\/wp\/v2\/posts\/5703\/revisions\/5710"}],"wp:featuredmedia":[{"embeddable":true,"href":"https:\/\/www.rengoenlanoticia.cl\/prensa\/wp-json\/wp\/v2\/media\/5704"}],"wp:attachment":[{"href":"https:\/\/www.rengoenlanoticia.cl\/prensa\/wp-json\/wp\/v2\/media?parent=5703"}],"wp:term":[{"taxonomy":"category","embeddable":true,"href":"https:\/\/www.rengoenlanoticia.cl\/prensa\/wp-json\/wp\/v2\/categories?post=5703"},{"taxonomy":"post_tag","embeddable":true,"href":"https:\/\/www.rengoenlanoticia.cl\/prensa\/wp-json\/wp\/v2\/tags?post=5703"}],"curies":[{"name":"wp","href":"https:\/\/api.w.org\/{rel}","templated":true}]}}