{"id":5697,"date":"2025-09-03T02:07:41","date_gmt":"2025-09-03T02:07:41","guid":{"rendered":"https:\/\/www.rengoenlanoticia.cl\/prensa\/?p=5697"},"modified":"2025-09-03T02:07:43","modified_gmt":"2025-09-03T02:07:43","slug":"mineduc-habilita-novedosa-plataforma-digital-para-fortalecer-trayectorias-educativas-en-estudiantes-de-la-region","status":"publish","type":"post","link":"https:\/\/www.rengoenlanoticia.cl\/prensa\/2025\/09\/03\/mineduc-habilita-novedosa-plataforma-digital-para-fortalecer-trayectorias-educativas-en-estudiantes-de-la-region\/","title":{"rendered":"MINEDUC habilita novedosa plataforma digital para fortalecer trayectorias educativas en estudiantes de la regi\u00f3n"},"content":{"rendered":"\n<p><em>Se trata de \u201cChile Presente\u201d, iniciativa desarrollada por el Ministerio de Educaci\u00f3n en conjunto con el Banco Interamericano de Desarrollo que re\u00fane datos e informaci\u00f3n detallada de estudiantes para la protecci\u00f3n de su trayectoria educativa.<\/em><\/p>\n\n\n\n<p><em>En O\u00b4Higgins, ya se han realizado las capacitaciones para el uso de esta tecnolog\u00eda en las provincias de Cachapoal y Colchagua, restando solamente Cardenal Caro que ser\u00e1 ejecutada durante la semana en curso.<\/em><\/p>\n\n\n\n<p>&nbsp;\u201cChile Presente: Protegiendo las Trayectorias Educativas\u201d es una nueva modernizaci\u00f3n impulsada desde el MINEDUC para la implementaci\u00f3n de una plataforma&nbsp; digital que re\u00fane informaci\u00f3n de m\u00e1s de 3 millones de estudiantes del pa\u00eds, aportada por la Agencia de la Calidad, Superintendencia de Educaci\u00f3n y JUNAEB.<\/p>\n\n\n\n<figure class=\"wp-block-image size-large\"><img loading=\"lazy\" decoding=\"async\" width=\"1024\" height=\"722\" src=\"https:\/\/www.rengoenlanoticia.cl\/prensa\/wp-content\/uploads\/2025\/09\/chile-pte-colchagua-3-1024x722.jpeg\" alt=\"\" class=\"wp-image-5699\" srcset=\"https:\/\/www.rengoenlanoticia.cl\/prensa\/wp-content\/uploads\/2025\/09\/chile-pte-colchagua-3-1024x722.jpeg 1024w, https:\/\/www.rengoenlanoticia.cl\/prensa\/wp-content\/uploads\/2025\/09\/chile-pte-colchagua-3-300x212.jpeg 300w, https:\/\/www.rengoenlanoticia.cl\/prensa\/wp-content\/uploads\/2025\/09\/chile-pte-colchagua-3-768x541.jpeg 768w, https:\/\/www.rengoenlanoticia.cl\/prensa\/wp-content\/uploads\/2025\/09\/chile-pte-colchagua-3-110x78.jpeg 110w, https:\/\/www.rengoenlanoticia.cl\/prensa\/wp-content\/uploads\/2025\/09\/chile-pte-colchagua-3-200x141.jpeg 200w, https:\/\/www.rengoenlanoticia.cl\/prensa\/wp-content\/uploads\/2025\/09\/chile-pte-colchagua-3-380x268.jpeg 380w, https:\/\/www.rengoenlanoticia.cl\/prensa\/wp-content\/uploads\/2025\/09\/chile-pte-colchagua-3-255x180.jpeg 255w, https:\/\/www.rengoenlanoticia.cl\/prensa\/wp-content\/uploads\/2025\/09\/chile-pte-colchagua-3-550x388.jpeg 550w, https:\/\/www.rengoenlanoticia.cl\/prensa\/wp-content\/uploads\/2025\/09\/chile-pte-colchagua-3-800x564.jpeg 800w, https:\/\/www.rengoenlanoticia.cl\/prensa\/wp-content\/uploads\/2025\/09\/chile-pte-colchagua-3-1160x818.jpeg 1160w, https:\/\/www.rengoenlanoticia.cl\/prensa\/wp-content\/uploads\/2025\/09\/chile-pte-colchagua-3.jpeg 1200w\" sizes=\"auto, (max-width: 1024px) 100vw, 1024px\" \/><\/figure>\n\n\n\n<p>La seremi de Educaci\u00f3n, Alyson Hadad, anunci\u00f3:<\/p>\n\n\n\n<p>\u201cEsta plataforma del Chile Presente fue pensada para monitorear el recorrido educativo y asistencia de nuestras y nuestros estudiantes de 79 establecimientos educacionales que reciben financiamiento estatal y podr\u00e1 ser usada por profesores jefes, equipos directivos, encargadas\/os de Convivencia, sostenedores y revinculadores, quienes con su Clave \u00danica ingresar para visualizar dichos datos\u201d, inform\u00f3 la m\u00e1xima autoridad de Educaci\u00f3n en O\u00b4Higgins.<\/p>\n\n\n\n<p>La plataforma <a href=\"https:\/\/chilepresente.mineduc.cl\/index.html\">https:\/\/chilepresente.mineduc.cl\/index.html<\/a> permitir\u00e1 a las comunidades educativas gestionar de mejor manera la asistencia a clases, permanencia y revinculaci\u00f3n con el prop\u00f3sito de anticipar y abordar la interrupci\u00f3n de trayectorias educativas como posibles factores de riesgo.<\/p>\n","protected":false},"excerpt":{"rendered":"Se trata de \u201cChile Presente\u201d, iniciativa desarrollada por el Ministerio de Educaci\u00f3n en conjunto con el Banco Interamericano&hellip;\n","protected":false},"author":1,"featured_media":5698,"comment_status":"open","ping_status":"open","sticky":false,"template":"","format":"standard","meta":{"_monsterinsights_skip_tracking":false,"_monsterinsights_sitenote_active":false,"_monsterinsights_sitenote_note":"","_monsterinsights_sitenote_category":0,"footnotes":""},"categories":[8],"tags":[],"class_list":{"0":"post-5697","1":"post","2":"type-post","3":"status-publish","4":"format-standard","5":"has-post-thumbnail","7":"category-portada"},"aioseo_notices":[],"_links":{"self":[{"href":"https:\/\/www.rengoenlanoticia.cl\/prensa\/wp-json\/wp\/v2\/posts\/5697","targetHints":{"allow":["GET"]}}],"collection":[{"href":"https:\/\/www.rengoenlanoticia.cl\/prensa\/wp-json\/wp\/v2\/posts"}],"about":[{"href":"https:\/\/www.rengoenlanoticia.cl\/prensa\/wp-json\/wp\/v2\/types\/post"}],"author":[{"embeddable":true,"href":"https:\/\/www.rengoenlanoticia.cl\/prensa\/wp-json\/wp\/v2\/users\/1"}],"replies":[{"embeddable":true,"href":"https:\/\/www.rengoenlanoticia.cl\/prensa\/wp-json\/wp\/v2\/comments?post=5697"}],"version-history":[{"count":3,"href":"https:\/\/www.rengoenlanoticia.cl\/prensa\/wp-json\/wp\/v2\/posts\/5697\/revisions"}],"predecessor-version":[{"id":5702,"href":"https:\/\/www.rengoenlanoticia.cl\/prensa\/wp-json\/wp\/v2\/posts\/5697\/revisions\/5702"}],"wp:featuredmedia":[{"embeddable":true,"href":"https:\/\/www.rengoenlanoticia.cl\/prensa\/wp-json\/wp\/v2\/media\/5698"}],"wp:attachment":[{"href":"https:\/\/www.rengoenlanoticia.cl\/prensa\/wp-json\/wp\/v2\/media?parent=5697"}],"wp:term":[{"taxonomy":"category","embeddable":true,"href":"https:\/\/www.rengoenlanoticia.cl\/prensa\/wp-json\/wp\/v2\/categories?post=5697"},{"taxonomy":"post_tag","embeddable":true,"href":"https:\/\/www.rengoenlanoticia.cl\/prensa\/wp-json\/wp\/v2\/tags?post=5697"}],"curies":[{"name":"wp","href":"https:\/\/api.w.org\/{rel}","templated":true}]}}