{"id":5683,"date":"2025-09-03T01:52:23","date_gmt":"2025-09-03T01:52:23","guid":{"rendered":"https:\/\/www.rengoenlanoticia.cl\/prensa\/?p=5683"},"modified":"2025-09-03T01:52:25","modified_gmt":"2025-09-03T01:52:25","slug":"ipsos-preocupacion-por-inflacion-cae-casi-ocho-puntos-en-chile","status":"publish","type":"post","link":"https:\/\/www.rengoenlanoticia.cl\/prensa\/2025\/09\/03\/ipsos-preocupacion-por-inflacion-cae-casi-ocho-puntos-en-chile\/","title":{"rendered":"Ipsos: Preocupaci\u00f3n por inflaci\u00f3n cae casi ocho puntos en Chile"},"content":{"rendered":"\n<p><strong>Adem\u00e1s, un 35% de los encuestados ve con optimismo la situaci\u00f3n econ\u00f3mica, lo que representa un aumento de cuatro puntos en relaci\u00f3n con el mes anterior.<\/strong><\/p>\n\n\n\n<p>&nbsp;La empresa l\u00edder de investigaci\u00f3n de mercados Ipsos lanz\u00f3 su informe mensual \u201cWhat Worries the World?\u201d (Preocupaciones del Mundo), que recogi\u00f3 la percepci\u00f3n de alrededor de 25 mil personas en 30 pa\u00edses sobre los temas que generan mayor inquietud en la ciudadan\u00eda.<strong><\/strong><\/p>\n\n\n\n<p>A nivel global, el 32% de las personas menciona el \u201ccrimen y la violencia\u201d como su principal preocupaci\u00f3n. En Am\u00e9rica Latina, esta cifra asciende al 52%, mientras que en Chile alcanza el 64%. Cinco de los seis pa\u00edses medidos de la regi\u00f3n sit\u00faan este tema como su principal preocupaci\u00f3n, junto con Suecia (64%) y Francia (38%).<\/p>\n\n\n\n<p>Jean-Christophe Salles, CEO de Ipsos LATAM, analiza \u201cpara explicar que, en pa\u00edses con tasas de homicidio muy bajas la inquietud por el crimen y la violencia tambi\u00e9n encabece las preocupaciones ciudadanas, puede deberse al <em>shock<\/em> de un deterioro r\u00e1pido o a la importaci\u00f3n de una violencia que antes era impensable, como ocurre en Chile, Per\u00fa e incluso Suecia\u201d.<\/p>\n\n\n\n<p>En segundo lugar, la \u201cinflaci\u00f3n\u201d es mencionada por un 30% a escala mundial y por un 25% en la regi\u00f3n. En el caso chileno, la inquietud por este tema llega al 20%, lo que representa la ca\u00edda m\u00e1s significativa respecto al mes anterior, con una baja de ocho puntos. En comparaci\u00f3n con agosto del a\u00f1o pasado, la disminuci\u00f3n es de 11 puntos.<\/p>\n\n\n\n<p>La \u201cpobreza y desigualdad social\u201d ocupa la tercera posici\u00f3n a nivel internacional, con un 29%. En el contexto latinoamericano, alcanza el 35%, siendo Argentina (43%) y Per\u00fa (38%) los pa\u00edses con mayores niveles. Chile, en tanto, registra un 26%.<\/p>\n\n\n\n<p>El \u201cdesempleo\u201d preocupa al 28% de los encuestados a nivel mundial. Este valor es ocho puntos menor al promedio regional (36%) y 10 por debajo del porcentaje observado en el pa\u00eds (38%). Este nivel de inquietud registrado en Chile por el desempleo es el m\u00e1s alto desde noviembre de 2020, cuando fue de 43%, en plena crisis global por la pandemia de Covid-19.<\/p>\n\n\n\n<p><strong>Evaluaci\u00f3n nacional<\/strong><\/p>\n\n\n\n<p>El porcentaje de personas que considera que la situaci\u00f3n en Chile avanza en la direcci\u00f3n correcta lleg\u00f3 al 33%, con un aumento de dos puntos porcentuales respecto al mes anterior. Por otro lado, quienes creen que el pa\u00eds sigue un rumbo equivocado representan el 67%.<\/p>\n\n\n\n<p>En cuanto a la percepci\u00f3n econ\u00f3mica, se observa un repunte de cuatro puntos porcentuales en comparaci\u00f3n con el mes pasado, con un 35% de los encuestados que eval\u00faa la situaci\u00f3n econ\u00f3mica del pa\u00eds como buena. En contraste, el 65% la eval\u00faa de manera negativa.<\/p>\n\n\n\n<p>En una perspectiva de largo plazo, esta es la evaluaci\u00f3n m\u00e1s positiva sobre la econom\u00eda del pa\u00eds durante todo el mandato del actual gobierno. La \u00faltima vez que se super\u00f3 esta proporci\u00f3n fue en enero de 2022, con un 38%, fecha en que se conoci\u00f3 el resultado del balotaje de las elecciones presidenciales que dieron por ganador a Gabriel Boric. &nbsp;<\/p>\n\n\n\n<p>\u201cEste mes observamos una interesante dualidad en la percepci\u00f3n ciudadana. Por un lado, vemos se\u00f1ales econ\u00f3micas positivas que se reflejan en una menor preocupaci\u00f3n por la inflaci\u00f3n y una mejor evaluaci\u00f3n de la econom\u00eda. Sin embargo, por otro lado, la inquietud por el desempleo no solo persiste, sino que alcanza su punto m\u00e1s alto en casi cinco a\u00f1os. Esto sugiere que, si bien se percibe un alivio en el bolsillo, las preocupaciones m\u00e1s estructurales ligadas a la estabilidad laboral siguen arraigadas en el sentir de los chilenos\u201d, comenta Salles. &nbsp;<\/p>\n\n\n\n<p><strong>Gr\u00e1ficos del mes<\/strong><\/p>\n\n\n\n<p><\/p>\n\n\n\n<p><\/p>\n\n\n\n<figure class=\"wp-block-image size-full\"><img loading=\"lazy\" decoding=\"async\" width=\"941\" height=\"528\" src=\"https:\/\/www.rengoenlanoticia.cl\/prensa\/wp-content\/uploads\/2025\/09\/image-1.png\" alt=\"\" class=\"wp-image-5685\" srcset=\"https:\/\/www.rengoenlanoticia.cl\/prensa\/wp-content\/uploads\/2025\/09\/image-1.png 941w, https:\/\/www.rengoenlanoticia.cl\/prensa\/wp-content\/uploads\/2025\/09\/image-1-300x168.png 300w, https:\/\/www.rengoenlanoticia.cl\/prensa\/wp-content\/uploads\/2025\/09\/image-1-768x431.png 768w, https:\/\/www.rengoenlanoticia.cl\/prensa\/wp-content\/uploads\/2025\/09\/image-1-110x62.png 110w, https:\/\/www.rengoenlanoticia.cl\/prensa\/wp-content\/uploads\/2025\/09\/image-1-200x112.png 200w, https:\/\/www.rengoenlanoticia.cl\/prensa\/wp-content\/uploads\/2025\/09\/image-1-380x213.png 380w, https:\/\/www.rengoenlanoticia.cl\/prensa\/wp-content\/uploads\/2025\/09\/image-1-255x143.png 255w, https:\/\/www.rengoenlanoticia.cl\/prensa\/wp-content\/uploads\/2025\/09\/image-1-550x309.png 550w, https:\/\/www.rengoenlanoticia.cl\/prensa\/wp-content\/uploads\/2025\/09\/image-1-800x449.png 800w\" sizes=\"auto, (max-width: 941px) 100vw, 941px\" \/><\/figure>\n\n\n\n<figure class=\"wp-block-image size-full\"><img loading=\"lazy\" decoding=\"async\" width=\"941\" height=\"528\" src=\"https:\/\/www.rengoenlanoticia.cl\/prensa\/wp-content\/uploads\/2025\/09\/image.png\" alt=\"\" class=\"wp-image-5684\" srcset=\"https:\/\/www.rengoenlanoticia.cl\/prensa\/wp-content\/uploads\/2025\/09\/image.png 941w, https:\/\/www.rengoenlanoticia.cl\/prensa\/wp-content\/uploads\/2025\/09\/image-300x168.png 300w, https:\/\/www.rengoenlanoticia.cl\/prensa\/wp-content\/uploads\/2025\/09\/image-768x431.png 768w, https:\/\/www.rengoenlanoticia.cl\/prensa\/wp-content\/uploads\/2025\/09\/image-110x62.png 110w, https:\/\/www.rengoenlanoticia.cl\/prensa\/wp-content\/uploads\/2025\/09\/image-200x112.png 200w, https:\/\/www.rengoenlanoticia.cl\/prensa\/wp-content\/uploads\/2025\/09\/image-380x213.png 380w, https:\/\/www.rengoenlanoticia.cl\/prensa\/wp-content\/uploads\/2025\/09\/image-255x143.png 255w, https:\/\/www.rengoenlanoticia.cl\/prensa\/wp-content\/uploads\/2025\/09\/image-550x309.png 550w, https:\/\/www.rengoenlanoticia.cl\/prensa\/wp-content\/uploads\/2025\/09\/image-800x449.png 800w\" sizes=\"auto, (max-width: 941px) 100vw, 941px\" \/><\/figure>\n","protected":false},"excerpt":{"rendered":"Adem\u00e1s, un 35% de los encuestados ve con optimismo la situaci\u00f3n econ\u00f3mica, lo que representa un aumento de&hellip;\n","protected":false},"author":1,"featured_media":5687,"comment_status":"open","ping_status":"open","sticky":false,"template":"","format":"standard","meta":{"_monsterinsights_skip_tracking":false,"_monsterinsights_sitenote_active":false,"_monsterinsights_sitenote_note":"","_monsterinsights_sitenote_category":0,"footnotes":""},"categories":[8],"tags":[],"class_list":{"0":"post-5683","1":"post","2":"type-post","3":"status-publish","4":"format-standard","5":"has-post-thumbnail","7":"category-portada"},"aioseo_notices":[],"_links":{"self":[{"href":"https:\/\/www.rengoenlanoticia.cl\/prensa\/wp-json\/wp\/v2\/posts\/5683","targetHints":{"allow":["GET"]}}],"collection":[{"href":"https:\/\/www.rengoenlanoticia.cl\/prensa\/wp-json\/wp\/v2\/posts"}],"about":[{"href":"https:\/\/www.rengoenlanoticia.cl\/prensa\/wp-json\/wp\/v2\/types\/post"}],"author":[{"embeddable":true,"href":"https:\/\/www.rengoenlanoticia.cl\/prensa\/wp-json\/wp\/v2\/users\/1"}],"replies":[{"embeddable":true,"href":"https:\/\/www.rengoenlanoticia.cl\/prensa\/wp-json\/wp\/v2\/comments?post=5683"}],"version-history":[{"count":3,"href":"https:\/\/www.rengoenlanoticia.cl\/prensa\/wp-json\/wp\/v2\/posts\/5683\/revisions"}],"predecessor-version":[{"id":5690,"href":"https:\/\/www.rengoenlanoticia.cl\/prensa\/wp-json\/wp\/v2\/posts\/5683\/revisions\/5690"}],"wp:featuredmedia":[{"embeddable":true,"href":"https:\/\/www.rengoenlanoticia.cl\/prensa\/wp-json\/wp\/v2\/media\/5687"}],"wp:attachment":[{"href":"https:\/\/www.rengoenlanoticia.cl\/prensa\/wp-json\/wp\/v2\/media?parent=5683"}],"wp:term":[{"taxonomy":"category","embeddable":true,"href":"https:\/\/www.rengoenlanoticia.cl\/prensa\/wp-json\/wp\/v2\/categories?post=5683"},{"taxonomy":"post_tag","embeddable":true,"href":"https:\/\/www.rengoenlanoticia.cl\/prensa\/wp-json\/wp\/v2\/tags?post=5683"}],"curies":[{"name":"wp","href":"https:\/\/api.w.org\/{rel}","templated":true}]}}