{"id":5677,"date":"2025-09-01T19:45:44","date_gmt":"2025-09-01T19:45:44","guid":{"rendered":"https:\/\/www.rengoenlanoticia.cl\/prensa\/?p=5677"},"modified":"2025-09-01T19:51:39","modified_gmt":"2025-09-01T19:51:39","slug":"diputada-romero-destaca-aumento-de-la-pgu-a-250-mil-desde-hoy-se-empezaran-a-ver-los-beneficios-de-la-reforma-de-pensiones-que-aprobamos","status":"publish","type":"post","link":"https:\/\/www.rengoenlanoticia.cl\/prensa\/2025\/09\/01\/diputada-romero-destaca-aumento-de-la-pgu-a-250-mil-desde-hoy-se-empezaran-a-ver-los-beneficios-de-la-reforma-de-pensiones-que-aprobamos\/","title":{"rendered":"Diputada Romero destaca aumento de la PGU a $250 mil: \u201cDesde hoy se empezar\u00e1n a ver los beneficios de la Reforma de Pensiones que aprobamos\u201d"},"content":{"rendered":"\n<p><em>La representante de O\u2019Higgins reafirm\u00f3 la importancia de haber llegado a un acuerdo, que permitir\u00e1 mejorar las jubilaciones de casi tres millones de adultos mayores en el corto plazo.<\/em><\/p>\n\n\n\n<p>La diputada por el Distrito 15 de la Regi\u00f3n de O\u2019Higgins y candidata a la reelecci\u00f3n, Natalia Romero (Ind. UDI), destac\u00f3 el aumento a $250 mil pesos de la Pensi\u00f3n Garantizada Universal (PGU) que a contar de este mes recibir\u00e1n los mayores de 82 a\u00f1os, como parte de una de las principales medidas que se impuls\u00f3 durante la discusi\u00f3n de la Reforma de Pensiones, que fue aprobada a fines de enero.<\/p>\n\n\n\n<p>Al respecto, la parlamentaria independiente record\u00f3 que fue una de las legisladoras que respald\u00f3 el acuerdo alcanzado entre el Congreso y el Gobierno a principios de este a\u00f1o, que beneficiar\u00e1 a casi tres millones de chilenos en el corto plazo, mejorando tanto las actuales como las futuras pensiones.<\/p>\n\n\n\n<p>En ese sentido, Romero explic\u00f3 que desde este mes -tal como lo aprobaron en el Parlamento- la PGU aumentar\u00e1 a $250.000 para los pensionados sobre 82 a\u00f1os. En septiembre de 2026, en tanto, el alza llegar\u00e1 a los mayores de 75 a\u00f1os, mientras que un a\u00f1o despu\u00e9s incluir\u00e1 al resto de los beneficiarios.<\/p>\n\n\n\n<p>Pero adem\u00e1s, la representante de O\u2019Higgins mencion\u00f3 que a partir de enero del pr\u00f3ximo a\u00f1o tambi\u00e9n se iniciar\u00e1 el pago de los beneficios asociados al Seguro Social Previsional, que no s\u00f3lo permitir\u00e1 incrementar las actuales y futuras pensiones, sino que tambi\u00e9n corregir las hist\u00f3ricas desigualdades que han afectado a las mujeres, aumentando adicionalmente las jubilaciones de ellas.<\/p>\n\n\n\n<p>\u201cDespu\u00e9s de mucha espera, por fin podemos decir que a contar de hoy se empezar\u00e1n a ver todos los beneficios asociados a la Reforma de Pensiones que aprobamos a principios de este a\u00f1o. Es verdad que la discusi\u00f3n de este proyecto gener\u00f3 harta discusi\u00f3n en la ciudadan\u00eda, pero finalmente logramos sacar adelante un acuerdo que en el corto plazo favorecer\u00e1 a cerca de tres millones de adultos mayores y a futuro permitir\u00e1 mejorar las pensiones de todos los chilenos, que es lo \u00fanico que deber\u00eda importarnos\u201d, se\u00f1al\u00f3 la legisladora, quien agreg\u00f3 que \u201calgunos cre\u00edan que los efectos de esta reforma nunca iban a llegar, pero hoy vemos que los resultados ya comienzan a concretarse, con pagos efectivos y beneficios reales que mejorar\u00e1n la vida de muchos adultos mayores del pa\u00eds\u201d.<\/p>\n\n\n\n<p>En cuanto a los otros detalles, la diputada Romero valor\u00f3 que finalmente toda la cotizaci\u00f3n a los fondos de pensiones -la que aportan los trabajadores (10%) y la de los empleadores (8,5%), as\u00ed como la que en un principio ir\u00e1 al Seguro Social- terminar\u00e1 en las cuentas individuales de los trabajadores.<\/p>\n\n\n\n<p>Lo anterior, de acuerdo a distintas estimaciones, permitir\u00e1 que las mujeres aumenten en casi $200 mil su pensi\u00f3n y los hombres en cerca de $140 mil, gracias a que en la misma reforma tambi\u00e9n se aprob\u00f3 un beneficio extra por los a\u00f1os de cotizaci\u00f3n. Este incremento, explic\u00f3 la representante del Distrito 15, no considera el ahorro adicional que tendr\u00e1 un trabajador al subir la cotizaci\u00f3n a 18,5%.<\/p>\n\n\n\n<p>\u201cTodos estos beneficios, que se empezar\u00e1n a ver a contar de hoy, nos demuestran que con di\u00e1logo y mucho compromiso s\u00ed es posible avanzar en reformas significativas que generen un impacto real en las personas. Hoy son los adultos mayores y los futuros pensionados quienes se ven beneficiados, pero el d\u00eda de ma\u00f1ana pueden ser todos los chilenos los que vean mejorada su calidad de vida si es que la pol\u00edtica es capaz de llegar a acuerdos como lo hizo ac\u00e1\u201d, reiter\u00f3 la diputada Natalia Romero.<\/p>\n","protected":false},"excerpt":{"rendered":"La representante de O\u2019Higgins reafirm\u00f3 la importancia de haber llegado a un acuerdo, que permitir\u00e1 mejorar las jubilaciones&hellip;\n","protected":false},"author":1,"featured_media":5678,"comment_status":"open","ping_status":"open","sticky":false,"template":"","format":"standard","meta":{"_monsterinsights_skip_tracking":false,"_monsterinsights_sitenote_active":false,"_monsterinsights_sitenote_note":"","_monsterinsights_sitenote_category":0,"footnotes":""},"categories":[11,8],"tags":[],"class_list":{"0":"post-5677","1":"post","2":"type-post","3":"status-publish","4":"format-standard","5":"has-post-thumbnail","7":"category-politica","8":"category-portada"},"aioseo_notices":[],"_links":{"self":[{"href":"https:\/\/www.rengoenlanoticia.cl\/prensa\/wp-json\/wp\/v2\/posts\/5677","targetHints":{"allow":["GET"]}}],"collection":[{"href":"https:\/\/www.rengoenlanoticia.cl\/prensa\/wp-json\/wp\/v2\/posts"}],"about":[{"href":"https:\/\/www.rengoenlanoticia.cl\/prensa\/wp-json\/wp\/v2\/types\/post"}],"author":[{"embeddable":true,"href":"https:\/\/www.rengoenlanoticia.cl\/prensa\/wp-json\/wp\/v2\/users\/1"}],"replies":[{"embeddable":true,"href":"https:\/\/www.rengoenlanoticia.cl\/prensa\/wp-json\/wp\/v2\/comments?post=5677"}],"version-history":[{"count":3,"href":"https:\/\/www.rengoenlanoticia.cl\/prensa\/wp-json\/wp\/v2\/posts\/5677\/revisions"}],"predecessor-version":[{"id":5682,"href":"https:\/\/www.rengoenlanoticia.cl\/prensa\/wp-json\/wp\/v2\/posts\/5677\/revisions\/5682"}],"wp:featuredmedia":[{"embeddable":true,"href":"https:\/\/www.rengoenlanoticia.cl\/prensa\/wp-json\/wp\/v2\/media\/5678"}],"wp:attachment":[{"href":"https:\/\/www.rengoenlanoticia.cl\/prensa\/wp-json\/wp\/v2\/media?parent=5677"}],"wp:term":[{"taxonomy":"category","embeddable":true,"href":"https:\/\/www.rengoenlanoticia.cl\/prensa\/wp-json\/wp\/v2\/categories?post=5677"},{"taxonomy":"post_tag","embeddable":true,"href":"https:\/\/www.rengoenlanoticia.cl\/prensa\/wp-json\/wp\/v2\/tags?post=5677"}],"curies":[{"name":"wp","href":"https:\/\/api.w.org\/{rel}","templated":true}]}}