{"id":5672,"date":"2025-09-01T07:00:32","date_gmt":"2025-09-01T07:00:32","guid":{"rendered":"https:\/\/www.rengoenlanoticia.cl\/prensa\/?p=5672"},"modified":"2025-09-01T19:50:13","modified_gmt":"2025-09-01T19:50:13","slug":"feliz-cumpleanos-a-nuestro-querido-amigo-sebastian-pardo-villaseca","status":"publish","type":"post","link":"https:\/\/www.rengoenlanoticia.cl\/prensa\/2025\/09\/01\/feliz-cumpleanos-a-nuestro-querido-amigo-sebastian-pardo-villaseca\/","title":{"rendered":"\u00a1Feliz cumplea\u00f1os! a nuestro querido amigo Sebasti\u00e1n Pardo Villaseca"},"content":{"rendered":"\n<p>Hoy celebramos 1 de septiembre la vida de un joven talento que ha sabido conquistar los micr\u00f3fonos y las redes sociales, con carisma, frescura y pasi\u00f3n. \u00a1Feliz cumplea\u00f1os a Sebasti\u00e1n Alejandro Pardo Villaseca, conductor de radio y generador de contenido que inspira a nuevas generaciones con su energ\u00eda y autenticidad!<\/p>\n\n\n\n<p>Que este nuevo a\u00f1o de vida, te traiga a\u00fan m\u00e1s \u00e9xitos, mucha fuerza en tu nuevos proyectos laboral y muchas alegr\u00edas. Gracias por compartir tu voz, tus ideas y tu buena vibra con todos nosotros. <\/p>\n\n\n\n<p>\u00a1A seguir brillando en cada frecuencia y en cada historia que compartes!<\/p>\n\n\n\n<p>Tus amigos de www.rengoenlanoticia.cl<\/p>\n\n\n\n<figure class=\"wp-block-image size-large\"><img loading=\"lazy\" decoding=\"async\" width=\"1024\" height=\"1024\" src=\"https:\/\/www.rengoenlanoticia.cl\/prensa\/wp-content\/uploads\/2025\/09\/497725742_649260004776013_3657196859837209290_n-1024x1024.jpg\" alt=\"\" class=\"wp-image-5674\" srcset=\"https:\/\/www.rengoenlanoticia.cl\/prensa\/wp-content\/uploads\/2025\/09\/497725742_649260004776013_3657196859837209290_n-1024x1024.jpg 1024w, https:\/\/www.rengoenlanoticia.cl\/prensa\/wp-content\/uploads\/2025\/09\/497725742_649260004776013_3657196859837209290_n-300x300.jpg 300w, https:\/\/www.rengoenlanoticia.cl\/prensa\/wp-content\/uploads\/2025\/09\/497725742_649260004776013_3657196859837209290_n-150x150.jpg 150w, https:\/\/www.rengoenlanoticia.cl\/prensa\/wp-content\/uploads\/2025\/09\/497725742_649260004776013_3657196859837209290_n-768x768.jpg 768w, https:\/\/www.rengoenlanoticia.cl\/prensa\/wp-content\/uploads\/2025\/09\/497725742_649260004776013_3657196859837209290_n-1536x1536.jpg 1536w, https:\/\/www.rengoenlanoticia.cl\/prensa\/wp-content\/uploads\/2025\/09\/497725742_649260004776013_3657196859837209290_n-80x80.jpg 80w, https:\/\/www.rengoenlanoticia.cl\/prensa\/wp-content\/uploads\/2025\/09\/497725742_649260004776013_3657196859837209290_n-110x110.jpg 110w, https:\/\/www.rengoenlanoticia.cl\/prensa\/wp-content\/uploads\/2025\/09\/497725742_649260004776013_3657196859837209290_n-200x200.jpg 200w, https:\/\/www.rengoenlanoticia.cl\/prensa\/wp-content\/uploads\/2025\/09\/497725742_649260004776013_3657196859837209290_n-380x380.jpg 380w, https:\/\/www.rengoenlanoticia.cl\/prensa\/wp-content\/uploads\/2025\/09\/497725742_649260004776013_3657196859837209290_n-255x255.jpg 255w, https:\/\/www.rengoenlanoticia.cl\/prensa\/wp-content\/uploads\/2025\/09\/497725742_649260004776013_3657196859837209290_n-550x550.jpg 550w, https:\/\/www.rengoenlanoticia.cl\/prensa\/wp-content\/uploads\/2025\/09\/497725742_649260004776013_3657196859837209290_n-800x800.jpg 800w, https:\/\/www.rengoenlanoticia.cl\/prensa\/wp-content\/uploads\/2025\/09\/497725742_649260004776013_3657196859837209290_n-1160x1161.jpg 1160w, https:\/\/www.rengoenlanoticia.cl\/prensa\/wp-content\/uploads\/2025\/09\/497725742_649260004776013_3657196859837209290_n.jpg 1848w\" sizes=\"auto, (max-width: 1024px) 100vw, 1024px\" \/><\/figure>\n","protected":false},"excerpt":{"rendered":"Hoy celebramos 1 de septiembre la vida de un joven talento que ha sabido conquistar los micr\u00f3fonos y&hellip;\n","protected":false},"author":2,"featured_media":5673,"comment_status":"open","ping_status":"open","sticky":false,"template":"","format":"standard","meta":{"_monsterinsights_skip_tracking":false,"_monsterinsights_sitenote_active":false,"_monsterinsights_sitenote_note":"","_monsterinsights_sitenote_category":0,"footnotes":""},"categories":[8],"tags":[],"class_list":{"0":"post-5672","1":"post","2":"type-post","3":"status-publish","4":"format-standard","5":"has-post-thumbnail","7":"category-portada"},"aioseo_notices":[],"_links":{"self":[{"href":"https:\/\/www.rengoenlanoticia.cl\/prensa\/wp-json\/wp\/v2\/posts\/5672","targetHints":{"allow":["GET"]}}],"collection":[{"href":"https:\/\/www.rengoenlanoticia.cl\/prensa\/wp-json\/wp\/v2\/posts"}],"about":[{"href":"https:\/\/www.rengoenlanoticia.cl\/prensa\/wp-json\/wp\/v2\/types\/post"}],"author":[{"embeddable":true,"href":"https:\/\/www.rengoenlanoticia.cl\/prensa\/wp-json\/wp\/v2\/users\/2"}],"replies":[{"embeddable":true,"href":"https:\/\/www.rengoenlanoticia.cl\/prensa\/wp-json\/wp\/v2\/comments?post=5672"}],"version-history":[{"count":2,"href":"https:\/\/www.rengoenlanoticia.cl\/prensa\/wp-json\/wp\/v2\/posts\/5672\/revisions"}],"predecessor-version":[{"id":5676,"href":"https:\/\/www.rengoenlanoticia.cl\/prensa\/wp-json\/wp\/v2\/posts\/5672\/revisions\/5676"}],"wp:featuredmedia":[{"embeddable":true,"href":"https:\/\/www.rengoenlanoticia.cl\/prensa\/wp-json\/wp\/v2\/media\/5673"}],"wp:attachment":[{"href":"https:\/\/www.rengoenlanoticia.cl\/prensa\/wp-json\/wp\/v2\/media?parent=5672"}],"wp:term":[{"taxonomy":"category","embeddable":true,"href":"https:\/\/www.rengoenlanoticia.cl\/prensa\/wp-json\/wp\/v2\/categories?post=5672"},{"taxonomy":"post_tag","embeddable":true,"href":"https:\/\/www.rengoenlanoticia.cl\/prensa\/wp-json\/wp\/v2\/tags?post=5672"}],"curies":[{"name":"wp","href":"https:\/\/api.w.org\/{rel}","templated":true}]}}