{"id":5661,"date":"2025-09-01T03:07:40","date_gmt":"2025-09-01T03:07:40","guid":{"rendered":"https:\/\/www.rengoenlanoticia.cl\/prensa\/?p=5661"},"modified":"2025-09-01T06:56:57","modified_gmt":"2025-09-01T06:56:57","slug":"senadora-ximena-rincon-lenin-arroyo-es-el-diputado-que-necesita-rancagua-y-el-distrito-15","status":"publish","type":"post","link":"https:\/\/www.rengoenlanoticia.cl\/prensa\/2025\/09\/01\/senadora-ximena-rincon-lenin-arroyo-es-el-diputado-que-necesita-rancagua-y-el-distrito-15\/","title":{"rendered":"SENADORA XIMENA RINC\u00d3N: \u201cLENIN ARROYO ES EL DIPUTADO QUE NECESITA RANCAGUA Y EL DISTRITO 15\u201d"},"content":{"rendered":"\n<p>La senadora lleg\u00f3 a la comuna para apoyar la candidatura a parlamentario del destacado periodista y ex consejero regional por O\u2019Higgins.<\/p>\n\n\n\n<p>La senadora y presidenta nacional del partido dem\u00f3cratas, Ximena Rinc\u00f3n, lleg\u00f3 hasta Rancagua para brindar un fuerte espaldarazo a la candidatura a diputado por el distrito 15 del destacado periodista y ex consejero regional, Lenin Arroyo, se\u00f1alando que \u201c\u00e9l es una persona que se la ha jugado por la comunidad, con mucho terreno, siempre con las personas, y sabemos que realiza gesti\u00f3n por los vecinos y defiende sus derechos\u201d.<\/p>\n\n\n\n<p><strong>LEGISLAR Y FISCALIZAR<\/strong><\/p>\n\n\n\n<p>La parlamentaria se\u00f1al\u00f3 adem\u00e1s que la trayectoria del ex consejero regional Lenin Arroyo destaca por su fuerte rol fiscalizador.&nbsp; \u201cLenin es un servidor p\u00fablico, dedicado a la gente.&nbsp; Pero tambi\u00e9n, es un activo fiscalizador de las cosas que se hacen mal, que defiende la probidad funcionaria y el buen uso de los recursos p\u00fablicos\u201d.<\/p>\n\n\n\n<figure class=\"wp-block-image size-large\"><img loading=\"lazy\" decoding=\"async\" width=\"1024\" height=\"819\" src=\"https:\/\/www.rengoenlanoticia.cl\/prensa\/wp-content\/uploads\/2025\/09\/WhatsApp-Image-2025-08-31-at-21.27.19-1-1024x819.jpeg\" alt=\"\" class=\"wp-image-5666\" srcset=\"https:\/\/www.rengoenlanoticia.cl\/prensa\/wp-content\/uploads\/2025\/09\/WhatsApp-Image-2025-08-31-at-21.27.19-1-1024x819.jpeg 1024w, https:\/\/www.rengoenlanoticia.cl\/prensa\/wp-content\/uploads\/2025\/09\/WhatsApp-Image-2025-08-31-at-21.27.19-1-300x240.jpeg 300w, https:\/\/www.rengoenlanoticia.cl\/prensa\/wp-content\/uploads\/2025\/09\/WhatsApp-Image-2025-08-31-at-21.27.19-1-768x614.jpeg 768w, https:\/\/www.rengoenlanoticia.cl\/prensa\/wp-content\/uploads\/2025\/09\/WhatsApp-Image-2025-08-31-at-21.27.19-1-110x88.jpeg 110w, https:\/\/www.rengoenlanoticia.cl\/prensa\/wp-content\/uploads\/2025\/09\/WhatsApp-Image-2025-08-31-at-21.27.19-1-200x160.jpeg 200w, https:\/\/www.rengoenlanoticia.cl\/prensa\/wp-content\/uploads\/2025\/09\/WhatsApp-Image-2025-08-31-at-21.27.19-1-380x304.jpeg 380w, https:\/\/www.rengoenlanoticia.cl\/prensa\/wp-content\/uploads\/2025\/09\/WhatsApp-Image-2025-08-31-at-21.27.19-1-255x204.jpeg 255w, https:\/\/www.rengoenlanoticia.cl\/prensa\/wp-content\/uploads\/2025\/09\/WhatsApp-Image-2025-08-31-at-21.27.19-1-550x440.jpeg 550w, https:\/\/www.rengoenlanoticia.cl\/prensa\/wp-content\/uploads\/2025\/09\/WhatsApp-Image-2025-08-31-at-21.27.19-1-800x640.jpeg 800w, https:\/\/www.rengoenlanoticia.cl\/prensa\/wp-content\/uploads\/2025\/09\/WhatsApp-Image-2025-08-31-at-21.27.19-1.jpeg 1097w\" sizes=\"auto, (max-width: 1024px) 100vw, 1024px\" \/><\/figure>\n\n\n\n<p>Indic\u00f3 tambi\u00e9n la senadora Ximena Rinc\u00f3n que \u201cser\u00e1 un gran diputado por Rancagua y el distrito 15 y tenemos toda nuestra confianza depositada en su trabajo territorial, en todo lo que ha hecho estos a\u00f1os en las diversas comunas. Lenin Arroyo cumplir\u00e1 un rol fundamental en el congreso para legislar en beneficio de su distrito y fiscalizar a los diversos estamentos y organismos p\u00fablicos\u201d.<\/p>\n\n\n\n<p>Ambos personeros, se reunieron adem\u00e1s con el ex rostro de televisi\u00f3n Patricio Laguna, quien acompa\u00f1a en la lista al independiente Lenin Arroyo.<\/p>\n\n\n\n<p>Finalmente, la presidenta nacional del partido dem\u00f3cratas, Ximena Rinc\u00f3n, formul\u00f3 un llamado a la comunidad a \u201celegir a sus representantes locales, a los que est\u00e1n d\u00eda a d\u00eda junto a los vecinos preocupados de sus problem\u00e1ticas.&nbsp; En eso Lenin Arroyo destaca por estar todos los d\u00edas con la comunidad\u201d.<\/p>\n","protected":false},"excerpt":{"rendered":"La senadora lleg\u00f3 a la comuna para apoyar la candidatura a parlamentario del destacado periodista y ex consejero&hellip;\n","protected":false},"author":1,"featured_media":5667,"comment_status":"open","ping_status":"open","sticky":false,"template":"","format":"standard","meta":{"_monsterinsights_skip_tracking":false,"_monsterinsights_sitenote_active":false,"_monsterinsights_sitenote_note":"","_monsterinsights_sitenote_category":0,"footnotes":""},"categories":[11,8],"tags":[],"class_list":{"0":"post-5661","1":"post","2":"type-post","3":"status-publish","4":"format-standard","5":"has-post-thumbnail","7":"category-politica","8":"category-portada"},"aioseo_notices":[],"_links":{"self":[{"href":"https:\/\/www.rengoenlanoticia.cl\/prensa\/wp-json\/wp\/v2\/posts\/5661","targetHints":{"allow":["GET"]}}],"collection":[{"href":"https:\/\/www.rengoenlanoticia.cl\/prensa\/wp-json\/wp\/v2\/posts"}],"about":[{"href":"https:\/\/www.rengoenlanoticia.cl\/prensa\/wp-json\/wp\/v2\/types\/post"}],"author":[{"embeddable":true,"href":"https:\/\/www.rengoenlanoticia.cl\/prensa\/wp-json\/wp\/v2\/users\/1"}],"replies":[{"embeddable":true,"href":"https:\/\/www.rengoenlanoticia.cl\/prensa\/wp-json\/wp\/v2\/comments?post=5661"}],"version-history":[{"count":3,"href":"https:\/\/www.rengoenlanoticia.cl\/prensa\/wp-json\/wp\/v2\/posts\/5661\/revisions"}],"predecessor-version":[{"id":5670,"href":"https:\/\/www.rengoenlanoticia.cl\/prensa\/wp-json\/wp\/v2\/posts\/5661\/revisions\/5670"}],"wp:featuredmedia":[{"embeddable":true,"href":"https:\/\/www.rengoenlanoticia.cl\/prensa\/wp-json\/wp\/v2\/media\/5667"}],"wp:attachment":[{"href":"https:\/\/www.rengoenlanoticia.cl\/prensa\/wp-json\/wp\/v2\/media?parent=5661"}],"wp:term":[{"taxonomy":"category","embeddable":true,"href":"https:\/\/www.rengoenlanoticia.cl\/prensa\/wp-json\/wp\/v2\/categories?post=5661"},{"taxonomy":"post_tag","embeddable":true,"href":"https:\/\/www.rengoenlanoticia.cl\/prensa\/wp-json\/wp\/v2\/tags?post=5661"}],"curies":[{"name":"wp","href":"https:\/\/api.w.org\/{rel}","templated":true}]}}